{"id":448241,"date":"2026-03-15T12:28:13","date_gmt":"2026-03-15T12:28:13","guid":{"rendered":"https:\/\/www.europesays.com\/es\/448241\/"},"modified":"2026-03-15T12:28:13","modified_gmt":"2026-03-15T12:28:13","slug":"un-documental-rescata-la-historia-del-onubense-que-salva-vidas-en-el-mar-donde-fue-naufrago","status":"publish","type":"post","link":"https:\/\/www.europesays.com\/es\/448241\/","title":{"rendered":"Un documental rescata la historia del onubense que salva vidas en el mar donde fue n\u00e1ufrago"},"content":{"rendered":"<p style=\"\">Hace 28 a\u00f1os estuvo 28 horas a la deriva en el mar sin saber si iba a poder contar lo que hab\u00eda vivido. Un<strong> tr\u00e1gico naufragio<\/strong> en alta mar a bordo de un pesquero le marc\u00f3 para siempre. Pero esa experiencia l\u00edmite tan  &#8230; traum\u00e1tica la transform\u00f3 en un servicio de auxilio hacia los dem\u00e1s al convertirse en miembro de Salvamento Mar\u00edtimo. Ahora, como parte de a tripulaci\u00f3n del Salvamar Vela, buque de Salvamento Mar\u00edtimo con base en Mazag\u00f3n, es un h\u00e9roe an\u00f3nimo que rescata a otras personas de la soledad e incertidumbre del oc\u00e9ano del mismo modo que \u00e9l fue salvado entonces. <\/p>\n<p class=\"v-d-p\" style=\"\">Esta historia real tiene el rostro y la voz de<strong> Jos\u00e9 Antonio Hern\u00e1nde<\/strong>z, un vecino de<strong> Mazag\u00f3n (Huelva)<\/strong> que da testimonio de una vida anterior y una presente que forma parte del cortometraje &#8216;Tiempo Prestado&#8217;. Lo ha rodado el cineasta onubense Paco Ortiz, amigo del protagonista,<strong> &#8216;Neno&#8217;,<\/strong> como le llama desde que siendo adolescentes jugaban en sus playas. Ahora que su vida es contar historias en documentales, como las de tantos artistas andaluces ilustres, pone el foco en alguien que merece el mismo reconocimiento o m\u00e1s.<\/p>\n<p class=\"v-d-p\" style=\"\">\u00abMe gusta contar este tipo de historias porque pueden ser un ejemplo. Es <strong>muy inspirador para todos.<\/strong> De una experiencia as\u00ed ha logrado sacar algo bueno\u00bb, destaca a Huelva24 Ortiz, que subraya se trata de un acontecimiento que conoce desde que sucedi\u00f3, \u00abreal\u00bb y que como muchas veces se dice \u00absupera a la ficci\u00f3n\u00bb. A\u00f1ade que \u00abalrededor siempre pasan cosas extraordinarias\u00bb y que \u00abno hay que irse tan lejos para encontrar historias interesantes\u00bb.<\/p>\n<ul class=\"v-cmp-rld__u\">\n<li class=\"v-cmp-rld__l\">\n<p><a class=\"v-a-lnk\" href=\"https:\/\/www.huelva24.com\/cultura\/paco-ortiz-director-antonio-bailarin-espana-rosalia-20251117164902-nth.html#vtm_modulosEngag=noticiasrelacionadas-cmp-uno:cultura:noticia:1\" title=\"Un documental rescata la historia del onubense que hoy salva vidas en el mismo mar donde fue n\u00e1ufrago\" data-voc-vtm-id=\"in-text-traffic\" rel=\"nofollow noopener\" target=\"_blank\"><br \/>\n<img decoding=\"async\" loading=\"lazy\" src=\"https:\/\/www.europesays.com\/es\/wp-content\/uploads\/2026\/03\/paco-ortiz-U51144231161CUW-258x180@huelva24.jpg\" class=\"v-a-img\" width=\"258\" height=\"180\" alt=\"Un documental rescata la historia del onubense que hoy salva vidas en el mismo mar donde fue n\u00e1ufrago\"\/><br \/>\n<\/a><\/p>\n<\/li>\n<\/ul>\n<p class=\"v-d-p\" style=\"\">Jos\u00e9 Antonio era en 1998 un <strong>mec\u00e1nico de 20 a\u00f1os<\/strong> embarcado en el pesquero Peixe del Mar 7 junto a otros 13 tripulantes. S\u00f3lo sobrevivieron cuatro. Una fuga de agua caus\u00f3 que la embarcaci\u00f3n diera la vuelta, un giro en el que una mayor\u00eda de los ocupantes<strong> falleci\u00f3 instant\u00e1neamente.<\/strong> No fue el caso del protagonista de la historia. En mitad de la noche, con todo lo conocido en el interior del barco del rev\u00e9s, a oscuras en una burbuja de aire que se acababa, tuvo que encontrar una salida para salvar su vida. <\/p>\n<p>\n\u00abEl relato es estremecedor\u00bb\n<\/p>\n<p class=\"v-d-p\" style=\"\">\u00abConoce el barco pero est\u00e1 desorientado y es de noche, no ve nada, no sabe por donde salir\u00bb, describe Ortiz sobre la situaci\u00f3n, de la que escapa conteniendo la respiraci\u00f3n mientras recorr\u00eda pasillos y escaleras. Finalmente, logr\u00f3 salir a la superficie con otros cuatro compa\u00f1eros, con los que se queda sobre<strong> el casco del barco invertido<\/strong>. Uno de ellos muere, el resto est\u00e1 condenado a una espera de 28 horas sin comida ni agua, con la esperanza diluy\u00e9ndose en el mar, donde acab\u00f3 hundi\u00e9ndose el pesquero. Volvi\u00f3 a hacerse la noche y se quedaron aferrados a unos<strong> salvavidas<\/strong> hasta que finalmente fueron rescatados cerca de Agadir (Marruecos). \u00abEl relato es estremecedor\u00bb, sentencia el cineasta onubense.<\/p>\n<p class=\"v-a-t\">\n\u00abLo normal es que una experiencia as\u00ed te haga huir y no acercarte m\u00e1s al agua\u00bb\n<\/p>\n<p class=\"v-pst__p\">Paco Ortiz<\/p>\n<p class=\"v-pst__j\">Director del cortometraje documental &#8216;Tiempo prestado&#8217;<\/p>\n<p class=\"v-d-p\" style=\"\">A pesar de vivir todo eso, regres\u00f3 pronto al mar, en menos de un par de a\u00f1os, como parte de Salvamento Mar\u00edtimo, para estar en el otro lado de la historia y ofrecer con la<strong> m\u00e1xima empat\u00eda<\/strong> un auxilio vital. Fue su segundo giro entre olas. \u00abSu familia siempre ha estado vinculada al mar. Sus abuelos, padres y hermanos. Lo normal es que una experiencia as\u00ed te haga huir y no acercarte m\u00e1s al agua, como quien ha tenido una mala experiencia en un avi\u00f3n y decide no subirse nunca m\u00e1s. Pero \u00e9l no. Transform\u00f3 una experiencia negativa en algo positivo, <strong>su vocaci\u00f3n<\/strong> por salvar a los dem\u00e1s\u00bb, explica Ortiz.<\/p>\n<p class=\"v-d-p\" style=\"\">El cineasta explica que el cortometraje documental se llama &#8216;Tiempo prestado&#8217; porque la vida le ha dado <strong>\u00abuna segunda oportunidad\u00bb<\/strong> a partir del suceso en el que podr\u00eda haber muerto. \u00ab\u00c9l decide qu\u00e9 hacer con ese tiempo prestado y es rescatar a personas que han pasado por sus mismas circunstancias\u00bb, valora. <\/p>\n<p class=\"v-d-p\" style=\"\">En este trabajo audiovisual se va a contar c\u00f3mo es la profesi\u00f3n actual del protagonista como marinero a bordo de una embarcaci\u00f3n de salvamento, en la que curiosamente <strong>su hermano es el patr\u00f3n<\/strong>. A partir de ah\u00ed, \u00e9l recuerda c\u00f3mo fue su accidente y el camino hasta este destino.<\/p>\n<p class=\"v-d-p\" style=\"\">Ortiz concluye que a la hora de desempe\u00f1ar esta profesi\u00f3n<strong> \u00absu grado de empat\u00eda<\/strong> es mucho m\u00e1s alto que el de cualquiera, porque conoce perfectamente el estado en el que se encuentra alguien que ha vivido esa situaci\u00f3n\u00bb. <\/p>\n<p class=\"v-d-p\" style=\"\">Vuelve a vivir de alg\u00fan modo esa<strong> angustia<\/strong> y ese dolor con cada rescate, pese a que sean situaciones diferentes. Ya sea un velero a la deriva, alguien que se alej\u00f3 demasiado haciendo windsurf o una patera con inmigrantes parece \u00abinevitable que ante una llamada para un rescate de estas caracter\u00edsticas la piel se le erice un poco\u00bb. <\/p>\n<p>\n\u00abSe rescata a s\u00ed mismo constantemente\u00bb\n<\/p>\n<p class=\"v-d-p\" style=\"\">Opina que \u00abal revivir los acontecimientos que le pasaron y actuar ahora con otros, de alguna manera \u00e9l se est\u00e1 rescatando a s\u00ed mismo, borrando ese miedo y convirti\u00e9ndolo en un impulso, una fuerza. Se rescata a si mismo constantemente en este tipo de circunstancias\u00bb.<\/p>\n<p class=\"v-d-p\" style=\"\">El amigo del protagonista lo define como \u00abuna persona t\u00edmida y tranquila, de las que hacen m\u00e1s que hablan, que guarda por dentro ese ejemplo de <strong>superaci\u00f3n y de valores<\/strong>, de generosidad y servicio a los dem\u00e1s, de empat\u00eda. En una situaci\u00f3n l\u00edmite seguro que no duda a la hora de saltar\u00bb, expresa. Refleja tambi\u00e9n c\u00f3mo mientras muchos eligen su profesi\u00f3n por condiciones laborales u otros motivos, en este caso sobresale \u00abel servicio a los dem\u00e1s\u00bb. En esta misi\u00f3n \u00aba veces lo m\u00e1s importante que tienen que hacer es dar un abrazo y dar apoyo psicol\u00f3gico, porque tampoco son m\u00e9dicos pero en ese momento lo son todo para los rescatados\u00bb, considera.<\/p>\n<p class=\"v-d-p\" style=\"\">El rodaje se ha realizado en alta mar, en la playa y las calles de Mazag\u00f3n, en el h\u00e1bitat del protagonista, pulsando el sentir de su familia, sus amigos y su tripulaci\u00f3n. Ha contado con el trabajo de<strong> Santi Cayuela,<\/strong> un profesional que aprecia especialmente Ortiz. \u00abEs buen\u00edsimo, con un gran gusto y valoro que una historia de Huelva me ha dado la oportunidad de poder contar con \u00e9l en unos d\u00edas de rodaje buen\u00edsimos\u00bb. <\/p>\n<p class=\"v-d-p\" style=\"\">Ahora quedan por delante meses en los que dar forma al relato audiovisual, hacer un trabajo intenso de<strong> posproducci\u00f3n y montaje,<\/strong> en el que va a cobrar protagonismo el sonido del mar e im\u00e1genes muy potentes. Paco Ortiz no esconde que una obra de estas caracter\u00edsticas quiere que se estrene en Huelva y que el Festival de Cine Iberoamericano, en el que recientemente ha cosechado \u00e9xitos, ser\u00eda un lugar \u00abmagn\u00edfico\u00bb para cortometraje \u00abonubense por todos sus poros\u00bb.<\/p>\n","protected":false},"excerpt":{"rendered":"Hace 28 a\u00f1os estuvo 28 horas a la deriva en el mar sin saber si iba a poder&hellip;\n","protected":false},"author":2,"featured_media":448242,"comment_status":"","ping_status":"","sticky":false,"template":"","format":"standard","meta":{"footnotes":""},"categories":[169],"tags":[177,6084,146,147,25,24,176,448,195,175,73638,41586,6964,10439,23,12210],"class_list":["post-448241","post","type-post","status-publish","format-standard","has-post-thumbnail","category-cine","tag-cine","tag-documental","tag-entertainment","tag-entretenimiento","tag-es","tag-espana","tag-film","tag-historia","tag-mar","tag-movies","tag-naufrago","tag-onubense","tag-rescata","tag-salva","tag-spain","tag-vidas"],"share_on_mastodon":{"url":"https:\/\/pubeurope.com\/@es\/116233195196393999","error":""},"_links":{"self":[{"href":"https:\/\/www.europesays.com\/es\/wp-json\/wp\/v2\/posts\/448241","targetHints":{"allow":["GET"]}}],"collection":[{"href":"https:\/\/www.europesays.com\/es\/wp-json\/wp\/v2\/posts"}],"about":[{"href":"https:\/\/www.europesays.com\/es\/wp-json\/wp\/v2\/types\/post"}],"author":[{"embeddable":true,"href":"https:\/\/www.europesays.com\/es\/wp-json\/wp\/v2\/users\/2"}],"replies":[{"embeddable":true,"href":"https:\/\/www.europesays.com\/es\/wp-json\/wp\/v2\/comments?post=448241"}],"version-history":[{"count":0,"href":"https:\/\/www.europesays.com\/es\/wp-json\/wp\/v2\/posts\/448241\/revisions"}],"wp:featuredmedia":[{"embeddable":true,"href":"https:\/\/www.europesays.com\/es\/wp-json\/wp\/v2\/media\/448242"}],"wp:attachment":[{"href":"https:\/\/www.europesays.com\/es\/wp-json\/wp\/v2\/media?parent=448241"}],"wp:term":[{"taxonomy":"category","embeddable":true,"href":"https:\/\/www.europesays.com\/es\/wp-json\/wp\/v2\/categories?post=448241"},{"taxonomy":"post_tag","embeddable":true,"href":"https:\/\/www.europesays.com\/es\/wp-json\/wp\/v2\/tags?post=448241"}],"curies":[{"name":"wp","href":"https:\/\/api.w.org\/{rel}","templated":true}]}}