{"id":448384,"date":"2026-03-15T14:22:22","date_gmt":"2026-03-15T14:22:22","guid":{"rendered":"https:\/\/www.europesays.com\/es\/448384\/"},"modified":"2026-03-15T14:22:22","modified_gmt":"2026-03-15T14:22:22","slug":"la-gala-de-los-premios-dial-reune-a-los-grandes-nombres-de-la-musica-espanola-y-latina-en-su-30a-edicion-de-amaral-a-luis-fonsi-videos","status":"publish","type":"post","link":"https:\/\/www.europesays.com\/es\/448384\/","title":{"rendered":"La gala de los Premios Dial re\u00fane a los grandes nombres de la m\u00fasica espa\u00f1ola y latina en su 30\u00aa edici\u00f3n: de Amaral a Luis Fonsi | V\u00eddeos"},"content":{"rendered":"<p class=\"\"><a href=\"https:\/\/elpais.com\/television\/2026-01-22\/los-premios-dial-tenerife-anuncian-los-ganadores-en-su-30-aniversario.html\" target=\"_blank\" rel=\"nofollow noopener\" title=\"https:\/\/elpais.com\/television\/2026-01-22\/los-premios-dial-tenerife-anuncian-los-ganadores-en-su-30-aniversario.html\">Los premios Cadena Dial <\/a>han vuelto a reunir a los grandes nombres del pop espa\u00f1ol y latino en su 30\u00aa edici\u00f3n celebrada en el Recinto Ferial de Santa Cruz de Tenerife. La noche ha comenzado con las actuaciones de Sergio Dalma, seguido de Anto\u00f1ito Molina, quienes han enloquecido al p\u00fablico y han bajado para saludar y bailar con los asistentes. La sorpresa de la noche ha sido cuando M\u00f3nica Naranjo le ha entregado su premio a Antonia San Juan. La actriz que se recupera de un c\u00e1ncer se ha quedado sin palabras y se ha emocionado hasta las l\u00e1grimas. <\/p>\n<p class=\"\">Hace 30 a\u00f1os Sergio Dalma sub\u00eda al escenario en Madrid para recibir, por primera vez, el Premio Dial. Esta noche la historia se ha repetido en Tenerife y \u201cpor su trayectoria, por su voz y por su carisma\u201d el primer galard\u00f3n se lo ha llevado \u00e9l. \u201cMe hace tanta o m\u00e1s ilusi\u00f3n que el primer premio que recib\u00ed en el 96. Gracias a todo el equipo y a los que compran entradas para los conciertos, a los fans\u201d. Con \u201cno a la guerra, s\u00ed a la m\u00fasica\u201d, ha acabado su discurso. Le ha seguido Anto\u00f1ito Molina, quien ha recibido el galard\u00f3n de manos de <a href=\"https:\/\/elpais.com\/icon\/2025-02-12\/me-has-reventado-por-dentro-montoya-las-tentaciones-y-por-que-siempre-caemos-para-castigarnos-despues.html\" target=\"_blank\" rel=\"nofollow noopener\" title=\"https:\/\/elpais.com\/icon\/2025-02-12\/me-has-reventado-por-dentro-montoya-las-tentaciones-y-por-que-siempre-caemos-para-castigarnos-despues.html\">Jos\u00e9 Carlos Montoya<\/a>, el cantante y personalidad que salt\u00f3 a la fama en 2025 con el reality de La isla de las tentaciones. \u201cEs un honor estar recibiendo un premio por tercer a\u00f1o consecutivo. Se lo dedico a mi hija, que acaba de nacer hace poquito y a Andaluc\u00eda, mi tierra\u201d.<\/p>\n<p>M\u00e1s informaci\u00f3n<\/p>\n<p class=\"\">La sorpresa de la noche ha sido cuando M\u00f3nica Naranjo le entreg\u00f3 su premio a Antonia San Juan. \u201cHoy me siento muy agradecida de que una mujer como t\u00fa Antonia, me otorgue el premio\u201d.\u00bb Te debemos tanto y me alegr\u00f3 que est\u00e9s bien\u00bb, le dice Naranjo a la actriz que se recupera de un c\u00e1ncer y quien se ha emocionado hasta las l\u00e1grimas. \u201cTe lo vas a llevar a casa porque esto es para ti\u201d.<\/p>\n<p class=\"\">La gala llega marcada por una amplia lista de premiados, los artistas que han recibido un premio son: los latinos Luis Fonsi, Carlos Vives, Ezio Oliva y Kany Garc\u00eda; y los espa\u00f1oles Pablo Albor\u00e1n, Sergio Dalma, Leire Mart\u00ednez, Pablo L\u00f3pez, Amaral, Caf\u00e9 Quijano, Marta S\u00e1nchez, Nil Moliner, Funambulista, Anto\u00f1ito Molina, Depol, Antonio Jos\u00e9 y Merche. La cantante italiana Laura Pausini, tambi\u00e9n ha recibido un galard\u00f3n. Adem\u00e1s, el Premio Dial a la Trayectoria se lo han llevado Ana Torroja, Luz Casal, M\u00f3nica Naranjo y Antonio Carmona, en reconocimiento a cuatro de las carreras m\u00e1s s\u00f3lidas de la m\u00fasica en Espa\u00f1a.<\/p>\n<p class=\"\">El primero de los artistas latinos en pisar el escenario ha sido <a href=\"https:\/\/elpais.com\/us\/entretenimiento\/2024-05-30\/luis-fonsi-mas-alla-de-despacito-mi-musica-forma-parte-de-la-vida-de-las-personas.html\" target=\"_blank\" rel=\"nofollow noopener\" title=\"https:\/\/elpais.com\/us\/entretenimiento\/2024-05-30\/luis-fonsi-mas-alla-de-despacito-mi-musica-forma-parte-de-la-vida-de-las-personas.html\">el puertorrique\u00f1o Luis Fonsi<\/a>. Celebra m\u00e1s de veinticinco a\u00f1os de carrera y ha interpretado Cambiare, su \u00faltimo sencillo que estren\u00f3 el pasado 21 de enero en colaboraci\u00f3n con el colombiano Feid. Su canci\u00f3n de salsa, la primera de este g\u00e9nero en su carrera, ha puesto de pie a toda la gala. \u201cTenerife los quiero y me quedo corto. Estoy muy honrado de estar aqu\u00ed\u201d, ha dicho al recibir el premio. Una seguidora lo ha interrumpido y le ha gritado \u201cguapo\u201d a lo que \u00e9l respondi\u00f3: \u201cGuapa t\u00fa\u201d. \u201cHace 27 a\u00f1os conoc\u00ed Espa\u00f1a a trav\u00e9s de Tenerife y jam\u00e1s lo olvidar\u00e9. Los amo\u201d, concluye.<\/p>\n<p class=\"\">Ana Torroja ha sido la siguiente y ha cantado La Maleta, Cruz de Navajas, Barco a Venus y La Fuerza del Destino. Pero, el protagonismo se lo ha llevado su seguidor n\u00famero uno, quien bailaba y cantaba a todo pulm\u00f3n, hasta que finalmente subi\u00f3 al escenario. Torroja lo reconoce: \u201c\u00c9l siempre est\u00e1 ah\u00ed. Siempre est\u00e1 en todas mis presentaciones y me regala polvorones todas las Navidades. Forma parte de mi trayectoria musical como todos vosotros\u201d.<\/p>\n<p class=\"\">Este a\u00f1o han sido 21 los artistas premiados en <a href=\"https:\/\/elpais.com\/cultura\/2025-03-21\/el-gran-carnaval-de-los-premios-cadena-dial-celebra-la-musica-en-espanol.html\" target=\"_blank\" rel=\"nofollow noopener\" title=\"https:\/\/elpais.com\/cultura\/2025-03-21\/el-gran-carnaval-de-los-premios-cadena-dial-celebra-la-musica-en-espanol.html\">una gala que ha presentado, entre otros, la cantante Leire Mart\u00ednez<\/a>, repitiendo en el cargo por segundo a\u00f1o consecutivo. Adem\u00e1s de conducir el evento tambi\u00e9n ha sido una de las premiadas, reforzando su protagonismo en la celebraci\u00f3n. Mart\u00ednez ha recibido su primer Premio Dial desde que <a href=\"https:\/\/elpais.com\/cultura\/2025-04-08\/una-hora-y-media-con-leire-martinez-en-un-momento-determinado-aprendi-a-poner-limites-y-esto-no-gusto.html\" rel=\"nofollow noopener\" target=\"_blank\">inici\u00f3 su carrera en solitario<\/a> con el sencillo Mi nombre, que lanz\u00f3 en abril 2025. Esta noche ha puesto a bailar al p\u00fablico con No se me da bien odiarte, su \u00faltimo sencillo en colaboraci\u00f3n con Edurne.<\/p>\n<p class=\"\">Caf\u00e9 Quijano ha querido recibir su premio con un toque de humor: \u201cLlevamos casi 30 a\u00f1os sobre los escenarios, de hermanos llevamos algo m\u00e1s\u201d, bromean. \u201cGracias a Cadena Dial por seguir apostando por nuestra m\u00fasica\u201d. Y Merche ha interpretado Labios de rojo antes de ser galardonada. La cantante acumula ya un par de estos, pero el de esta noche \u201ces el m\u00e1s especial\u201d, dice. \u201cHa llegado en un momento muy dulce de mi carrera\u201d. \u201cGracias al p\u00fablico porque hace m\u00e1s de 24 a\u00f1os me dieron la mano y jam\u00e1s me la soltaron\u201d. <\/p>\n<p class=\"\">A la cita tampoco falt\u00f3 Pablo Albor\u00e1n, quien puso pausa a su gira y ha viajado desde Chile para recibir su premio. Con Saturno ha recordado que \u201cla m\u00fasica es un refugio, un consuelo en este momento tan raro en el que hay mucha devastaci\u00f3n y muchas noticias que nos hacen dejar de creer en la humanidad\u201d. <\/p>\n<p class=\"\">Y como la noche ha querido traer las \u00faltimas tres d\u00e9cadas al presente, Laura Pausini ha deleitado con Mi Historia Entre Tus Dedos y Por Qu\u00e9 Te Vas. La \u00abespa\u00f1ola italiana\u00bb ha querido agradecer a Cadena Dial: \u201cDesde el d\u00eda uno me han ayudado a darme a conocer en Espa\u00f1a. Tengo el coraz\u00f3n rojo y amarillo\u201d. La cantante ha puesto a gritar al p\u00fablico para celebrar el estreno, esta misma noche, de su nuevo \u00e1lbum YO CANTO 2.<\/p>\n<p class=\"\">Amaral ha emocionado a los presentes interpretando Eso que te Vuela la Cabeza. En la edici\u00f3n pasada de los premios, el grupo formado por <a href=\"https:\/\/elpais.com\/eps\/2025-05-23\/video-eva-amaral-en-los-2000-el-canon-estetico-era-de-una-delgadez-enfermiza-me-sentia-gorda-y-era-un-esqueje.html?autoplay=1\" target=\"_blank\" rel=\"nofollow noopener\" title=\"https:\/\/elpais.com\/eps\/2025-05-23\/video-eva-amaral-en-los-2000-el-canon-estetico-era-de-una-delgadez-enfermiza-me-sentia-gorda-y-era-un-esqueje.html?autoplay=1\">Eva Amaral<\/a> y Juan Aguirre, ya recibieron un galard\u00f3n y esta noche han querido repetir. \u201cHace un a\u00f1o est\u00e1bamos en el mismo lugar y ha pasado volando porque hemos recibido mucho cari\u00f1o, Gracias\u201d, dice Amaral. <\/p>\n<p class=\"\">Carlos Vives y Ezio Olivia han homenajeado el v\u00ednculo entre Espa\u00f1a y Am\u00e9rica Latina. \u201cEn Am\u00e9rica tienen a sus primos\u201d, dice Vives. \u201cYo soy hispano y todos los que hablamos espa\u00f1ol somos una familia\u201d. Oliva ha ondeado la bandera de Per\u00fa y ha recordado: \u201cNo ha sido f\u00e1cil ser el nuevo del sal\u00f3n. Espa\u00f1a para m\u00ed ha sido volver a creer en mi m\u00fasica. Es la primera vez que una bandera peruana ha recibido un premio en los 30 a\u00f1os de los premios. Per\u00fa es un pa\u00eds maravilloso y hay mucho talento\u201d, dice orgulloso de su pa\u00eds. <\/p>\n<p class=\"\"><a href=\"https:\/\/elpais.com\/gente\/2025-03-20\/la-alfombra-roja-de-los-premios-dial-en-tenerife-en-imagenes.html\" target=\"_blank\" rel=\"nofollow noopener\" title=\"https:\/\/elpais.com\/gente\/2025-03-20\/la-alfombra-roja-de-los-premios-dial-en-tenerife-en-imagenes.html\">Tenerife vuelve a convertirse en el epicentro de la m\u00fasica en espa\u00f1ol<\/a> y para celebrarlo, el grupo tinerfe\u00f1o Nueva L\u00ednea ha cerrado la gala con broche de oro poniendo en alto el nombre de la Isla con su interpretaci\u00f3n. La orquesta conformada por cuatro vocalistas y que naci\u00f3 en las verbenas de Arafo \u2015un municipio de la isla de 6.000 habitantes\u2015 se viraliz\u00f3 el pasado noviembre en Tiktok. En su perfil, en el que suman 1,2 millones de seguidores, su v\u00eddeo cantando Noche de copas de Mar\u00eda Conchita Alonso tiene m\u00e1s de 50 millones de reproducciones.<\/p>\n","protected":false},"excerpt":{"rendered":"Los premios Cadena Dial han vuelto a reunir a los grandes nombres del pop espa\u00f1ol y latino en&hellip;\n","protected":false},"author":2,"featured_media":448385,"comment_status":"","ping_status":"","sticky":false,"template":"","format":"standard","meta":{"footnotes":""},"categories":[170],"tags":[60438,93740,209,146,147,25,24,53925,36729,39889,2426,184,185,3673,58213,48805,46286,23],"class_list":["post-448384","post","type-post","status-publish","format-standard","has-post-thumbnail","category-musica","tag-cadena-dial","tag-carlos-vives","tag-cultura","tag-entertainment","tag-entretenimiento","tag-es","tag-espana","tag-laura-pausini","tag-leire-martinez","tag-luis-fonsi","tag-marta-sanchez","tag-music","tag-musica","tag-musica-en-vivo","tag-pablo-alboran","tag-santa-cruz-de-tenerife","tag-sergio-dalma","tag-spain"],"share_on_mastodon":{"url":"https:\/\/pubeurope.com\/@es\/116233643137733996","error":""},"_links":{"self":[{"href":"https:\/\/www.europesays.com\/es\/wp-json\/wp\/v2\/posts\/448384","targetHints":{"allow":["GET"]}}],"collection":[{"href":"https:\/\/www.europesays.com\/es\/wp-json\/wp\/v2\/posts"}],"about":[{"href":"https:\/\/www.europesays.com\/es\/wp-json\/wp\/v2\/types\/post"}],"author":[{"embeddable":true,"href":"https:\/\/www.europesays.com\/es\/wp-json\/wp\/v2\/users\/2"}],"replies":[{"embeddable":true,"href":"https:\/\/www.europesays.com\/es\/wp-json\/wp\/v2\/comments?post=448384"}],"version-history":[{"count":0,"href":"https:\/\/www.europesays.com\/es\/wp-json\/wp\/v2\/posts\/448384\/revisions"}],"wp:featuredmedia":[{"embeddable":true,"href":"https:\/\/www.europesays.com\/es\/wp-json\/wp\/v2\/media\/448385"}],"wp:attachment":[{"href":"https:\/\/www.europesays.com\/es\/wp-json\/wp\/v2\/media?parent=448384"}],"wp:term":[{"taxonomy":"category","embeddable":true,"href":"https:\/\/www.europesays.com\/es\/wp-json\/wp\/v2\/categories?post=448384"},{"taxonomy":"post_tag","embeddable":true,"href":"https:\/\/www.europesays.com\/es\/wp-json\/wp\/v2\/tags?post=448384"}],"curies":[{"name":"wp","href":"https:\/\/api.w.org\/{rel}","templated":true}]}}