{"id":448917,"date":"2026-03-15T22:12:11","date_gmt":"2026-03-15T22:12:11","guid":{"rendered":"https:\/\/www.europesays.com\/es\/448917\/"},"modified":"2026-03-15T22:12:11","modified_gmt":"2026-03-15T22:12:11","slug":"directo-en-directo-la-jornada-electoral-del-15-m-en-leon","status":"publish","type":"post","link":"https:\/\/www.europesays.com\/es\/448917\/","title":{"rendered":"Directo: En directo, la jornada electoral del 15-M en Le\u00f3n"},"content":{"rendered":"<p>      Ma\u00f1ueco augura una \u00abgran noche\u00bb para el PP y asume que los ciudadanos han pedido \u00abdi\u00e1logo\u00bb: \u00abHabr\u00e1 que dialogar\u00bb<\/p>\n<p class=\"v-p \">\nEl candidato del PP a la reelecci\u00f3n como presidente de la Junta, Alfonso Fern\u00e1ndez Ma\u00f1ueco, acaba de asegurar que ser\u00e1 una \u201cgran noche\u201d para el Partido Popular porque se mostr\u00f3 convencido de que van a \u201cganar\u201d las elecciones auton\u00f3micas de este domingo 15 de marzo. \u201cLos ciudadanos han dicho que di\u00e1logo, habr\u00e1 que dialogar\u201d, asever\u00f3.<\/p>\n<p class=\"v-p is-hidden\" is-hidden=\"\">\nFern\u00e1ndez Ma\u00f1ueco lleg\u00f3 este domingo sobre las 21.35 horas al Hotel Alameda Palace de Salamanca donde el PP pasar\u00e1 esta noche electoral arropado por su equipo m\u00e1s cercano, como la zamorana Isabel Blanco, directora de la campa\u00f1a electoral, as\u00ed como por su esposa e hijas. <\/p>\n<p class=\"v-p is-hidden\" is-hidden=\"\">\nDe esta forma, el presidente del PP de Castilla y Le\u00f3n asumi\u00f3 que \u201chabr\u00e1 que dialogar\u201d en esta nueva legislatura, pero reiter\u00f3 que no van pactar con el PSOE para que Castilla y Le\u00f3n siga siendo \u201cterreno libre de sanchismo\u00ab. Hasta el momento, indic\u00f3 que \u201ctodav\u00eda\u201d no le hab\u00eda llamado \u201cnadie de nadie\u201d de Vox, pero s\u00ed de G\u00e9nova. \u00bb<\/p>\n<p><img decoding=\"async\" loading=\"lazy\" src=\"https:\/\/www.europesays.com\/es\/wp-content\/uploads\/2026\/03\/69b7221cb93f51e11878723e.jpg\" class=\"voc-img\" alt=\"En directo, la jornada electoral del 15-M en Le\u00f3n\"\/><\/p>\n","protected":false},"excerpt":{"rendered":"Ma\u00f1ueco augura una \u00abgran noche\u00bb para el PP y asume que los ciudadanos han pedido \u00abdi\u00e1logo\u00bb: \u00abHabr\u00e1 que&hellip;\n","protected":false},"author":2,"featured_media":448918,"comment_status":"","ping_status":"","sticky":false,"template":"","format":"standard","meta":{"footnotes":""},"categories":[8],"tags":[39125,17,18,2125,14825,25,24,13,14,11,293,19,20,4108,9,10,15,16,23,12,21,22],"class_list":["post-448917","post","type-post","status-publish","format-standard","has-post-thumbnail","category-espana","tag-15m","tag-breaking-news","tag-breakingnews","tag-directo","tag-electoral","tag-es","tag-espana","tag-featured-news","tag-featurednews","tag-headlines","tag-jornada","tag-latest-news","tag-latestnews","tag-leon","tag-news","tag-noticias","tag-noticias-destacadas","tag-noticiasdestacadas","tag-spain","tag-titulares","tag-ultimas-noticias","tag-ultimasnoticias"],"share_on_mastodon":{"url":"https:\/\/pubeurope.com\/@es\/116235491434540770","error":""},"_links":{"self":[{"href":"https:\/\/www.europesays.com\/es\/wp-json\/wp\/v2\/posts\/448917","targetHints":{"allow":["GET"]}}],"collection":[{"href":"https:\/\/www.europesays.com\/es\/wp-json\/wp\/v2\/posts"}],"about":[{"href":"https:\/\/www.europesays.com\/es\/wp-json\/wp\/v2\/types\/post"}],"author":[{"embeddable":true,"href":"https:\/\/www.europesays.com\/es\/wp-json\/wp\/v2\/users\/2"}],"replies":[{"embeddable":true,"href":"https:\/\/www.europesays.com\/es\/wp-json\/wp\/v2\/comments?post=448917"}],"version-history":[{"count":0,"href":"https:\/\/www.europesays.com\/es\/wp-json\/wp\/v2\/posts\/448917\/revisions"}],"wp:featuredmedia":[{"embeddable":true,"href":"https:\/\/www.europesays.com\/es\/wp-json\/wp\/v2\/media\/448918"}],"wp:attachment":[{"href":"https:\/\/www.europesays.com\/es\/wp-json\/wp\/v2\/media?parent=448917"}],"wp:term":[{"taxonomy":"category","embeddable":true,"href":"https:\/\/www.europesays.com\/es\/wp-json\/wp\/v2\/categories?post=448917"},{"taxonomy":"post_tag","embeddable":true,"href":"https:\/\/www.europesays.com\/es\/wp-json\/wp\/v2\/tags?post=448917"}],"curies":[{"name":"wp","href":"https:\/\/api.w.org\/{rel}","templated":true}]}}