{"id":449281,"date":"2026-03-16T03:34:10","date_gmt":"2026-03-16T03:34:10","guid":{"rendered":"https:\/\/www.europesays.com\/es\/449281\/"},"modified":"2026-03-16T03:34:10","modified_gmt":"2026-03-16T03:34:10","slug":"feijoo-conjura-durante-un-tiempo-la-amenaza-de-vox","status":"publish","type":"post","link":"https:\/\/www.europesays.com\/es\/449281\/","title":{"rendered":"Feij\u00f3o conjura durante un tiempo la amenaza de Vox"},"content":{"rendered":"<p class=\"article-text\">\n        Como pr\u00f3logo de las elecciones de Castilla y Le\u00f3n, nada mejor que insistir en todo lo que ha metido en problemas al Partido Popular. Isabel D\u00edaz Ayuso se apunt\u00f3 con ganas a una informaci\u00f3n terror\u00edfica de El Debate que avisaba de un posible fraude electoral utilizando un DNI electr\u00f3nico. El enga\u00f1o se basaba en ignorar hechos esenciales sobre el control del voto y el hecho obvio de que solo puedes depositar la papeleta si apareces en el censo electoral. Solo era otro intento en esa competici\u00f3n de ciertos medios de derecha en denunciar que el malvado sanchismo no respeta ni lo m\u00e1s sagrado y que seguro que har\u00e1 lo posible para falsear los resultados electorales.\n    <\/p>\n<p class=\"article-text\">\n        Es la clase de infundios que beneficia sobre todo a Vox, que ha cabalgado sobre toda una serie de bulos y maquinaciones que se\u00f1alan que Espa\u00f1a est\u00e1 en el peor momento de su historia. No es algo que preocupe a Ayuso, porque a ella le funciona. De ah\u00ed su mensaje en plena jornada de reflexi\u00f3n para relacionar esa seudodenuncia <a href=\"https:\/\/x.com\/IdiazAyuso\/status\/2032757264407224351\" target=\"_blank\" data-mrf-recirculation=\"links-noticia\" class=\"link\" rel=\"nofollow\">con su enemigo mortal:<\/a> \u201cEl que promueve manifestaciones \u2013a todas luces ilegales\u2013 en jornada de reflexi\u00f3n; at\u00f3 el Constitucional urgentemente; nacionaliza masivamente; con denuncias de pucherazos en el voto por correo en varias provincias; lleg\u00f3 con urnas de cart\u00f3n a dirigir su partido; con pactos tramposos para llegar al Gobierno, ahora pretende esto\u201d. Resulta que al final una dirigente del PP con tanto poder como Ayuso termina hablando como si fuera Alvise. Es el hecho diferencial madrile\u00f1o.\n    <\/p>\n<p class=\"article-text\">\n        Con estos bueyes tengo que arar, debi\u00f3 de pensar Alberto N\u00fa\u00f1ez Feij\u00f3o, que esperaba que los resultados de Castilla y Le\u00f3n le dieran algo de aire. Eso fue lo que consigui\u00f3. El PP sab\u00eda que deb\u00eda moderar sus expectativas y por eso anunci\u00f3 previamente que ser\u00eda un triunfo si ganaba un esca\u00f1o m\u00e1s en una regi\u00f3n en la que hubo un tiempo en que superaba el 50% de los votos. Tocan tiempos m\u00e1s realistas donde las regiones espa\u00f1olas m\u00e1s conservadoras no conceden ya al PP victorias arrolladoras. Siempre tiene que contar con que depender\u00e1 de Vox para gobernar.\n    <\/p>\n<p class=\"article-text\">\n        En ese mundo de la derecha y la extrema derecha en paralelo, <a href=\"https:\/\/www.eldiario.es\/politica\/pp-feijoo-felicita-frenazo-vox-castilla-leon-resignados-gobernar-extrema-derecha_1_13070405.html\" target=\"_blank\" data-mrf-recirculation=\"links-noticia\" class=\"link\" rel=\"nofollow noopener\">el PP comprob\u00f3 aliviado<\/a> que Vox no super\u00f3 el 20% en otra campa\u00f1a en la que Santiago Abascal se multiplic\u00f3. No se qued\u00f3 muy lejos (18,9%), pero su ascenso fue inferior al del PP. Nadie dir\u00eda que Alfonso Fern\u00e1ndez Ma\u00f1ueco iba a convertirse en el gran baluarte contra Vox, sobre todo despu\u00e9s de la gesti\u00f3n inicialmente pasiva y luego atropellada de los incendios ocurridos en verano en Le\u00f3n.\n    <\/p>\n<p class=\"article-text\">\n        Ma\u00f1ueco no intent\u00f3 ser el antisanchista por excelencia y no compiti\u00f3 en alarmismo con Vox. Ese no es el punto de vista mayoritario entre los dem\u00e1s barones regionales del PP. A \u00e9l le ha servido para ganar cuatro puntos y dos esca\u00f1os y superar el 35%.\n    <\/p>\n<p class=\"article-text\">\n        El PSOE tiene tambi\u00e9n <a href=\"https:\/\/www.eldiario.es\/politica\/psoe-mejora-resultados-castilla-leon-debacles-extremadura-aragon_1_13070335.html\" target=\"_blank\" data-mrf-recirculation=\"links-noticia\" class=\"link\" rel=\"nofollow noopener\">motivos para esbozar una sonrisa<\/a> que se le qued\u00f3 congelada en la cara en Extremadura y Arag\u00f3n. Esta vez, no se podr\u00e1 hablar de hundimiento ni habr\u00e1 que buscar otro l\u00edder auton\u00f3mico entre las piedras. Carlos Mart\u00ednez demostr\u00f3 la solvencia en las urnas que se le supone a alguien que lleva gobernando en el Ayuntamiento de Soria desde hace 19 a\u00f1os. En esa provincia, pas\u00f3 del 18% al 32%. Su discurso pegado al territorio, preocupado m\u00e1s por hacer oposici\u00f3n al PP y no a Vox, tuvo probablemente m\u00e1s influencia que el discurso contra la guerra que Pedro S\u00e1nchez llev\u00f3 a la campa\u00f1a.\n    <\/p>\n<p class=\"article-text\">\n        Perder las elecciones har\u00e1 que la derecha supere los cuarenta a\u00f1os de gobierno en Castilla y Le\u00f3n. Pero en el contexto actual los socialistas se mostrar\u00e1n ahora euf\u00f3ricos. Superar el 30% y ganar dos esca\u00f1os m\u00e1s es casi un regalo comparado con las otras dos elecciones auton\u00f3micas de este a\u00f1o.\n    <\/p>\n<p class=\"article-text\">\n        La izquierda confederal aspiraba a muy poco <a href=\"https:\/\/www.eldiario.es\/politica\/izquierda-confederal-sufre-nuevo-batacazo-queda-representacion-castilla-leon_1_13070403.html\" target=\"_blank\" data-mrf-recirculation=\"links-noticia\" class=\"link\" rel=\"nofollow noopener\">y se qued\u00f3 en la nada.<\/a> Podemos volvi\u00f3 a quedarse por debajo del 1% y por detr\u00e1s del partido de Alvise P\u00e9rez. IU-Sumar pensaba en llevarse el esca\u00f1o que todos juntos consiguieron hace cuatro a\u00f1os, y al final ni eso (2,2%). De castigo, todos se llevaron un tuit de Gabriel Rufi\u00e1n: \u201cNo hacer algo (o hacer lo de siempre) es pura negligencia\u201d. Tampoco es que sumar esos porcentajes \u00ednfimos en una sola candidatura te vaya a sacar de pobre.\n    <\/p>\n<p class=\"article-text\">\n        Fue la primera campa\u00f1a en que Feij\u00f3o <a href=\"https:\/\/www.eldiario.es\/politica\/pp-resigna-castilla-leon-entrar-terreno-desconocido-pelea-vox_129_13062453.html\" target=\"_blank\" data-mrf-recirculation=\"links-noticia\" class=\"link\" rel=\"nofollow noopener\">emple\u00f3 un lenguaje agresivo<\/a> contra Vox, algo a lo que no se habr\u00eda atrevido antes. Hab\u00eda dejado que el partido de Abascal siguiera creciendo sin tener ning\u00fan inter\u00e9s en mostrar las diferencias entre las dos formaciones. De hecho, era todo lo contrario. Dirigentes como Miguel Tellado y Ester Mu\u00f1oz destacaban que los dos partidos ten\u00edan una misi\u00f3n id\u00e9ntica, acabar con el sanchismo. Muchos votantes de la derecha terminaron pensando que si daba igual votar a uno u otro partido, pod\u00edan dejarse arrastrar por sus bajos instintos antisanchistas y apoyar a los m\u00e1s brutos.\n    <\/p>\n<p>    <a href=\"https:\/\/www.eldiario.es\/castilla-y-leon\/resultados-elecciones-castilla-leon-2026-municipio-municipio_1_13055194.html\" data-mrf-recirculation=\"saber-mas-abajo\" data-dl-event=\"saber-mas-abajo\" rel=\"nofollow noopener\" target=\"_blank\"><\/p>\n<p class=\"know-more__title\">Los resultados de las elecciones en Castilla y Le\u00f3n 2026, municipio a municipio<\/p>\n<p>            <\/a><\/p>\n<p class=\"article-text\">\n        Una cita electoral en la que los tres principales partidos suben en votos puede hacer que se olvide r\u00e1pidamente. Vox se ocupar\u00e1 de aguar el previsible triunfalismo del PP, quiz\u00e1 con condiciones m\u00e1s duras para la formaci\u00f3n de los tres gobiernos auton\u00f3micos pendientes. Est\u00e1 por ver si Feij\u00f3o aprender\u00e1 la lecci\u00f3n y marcar\u00e1 distancias ideol\u00f3gicas con Vox. Esa podr\u00eda ser la principal consecuencia de estas elecciones a menos que Ayuso pueda evitarlo.\n    <\/p>\n<p>Los resultados en cada provincia<\/p>\n<p>Resultado de las elecciones auton\u00f3micas de Castilla y Le\u00f3n de 2026 en cada provincia<\/p>\n","protected":false},"excerpt":{"rendered":"Como pr\u00f3logo de las elecciones de Castilla y Le\u00f3n, nada mejor que insistir en todo lo que ha&hellip;\n","protected":false},"author":2,"featured_media":449282,"comment_status":"","ping_status":"","sticky":false,"template":"","format":"standard","meta":{"footnotes":""},"categories":[8],"tags":[4213,17,18,42202,4169,25,24,13,14,9860,11,19,20,9,10,15,16,23,159,12,21,22,624],"class_list":["post-449281","post","type-post","status-publish","format-standard","has-post-thumbnail","category-espana","tag-amenaza","tag-breaking-news","tag-breakingnews","tag-conjura","tag-durante","tag-es","tag-espana","tag-featured-news","tag-featurednews","tag-feijoo","tag-headlines","tag-latest-news","tag-latestnews","tag-news","tag-noticias","tag-noticias-destacadas","tag-noticiasdestacadas","tag-spain","tag-tiempo","tag-titulares","tag-ultimas-noticias","tag-ultimasnoticias","tag-vox"],"share_on_mastodon":{"url":"https:\/\/pubeurope.com\/@es\/116236757761597230","error":""},"_links":{"self":[{"href":"https:\/\/www.europesays.com\/es\/wp-json\/wp\/v2\/posts\/449281","targetHints":{"allow":["GET"]}}],"collection":[{"href":"https:\/\/www.europesays.com\/es\/wp-json\/wp\/v2\/posts"}],"about":[{"href":"https:\/\/www.europesays.com\/es\/wp-json\/wp\/v2\/types\/post"}],"author":[{"embeddable":true,"href":"https:\/\/www.europesays.com\/es\/wp-json\/wp\/v2\/users\/2"}],"replies":[{"embeddable":true,"href":"https:\/\/www.europesays.com\/es\/wp-json\/wp\/v2\/comments?post=449281"}],"version-history":[{"count":0,"href":"https:\/\/www.europesays.com\/es\/wp-json\/wp\/v2\/posts\/449281\/revisions"}],"wp:featuredmedia":[{"embeddable":true,"href":"https:\/\/www.europesays.com\/es\/wp-json\/wp\/v2\/media\/449282"}],"wp:attachment":[{"href":"https:\/\/www.europesays.com\/es\/wp-json\/wp\/v2\/media?parent=449281"}],"wp:term":[{"taxonomy":"category","embeddable":true,"href":"https:\/\/www.europesays.com\/es\/wp-json\/wp\/v2\/categories?post=449281"},{"taxonomy":"post_tag","embeddable":true,"href":"https:\/\/www.europesays.com\/es\/wp-json\/wp\/v2\/tags?post=449281"}],"curies":[{"name":"wp","href":"https:\/\/api.w.org\/{rel}","templated":true}]}}