{"id":449680,"date":"2026-03-16T09:34:08","date_gmt":"2026-03-16T09:34:08","guid":{"rendered":"https:\/\/www.europesays.com\/es\/449680\/"},"modified":"2026-03-16T09:34:08","modified_gmt":"2026-03-16T09:34:08","slug":"rufus-t-firefly-se-impone-a-rosalia-en-el-premio-ruido-entregado-por-la-prensa-musical","status":"publish","type":"post","link":"https:\/\/www.europesays.com\/es\/449680\/","title":{"rendered":"Rufus T. Firefly se impone a Rosal\u00eda en el Premio Ruido, entregado por la prensa musical"},"content":{"rendered":"<p style=\"\">La Sala Berlanga de Madrid acogi\u00f3 en la tarde de este pasado jueves la XI edici\u00f3n del <strong>Premio Ruido<\/strong>, el galard\u00f3n al mejor disco nacional del a\u00f1o votado por los m\u00e1s de 300 profesionales que integran la Asociaci\u00f3n de Periodistas Musicales. <\/p>\n<p style=\"\">El elegido ha  &#8230; sido <a href=\"https:\/\/www.abc.es\/cultura\/rufus-firefly-fija-sonoridad-baterias-jazz-20260202144504-vi.html\" target=\"_blank\" data-voc-vtm-id=\"in-text-traffic\" title=\"&#039;Todas las cosas buenas&#039; de Rufus T Firefly\" data-mrf-link=\"www.abc.es\" rel=\"nofollow noopener\">&#8216;Todas las cosas buenas&#8217; de Rufus T Firefly<\/a>, que se ha impuesto a los \u00faltimos trabajos de artistas como Rosal\u00eda, Guitarricadelafuente, Valeria Castro, Pumuky, shego y Repion, entre otros.<\/p>\n<p class=\"v-d-p\" style=\"\">El ya octavo \u00e1lbum de estudio del grupo explora una etapa m\u00e1s ecl\u00e9ctica y madura en el sonido de la banda liderada por V\u00edctor Cabezuelo y Julia Mart\u00edn-Maestro, amplificando en sus 14 canciones su habitual gusto por las texturas inmersivas y ese sonido entre psicod\u00e9lico y emocional en colaboraci\u00f3n con el productor  Manuel Cabezal\u00ed.<\/p>\n<ul class=\"v-cmp-rld__u\">\n<li class=\"v-cmp-rld__l\">\n<p><a class=\"v-a-lnk\" href=\"https:\/\/www.abc.es\/cultura\/cultural\/diez-mejores-discos-nacionales-2025-segun-criticos-20251226125956-nt.html#vtm_modulosEngag=noticiasrelacionadas-cmp-uno:cultura:noticia:1\" title=\"Los diez mejores discos nacionales de 2025, seg\u00fan los cr\u00edticos de ABC\" data-voc-vtm-id=\"in-text-traffic\" rel=\"nofollow noopener\" target=\"_blank\"><br \/>\n<img decoding=\"async\" loading=\"lazy\" src=\"https:\/\/www.europesays.com\/es\/wp-content\/uploads\/2026\/03\/rosalia-kaaD-U60121652137hcU-366x256@diario_abc.jpg\" class=\"v-a-img\" width=\"258\" height=\"180\" alt=\"Los diez mejores discos nacionales de 2025, seg\u00fan los cr\u00edticos de ABC\"\/><br \/>\n<\/a><\/p>\n<\/li>\n<\/ul>\n<p class=\"v-d-p\" style=\"\">La gala, conducida por la periodista Alex Gara, arranc\u00f3 con los propios Rufus T. Firefly interpretando &#8216;Camina a trav\u00e9s del fuego&#8217; y sirvi\u00f3 para reivindicar un a\u00f1o especialmente f\u00e9rtil para la m\u00fasica espa\u00f1ola, reuniendo a prensa, artistas y profesionales del sector. Durante la velada se repasaron los doce discos finalistas y se interactu\u00f3 con algunos de los nominados all\u00ed presentes, como Pumuky, Frente Abierto y FUET!<\/p>\n<p class=\"v-d-p\" style=\"\">En la gala, que cont\u00f3 con un programa especial en directo de El Resto es Ruido de Radio 3, tambi\u00e9n se pudo disfrutar de la doble colaboraci\u00f3n especial sobre el escenario entre Repion y Rufus T. Firefly interpretando &#8216;Viernes&#8217; de las primeras y &#8216;Canci\u00f3n de Paz&#8217; de los segundos. La \u00faltima formaci\u00f3n en subir al escenario fueron las tambi\u00e9n nominadas shego, que aprovecharon para estrenar su nuevo single &#8216;amiamiga&#8217;, con laelque inician una nueva etapa.<\/p>\n<p class=\"v-d-p\" style=\"\">El encargado de entregar el Premio Ruido (patrocinado por AIE, La Fundaci\u00f3n SGAE y AGEDI) a Rufus T. Firefly fue el <strong>veterano periodista Julio Ruiz<\/strong>, y el l\u00edder de la banda, V\u00edctor Cabezuelo, quiso dedic\u00e1rselo a \u00abla gente que hace m\u00fasica y periodismo con el coraz\u00f3n y no con la cartera\u00bb.<\/p>\n<p class=\"v-d-p\" style=\"\">Por la ma\u00f1ana se celebr\u00f3 en la sede de AIE el II Congreso del Periodismo Musical PAM, en el que se presentaron las primeras conclusiones de un estudio sobre la situaci\u00f3n de la prensa musical en colaboraci\u00f3n a investigadores de la Universidad Complutense de Madrid, Carlos III y UNED. <\/p>\n<p class=\"v-d-p\" style=\"\">Al evento se invit\u00f3 a instituciones como Inaem, el Instituto Cervantes y el Ministerio de Cultura para hablar de modelos de financiaci\u00f3n para medios y profesionales, se debati\u00f3 sobre c\u00f3mo la IA est\u00e1 afectando a la indexaci\u00f3n de medios en Google y sobre nuevos modelos de supervivencia como Substack, y se clausur\u00f3  presentando un dec\u00e1logo de buenas pr\u00e1cticas.<\/p>\n","protected":false},"excerpt":{"rendered":"La Sala Berlanga de Madrid acogi\u00f3 en la tarde de este pasado jueves la XI edici\u00f3n del Premio&hellip;\n","protected":false},"author":2,"featured_media":449681,"comment_status":"","ping_status":"","sticky":false,"template":"","format":"standard","meta":{"footnotes":""},"categories":[170],"tags":[146,18899,147,25,24,93896,184,185,18711,4041,843,93895,3107,23],"class_list":["post-449680","post","type-post","status-publish","format-standard","has-post-thumbnail","category-musica","tag-entertainment","tag-entregan","tag-entretenimiento","tag-es","tag-espana","tag-firefly","tag-music","tag-musica","tag-musicales","tag-periodistas","tag-premio","tag-rufus","tag-ruido","tag-spain"],"share_on_mastodon":{"url":"https:\/\/pubeurope.com\/@es\/116238173319184936","error":""},"_links":{"self":[{"href":"https:\/\/www.europesays.com\/es\/wp-json\/wp\/v2\/posts\/449680","targetHints":{"allow":["GET"]}}],"collection":[{"href":"https:\/\/www.europesays.com\/es\/wp-json\/wp\/v2\/posts"}],"about":[{"href":"https:\/\/www.europesays.com\/es\/wp-json\/wp\/v2\/types\/post"}],"author":[{"embeddable":true,"href":"https:\/\/www.europesays.com\/es\/wp-json\/wp\/v2\/users\/2"}],"replies":[{"embeddable":true,"href":"https:\/\/www.europesays.com\/es\/wp-json\/wp\/v2\/comments?post=449680"}],"version-history":[{"count":0,"href":"https:\/\/www.europesays.com\/es\/wp-json\/wp\/v2\/posts\/449680\/revisions"}],"wp:featuredmedia":[{"embeddable":true,"href":"https:\/\/www.europesays.com\/es\/wp-json\/wp\/v2\/media\/449681"}],"wp:attachment":[{"href":"https:\/\/www.europesays.com\/es\/wp-json\/wp\/v2\/media?parent=449680"}],"wp:term":[{"taxonomy":"category","embeddable":true,"href":"https:\/\/www.europesays.com\/es\/wp-json\/wp\/v2\/categories?post=449680"},{"taxonomy":"post_tag","embeddable":true,"href":"https:\/\/www.europesays.com\/es\/wp-json\/wp\/v2\/tags?post=449680"}],"curies":[{"name":"wp","href":"https:\/\/api.w.org\/{rel}","templated":true}]}}