{"id":449731,"date":"2026-03-16T10:19:12","date_gmt":"2026-03-16T10:19:12","guid":{"rendered":"https:\/\/www.europesays.com\/es\/449731\/"},"modified":"2026-03-16T10:19:12","modified_gmt":"2026-03-16T10:19:12","slug":"firefly-tendra-su-segunda-temporada-24-anos-despues-con-el-regreso-del-reparto-original","status":"publish","type":"post","link":"https:\/\/www.europesays.com\/es\/449731\/","title":{"rendered":"Firefly tendr\u00e1 su segunda temporada 24 a\u00f1os despu\u00e9s con el regreso del reparto original"},"content":{"rendered":"<p class=\"c-paragraph\">La vida de <a href=\"https:\/\/www.hobbyconsolas.com\/noticias\/resident-alien-ha-cancelado-pero-equipo-piensa-cerrar-historia-pelicula-1475052\" title=\"Resident Alien se ha cancelado, pero su equipo piensa en cerrar la historia con una pel\u00edcula\" rel=\"nofollow noopener\" target=\"_blank\">Firefly <\/a>en Fox fue breve, pero marc\u00f3 un legado que sigue muy vigente despu\u00e9s de 24 a\u00f1os. La serie creada por <a href=\"https:\/\/www.hobbyconsolas.com\/noticias\/joss-whedon-cree-mejor-episodio-ha-hecho-buffy-cazavampiros-1319574\" title=\"Joss Whedon considera que este es el mejor episodio que ha hecho en Buffy, cazavampiros\" rel=\"nofollow noopener\" target=\"_blank\">Joss Whedon<\/a> fue un fracaso de audiencia en su estreno all\u00e1 por 2002, pero se erigi\u00f3 como un fen\u00f3meno de culto que los fans llevan esperando ver resurgir desde hace a\u00f1os. \u00bfY sabes qu\u00e9? Lo han conseguido.\u00a0<\/p>\n<p class=\"c-paragraph\">Fox cancel\u00f3 Firefly tras una sola temporada por sus bajos \u00edndices de audiencia, pero Joss Whedon se las ingeni\u00f3 para sacar adelante <b>Serenity<\/b>, la pel\u00edcula secuela que se estren\u00f3 en 2005.\u00a0<\/p>\n<p>Movistar Plus+ por 9,99\u20ac con f\u00fatbol, series y cine<\/p>\n<p><img decoding=\"async\" loading=\"lazy\" alt=\"Movistar Plus+\" width=\"640\" height=\"533\" src=\"https:\/\/www.europesays.com\/es\/wp-content\/uploads\/2026\/02\/690349e592402.jpeg\"\/><\/p>\n<p class=\"c-passport__description\">Seas de la operadora que seas, puedes ver series, pel\u00edculas y f\u00fatbol en Movistar Plus+ por 9,99\u20ac al mes y sin permanencia.<\/p>\n<p class=\"c-paragraph\">Ahora, el universo de ciencia ficci\u00f3n de Firefly volver\u00e1 a expandirse, aunque <b>esta vez en formato de animaci\u00f3n<\/b>, con una nueva serie que, por lo que parece, en esencia ser\u00e1 la segunda temporada de la serie original de 2002.<\/p>\n<p class=\"c-paragraph\">Tal y como recoge <a href=\"https:\/\/deadline.com\/2026\/03\/nathan-fillion-firefly-animated-series-development-1236754122\/\" rel=\"nofollow noreferrer noopener\" target=\"_blank\">Deadline<\/a>, <b>Nathan Fillion<\/b> ha hecho saltar la liebre en un panel de la\u00a0Awesome Con en el que compart\u00eda espacio con varios de sus coprotagonistas de Firefly,\u00a0<b>Alan Tudyk, Gina Torres, Jewel Staite, Morena Baccarin, Sean Maher y Summer Glau<\/b>, quienes se espera que vuelvan a retomar sus papeles.<\/p>\n<p>Firefly regresa tras m\u00e1s de dos d\u00e9cadas<\/p>\n<p class=\"c-paragraph\">Tambi\u00e9n se espera que <b>Adam Baldwin<\/b> retome su papel de\u00a0Jayne Cobb en la serie secuela de Firefly que animar\u00e1\u00a0<b>ShadowMachine Films<\/b> (<a href=\"https:\/\/www.hobbyconsolas.com\/reviews\/critica-pinocho-guillermo-toro-pelicula-netflix-merece-ser-vista-pantalla-grande-1160389\" rel=\"nofollow noopener\" target=\"_blank\">Pinocho de Guillermo del Toro<\/a>). De hecho, Deadline ha compartido un boceto de la tripulaci\u00f3n de la Serenity en el estilo que puede tener la serie.<\/p>\n<p class=\"c-paragraph\">Los showrunners de esta secuela de Firefly ser\u00e1n\u00a0<b>Marc Guggenheim<\/b> (Legends of Tomorrow) y\u00a0<b>Tara Butters<\/b> (Agente Carter), tomando el relevo de Joss Whedon, quien no est\u00e1 involucrado en el proyecto, aunque s\u00ed ha dado su aprobaci\u00f3n.<\/p>\n<p class=\"c-paragraph\">Esta nueva serie de Firefly se ambienta entre los eventos de la serie cancelada y los de la pel\u00edcula, encajando dentro del universo de western y ciencia ficci\u00f3n que cre\u00f3 Whedon.<\/p>\n<p class=\"c-paragraph\">Habr\u00e1 que esperar un poco y cruzar los dedos para que este revival de <b>Firefly <\/b><a href=\"https:\/\/www.hobbyconsolas.com\/hobbycine\/sarah-michelle-gellar-confirma-cancelacion-revival-buffy-cazavampiros-me-da-mucha-pena_6946122_0.html\" title=\"Sarah Michelle Gellar confirma la cancelaci\u00f3n del revival de Buffy, cazavampiros: \u201cMe da mucha pena\u201d\" rel=\"nofollow noopener\" target=\"_blank\">no corra la misma mala suerte que el de Buffy, cazavampiros<\/a>.<\/p>\n","protected":false},"excerpt":{"rendered":"La vida de Firefly en Fox fue breve, pero marc\u00f3 un legado que sigue muy vigente despu\u00e9s de&hellip;\n","protected":false},"author":2,"featured_media":449732,"comment_status":"","ping_status":"","sticky":false,"template":"","format":"standard","meta":{"footnotes":""},"categories":[171],"tags":[146,147,25,24,93896,3745,23,3271,1152,602,214],"class_list":["post-449731","post","type-post","status-publish","format-standard","has-post-thumbnail","category-tv","tag-entertainment","tag-entretenimiento","tag-es","tag-espana","tag-firefly","tag-segunda","tag-spain","tag-su","tag-temporada","tag-tendra","tag-tv"],"share_on_mastodon":{"url":"https:\/\/pubeurope.com\/@es\/116238350075051791","error":""},"_links":{"self":[{"href":"https:\/\/www.europesays.com\/es\/wp-json\/wp\/v2\/posts\/449731","targetHints":{"allow":["GET"]}}],"collection":[{"href":"https:\/\/www.europesays.com\/es\/wp-json\/wp\/v2\/posts"}],"about":[{"href":"https:\/\/www.europesays.com\/es\/wp-json\/wp\/v2\/types\/post"}],"author":[{"embeddable":true,"href":"https:\/\/www.europesays.com\/es\/wp-json\/wp\/v2\/users\/2"}],"replies":[{"embeddable":true,"href":"https:\/\/www.europesays.com\/es\/wp-json\/wp\/v2\/comments?post=449731"}],"version-history":[{"count":0,"href":"https:\/\/www.europesays.com\/es\/wp-json\/wp\/v2\/posts\/449731\/revisions"}],"wp:featuredmedia":[{"embeddable":true,"href":"https:\/\/www.europesays.com\/es\/wp-json\/wp\/v2\/media\/449732"}],"wp:attachment":[{"href":"https:\/\/www.europesays.com\/es\/wp-json\/wp\/v2\/media?parent=449731"}],"wp:term":[{"taxonomy":"category","embeddable":true,"href":"https:\/\/www.europesays.com\/es\/wp-json\/wp\/v2\/categories?post=449731"},{"taxonomy":"post_tag","embeddable":true,"href":"https:\/\/www.europesays.com\/es\/wp-json\/wp\/v2\/tags?post=449731"}],"curies":[{"name":"wp","href":"https:\/\/api.w.org\/{rel}","templated":true}]}}