{"id":45038,"date":"2025-08-13T16:34:11","date_gmt":"2025-08-13T16:34:11","guid":{"rendered":"https:\/\/www.europesays.com\/es\/45038\/"},"modified":"2025-08-13T16:34:11","modified_gmt":"2025-08-13T16:34:11","slug":"chris-hemsworth-celebra-su-cumpleanos-en-un-fieston-en-ibiza","status":"publish","type":"post","link":"https:\/\/www.europesays.com\/es\/45038\/","title":{"rendered":"Chris Hemsworth celebra su cumplea\u00f1os en un fiest\u00f3n en Ibiza"},"content":{"rendered":"<p><img decoding=\"async\" class=\"voc-author__img\" src=\"https:\/\/www.europesays.com\/es\/wp-content\/uploads\/2025\/08\/1755001989_832_autor-7150-foto-1.jpeg\" alt=\"Marina Ortiz Cort\u00e9s\"\/><\/p>\n<p>13\/08\/2025<br \/>\n<br \/><strong><br \/>\nActualizado a las 18:16h.<br \/>\n<\/strong><\/p>\n<p class=\"voc-p\" style=\"\">Por si ver a <strong>Chris Hemsworth<\/strong> navegando por las aguas de Ibiza no fuera suficiente, el actor de &#8216;Thor&#8217; ha reunido a un grupo de amigos en donde nadie pasa desapercibido. <strong>Matt Damon, Rita Ora y su pareja, Taika Waititi<\/strong>&#8230; todo estrellas para celebrar el 42 cumplea\u00f1os del int\u00e9rprete. Sin embargo, faltaba una persona clave: <strong>Elsa Pataky<\/strong>. La <a href=\"https:\/\/www.abc.es\/gente\/elsa-pataky-celebra-49o-cumpleanos-mejor-homenaje-20250719150000-nt.html\" target=\"_self\" data-voc-vtm-id=\"in-text-traffic\" title=\"actriz espa\u00f1ola\" data-mrf-link=\"www.abc.es\" rel=\"nofollow noopener\">actriz espa\u00f1ola<\/a> estaba ausente de la fiesta, posiblemente por trabajo, ya que hace unos d\u00edas publicaba algunas fotos en Madrid. <\/p>\n<p class=\"voc-p\" style=\"\">En los \u00faltimos meses, <strong>Elsa Pataky<\/strong> ha estado rodando la segunda temporada de &#8216;Matices&#8217;, serie de SkyShowtime que supuso su regreso a la televisi\u00f3n espa\u00f1ola tras muchos a\u00f1os viviendo fuera. Pero a pesar de su ausencia, la actriz ha querido mandarle un mensaje de lo m\u00e1s cari\u00f1oso a su marido. \u00abFeliz cumplea\u00f1os a mi Rocky Balboa. Eres el mejor de lo mejor\u00bb, ha escrito con una serie de fotograf\u00edas unidas para formar un v\u00eddeo. <\/p>\n<p class=\"voc-p\" style=\"\">Pero Chris Hemsworth no estaba mal acompa\u00f1ado en su cumplea\u00f1os. Adem\u00e1s de contar con grandes amigos y compa\u00f1eros de trabajo -como es <strong>Taika Waititi<\/strong>, quien le dirigi\u00f3 en &#8216;<strong>Thor: Love and Thunder<\/strong>&#8216; y &#8216;<strong>Thor: Ragnarok<\/strong>&#8216;-, tambi\u00e9n estaban sus hermanos, Liam y Luke. Ha sido con una foto de los tres como le ha felicitado el peque\u00f1o de la familia, sumando adem\u00e1s un comentario de lo m\u00e1s ingenioso e ir\u00f3nico: \u00abFeliz cumplea\u00f1os, hermano Chris. Gracias por ser siempre una leyenda maravillosa. No cambies nunca. Espero tener abdominales como t\u00fa cuando sea mayor. Te quiero\u00bb, ha escrito.<\/p>\n<p class=\"voc-p\" style=\"\">M\u00e1s all\u00e1 de las felicitaciones en redes sociales, est\u00e1 claro que Chris Hemsworth ha querido festejar por todo lo alto en un pa\u00eds en el que ya tiene especial familiaridad. En los \u00faltimos a\u00f1os, la familia de Elsa y Chris ha pasado <strong>mucho tiempo en Espa\u00f1a<\/strong>, entre Pa\u00eds Vasco, Madrid y otros destinos, a pesar de que su residencia se mantiene establecida en <a href=\"https:\/\/www.abc.es\/gente\/vida-elsa-pataky-chris-hemsworth-australia-tres-20250528200000-nt.html\" target=\"_self\" data-voc-vtm-id=\"in-text-traffic\" title=\"Byron Bay\" data-mrf-link=\"www.abc.es\" rel=\"nofollow noopener\">Byron Bay<\/a> (Australia). Aunque el actor a\u00fan no habla espa\u00f1ol muy bien, sin duda est\u00e1 acostumbrado a los grandes placeres del pa\u00eds de su mujer. <\/p>\n<p>\nUn yate de lujo\n<\/p>\n<p class=\"voc-p\" style=\"\">Por eso, la fiesta de Chris Hemsworth fue sobre el Mediterr\u00e1neo, en un Zeelander Loloma, un yate de 20,3 metros que a\u00fana las mejores apuestas de dise\u00f1o con la comodidad y practicidad del interior. Tiene espacio para seis invitados, con una suite principal con cama grande y ba\u00f1o ensuite, dos camarotes m\u00e1s y espacio para la tripulaci\u00f3n. Se trata de una <strong>embarcaci\u00f3n totalmente nueva<\/strong> que se encuentra en pleno viaje inaugural, tras haber comenzado en M\u00f3naco continuar\u00e1 hasta Fiji, donde se inspir\u00f3 su nombre, que significa \u00abamor, amabilidad y generosidad\u00bb.<\/p>\n<p class=\"voc-p\" style=\"\">Se desconoce qui\u00e9n es el due\u00f1o de este yate, aunque seg\u00fan ha asegurado la compa\u00f1\u00eda holandesa que lo ha fabricado, ha participado activamente en su dise\u00f1o. Sobre todo para que el barco estuviera en consonancia con un superyate, un jet y un helic\u00f3ptero que ya tiene en su poder. Por eso toda la tripulaci\u00f3n de Loloma iba con camisetas identificativas y ayudaron a los invitados a moverse entre el yate y tierra firme, donde comieron en Casa Jondal. Hasta all\u00ed se desplazaron con una lancha motora en la que <strong>Matt Damon casi tiene un accidente y termina en el agua<\/strong>. Sin embargo, consigui\u00f3 mantener el equilibrio y se qued\u00f3 en una simp\u00e1tica an\u00e9cdota. <\/p>\n<p>\n\u00bfLiam Hemsworth y Gabriella Brooks se casan?\n<\/p>\n<p class=\"voc-p\" style=\"\">Entre los invitados a la fiesta de Chris, y presentes en este yate, estaban tambi\u00e9n Luke Zocchi -preparador f\u00edsico-, el actor de escenas especiales Bobby Holland, o la modelo Michele Merkin, casada con el empresario multimillonario Ted Waitt, tambi\u00e9n presente. Y, por supuesto, Gabriella Brooks, la novia de Liam (35 a\u00f1os), que ha dado mucho que hablar por unas im\u00e1genes en donde se aprecia que lleva un impresionante anillo. <\/p>\n<p class=\"voc-p\" style=\"\">\u00bfPodr\u00eda tratarse de un anillo de pedida? Eso es lo que han especulado las redes sociales, ya que en algunas instant\u00e1neas aparece Gabriella <strong>ense\u00f1\u00e1ndole su anillo a Taika Waititi<\/strong>, que le da a Liam un abrazo. Podr\u00eda ser que la pareja, que sale desde 2019, haya dado el siguiente paso en su discreta relaci\u00f3n y planeen pasar por el altar. Sin embargo, ninguno de los dos ha confirmado la noticia de su posible futura boda. Lo cual encaja con c\u00f3mo han llevado su noviazgo todos estos a\u00f1os: Liam <strong>nunca ha hecho referencia directa a su chica<\/strong> en ninguna entrevista. \u00abEn una industria en la que tanto se hace por el espect\u00e1culo hay cosas que prefieres guardarte para ti mismo\u00bb, comentaba a &#8216;Stellar Magazine&#8217; en 2021.<\/p>\n<p class=\"voc-p\" style=\"\">Ser\u00eda el <strong>segundo matrimonio para Liam<\/strong>, que se cas\u00f3 en diciembre de 2018 con Miley Cyrus en una ceremonia privada realizada en la casa de ella. A pesar de que llevaban a\u00f1os saliendo juntos, la boda fue el \u00faltimo paso antes de la ruptura, que <a href=\"https:\/\/www.abc.es\/estilo\/gente\/abci-instagram-liam-hemsworth-regresa-redes-sociales-despues-separarse-miley-cyrus-rotundo-mensaje-201908301107_noticia.html\" target=\"_self\" data-voc-vtm-id=\"in-text-traffic\" title=\"se hizo oficial en el verano de 2019\" data-mrf-link=\"www.abc.es\" rel=\"nofollow noopener\">se hizo oficial en el verano de 2019<\/a>. A finales de ese mismo a\u00f1o fue cuando fue fotografiado por primera vez con Gabriella, que es australiana (como los Hemsworth) y tiene actualmente 29 a\u00f1os. <\/p>\n<p>Reportar un error<\/p>\n","protected":false},"excerpt":{"rendered":"13\/08\/2025 Actualizado a las 18:16h. Por si ver a Chris Hemsworth navegando por las aguas de Ibiza no&hellip;\n","protected":false},"author":2,"featured_media":45039,"comment_status":"","ping_status":"","sticky":false,"template":"","format":"standard","meta":{"footnotes":""},"categories":[91],"tags":[20945,6951,2242,6996,20942,146,147,25,24,20833,6079,1531,20943,20944,23],"class_list":{"0":"post-45038","1":"post","2":"type-post","3":"status-publish","4":"format-standard","5":"has-post-thumbnail","7":"category-entretenimiento","8":"tag-amistades","9":"tag-celebra","10":"tag-chris","11":"tag-cumpleanos","12":"tag-elsa","13":"tag-entertainment","14":"tag-entretenimiento","15":"tag-es","16":"tag-espana","17":"tag-hemsworth","18":"tag-ibiza","19":"tag-lujo","20":"tag-pataky","21":"tag-presumiendo","22":"tag-spain"},"share_on_mastodon":{"url":"","error":""},"_links":{"self":[{"href":"https:\/\/www.europesays.com\/es\/wp-json\/wp\/v2\/posts\/45038","targetHints":{"allow":["GET"]}}],"collection":[{"href":"https:\/\/www.europesays.com\/es\/wp-json\/wp\/v2\/posts"}],"about":[{"href":"https:\/\/www.europesays.com\/es\/wp-json\/wp\/v2\/types\/post"}],"author":[{"embeddable":true,"href":"https:\/\/www.europesays.com\/es\/wp-json\/wp\/v2\/users\/2"}],"replies":[{"embeddable":true,"href":"https:\/\/www.europesays.com\/es\/wp-json\/wp\/v2\/comments?post=45038"}],"version-history":[{"count":0,"href":"https:\/\/www.europesays.com\/es\/wp-json\/wp\/v2\/posts\/45038\/revisions"}],"wp:featuredmedia":[{"embeddable":true,"href":"https:\/\/www.europesays.com\/es\/wp-json\/wp\/v2\/media\/45039"}],"wp:attachment":[{"href":"https:\/\/www.europesays.com\/es\/wp-json\/wp\/v2\/media?parent=45038"}],"wp:term":[{"taxonomy":"category","embeddable":true,"href":"https:\/\/www.europesays.com\/es\/wp-json\/wp\/v2\/categories?post=45038"},{"taxonomy":"post_tag","embeddable":true,"href":"https:\/\/www.europesays.com\/es\/wp-json\/wp\/v2\/tags?post=45038"}],"curies":[{"name":"wp","href":"https:\/\/api.w.org\/{rel}","templated":true}]}}