{"id":451419,"date":"2026-03-17T10:29:12","date_gmt":"2026-03-17T10:29:12","guid":{"rendered":"https:\/\/www.europesays.com\/es\/451419\/"},"modified":"2026-03-17T10:29:12","modified_gmt":"2026-03-17T10:29:12","slug":"santiago-segura-tajante-sobre-si-habra-mas-peliculas-de-la-saga-tras-el-exito-de-torrente-presidente-es-muy-dificil","status":"publish","type":"post","link":"https:\/\/www.europesays.com\/es\/451419\/","title":{"rendered":"Santiago Segura, tajante sobre si habr\u00e1 m\u00e1s pel\u00edculas de la saga tras el \u00e9xito de &#8216;Torrente Presidente&#8217;: \u00abEs muy dif\u00edcil\u00bb"},"content":{"rendered":"<p style=\"\">El primer fin de semana completo de &#8216;<strong>Torrente presidente<\/strong>&#8216; en los cines espa\u00f1oles ha confirmado el \u00e9xito de la nueva pel\u00edcula creada, dirigida y protagonizada por <strong>Santiago Segura<\/strong>. En apenas tres d\u00edas, la cinta ha logrado superar los <a href=\"https:\/\/www.abc.es\/play\/cine\/noticias\/santiago-segura-atiza-politicos-revienta-taquilla-torrente-20260316124630-nt.html\" title=\"www.abc.es\" data-voc-vtm-id=\"in-text-traffic\" data-mrf-link=\"www.abc.es\" rel=\"nofollow noopener\" target=\"_blank\">7 millones de euros de recaudaci\u00f3n<\/a> &#8230;  y m\u00e1s de 900.000 espectadores han acudido a las salas, seg\u00fan las previsiones del medidor Comscore Espa\u00f1a.<\/p>\n<p class=\"v-d-p\" style=\"\">Estas cifras, m\u00e1s meritorias a\u00fan si tenemos en cuenta que se estren\u00f3 sin tr\u00e1iler, sin promoci\u00f3n y sin pases de prensa previos, colocan ya a la ficci\u00f3n como el <strong>cuarto mejor estreno<\/strong> de la historia del cine espa\u00f1ol. Tan solo le superan otros grandes taquillazos de nuestro pa\u00eds como &#8216;Lo imposible&#8217; de Juan Antonio Bayona, y otras dos pel\u00edculas de la ic\u00f3nica saga, &#8216;Torrente 4: Lethal Crisis&#8217; y &#8216;Torrente 3: El Protector&#8217;.<\/p>\n<p class=\"v-d-p\" style=\"\">Desde su llegada a la gran pantalla, las <a href=\"https:\/\/www.abc.es\/play\/cine\/noticias\/juan-val-dice-piensan-sobre-torrente-presidente-20260316111738-nt.html\" title=\"www.abc.es\" data-voc-vtm-id=\"in-text-traffic\" data-mrf-link=\"www.abc.es\" rel=\"nofollow noopener\" target=\"_blank\">cr\u00edticas positivas<\/a> no han dejado de sucederse, no solo desde los fans del detective gamberro que encandil\u00f3 a millones de espa\u00f1oles a finales de los 90, sino tambi\u00e9n <a href=\"https:\/\/www.abc.es\/play\/cine\/criticas\/torrente-presidente-cunadismo-publicos-20260313154255-nt.html\" title=\"www.abc.es\" data-voc-vtm-id=\"in-text-traffic\" data-mrf-link=\"www.abc.es\" rel=\"nofollow noopener\" target=\"_blank\">desde la prensa<\/a>. Periodistas como el columnista de ABC <a href=\"https:\/\/www.abc.es\/recreo\/juan-soto-ivars-torrente-presidente-contundente-pelicula-20260315172937-nt.html\" title=\"www.abc.es\" data-voc-vtm-id=\"in-text-traffic\" data-mrf-link=\"www.abc.es\" rel=\"nofollow noopener\" target=\"_blank\">Juan Soto Ivars<\/a> o el cr\u00edtico de cine <a href=\"https:\/\/www.abc.es\/play\/television\/noticias\/critico-alberto-rey-rotundo-tras-ver-torrente-20260313170138-nt.html\" title=\"www.abc.es\" data-voc-vtm-id=\"in-text-traffic\" data-mrf-link=\"www.abc.es\" rel=\"nofollow noopener\" target=\"_blank\">Alberto Rey<\/a> no han dudado en dar su m\u00e1s sincera opini\u00f3n tras disfrutar de la pel\u00edcula.<\/p>\n<p class=\"v-d-p\" style=\"\">El \u00e9xito que ha tenido &#8216;Torrente presidente&#8217; ha hecho que muchos empiecen a pensar que tal vez, m\u00e1s pronto que tarde, volvamos a ver una nueva entrega de la saga. Sobre esta posibilidad le pregunt\u00f3 <strong>Pablo Motos<\/strong> a su director, Santiago Segura, que acudi\u00f3 este lunes a <strong>&#8216;El Hormiguero&#8217;<\/strong> a presentar su nueva pel\u00edcula, donde habl\u00f3 de los <a href=\"https:\/\/www.abc.es\/play\/cine\/noticias\/santiago-segura-duro-desvelan-sorpresas-torrente-presidente-20260316185958-nt.html\" title=\"www.abc.es\" data-voc-vtm-id=\"in-text-traffic\" data-mrf-link=\"www.abc.es\" rel=\"nofollow noopener\" target=\"_blank\">cameos<\/a>, las cr\u00edticas y tambi\u00e9n aclar\u00f3 si se plantea volver a ponerse en la piel del protagonista.<\/p>\n<ul class=\"v-cmp-rld__u\">\n<li class=\"v-cmp-rld__l\">\n<p><a class=\"v-a-lnk\" href=\"http:\/\/www.abc.es\/play\/cine\/noticias\/santiago-segura-duro-desvelan-sorpresas-torrente-presidente-20260316185958-nt.html#vtm_modulosEngag=noticiasrelacionadas-cmp-uno:play:noticia:1\" title=\"Santiago Segura, muy duro con quienes desvelan las sorpresas de &#039;Torrente presidente&#039;\" data-voc-vtm-id=\"in-text-traffic\" rel=\"nofollow noopener\" target=\"_blank\"><br \/>\n<img decoding=\"async\" loading=\"lazy\" src=\"https:\/\/www.europesays.com\/es\/wp-content\/uploads\/2026\/03\/torrente-seis-k1LE--366x256@diario_abc.jpg\" class=\"v-a-img\" width=\"258\" height=\"180\" alt=\"Santiago Segura, muy duro con quienes desvelan las sorpresas de 'Torrente presidente'\"\/><br \/>\n<\/a><\/p>\n<\/li>\n<\/ul>\n<p>\nSantiago Segura aclara si habr\u00e1 nueva pel\u00edcula de la saga tras el \u00e9xito de &#8216;Torrente presidente&#8217;\n<\/p>\n<p class=\"v-d-p\" style=\"\">Durante esta entrevista, en la que no solo habl\u00f3 de la recepci\u00f3n que hab\u00eda tenido la cinta, el presentador quiso saber si el cineasta pensaba continuar con la saga o si, por el contrario, &#8216;Torrente presidente&#8217; ser\u00eda la \u00faltima entrega. \u00ab\u00bf<strong>Habr\u00e1 m\u00e1s Torrente o esta es la \u00faltima<\/strong>?\u00bb, le cuestion\u00f3 <a href=\"https:\/\/www.abc.es\/bienestar\/alimentacion\/pablo-motos-indica-suplementos-toma-complementar-alimentacion-20260225170000-nt.html\" title=\"www.abc.es\" data-voc-vtm-id=\"in-text-traffic\" data-mrf-link=\"www.abc.es\" rel=\"nofollow noopener\" target=\"_blank\">Motos<\/a> a su entrevistado.<\/p>\n<p class=\"v-d-p\" style=\"\">Al contrario de lo que muchos esperan, lo cierto es que Santiago Segura ha cerrado por el momento la posibilidad de dirigir una nueva entrega, al menos a corto plazo. Eso s\u00ed, ha puesto condiciones para volver a caracterizarse como Jos\u00e9 Luis Torrente en el futuro. \u00abA m\u00ed ya me conoces. Para m\u00ed <strong>es la \u00faltima hasta que llegue a cinco millones<\/strong> de espectadores\u00bb, apunt\u00f3 el cineasta en el programa de Antena 3. <\/p>\n<p class=\"v-a-t\">\n\u00abPara m\u00ed es la \u00faltima pel\u00edcula de &#8216;Torrente&#8217; hasta que llegue a cinco millones de espectadores\u00bb\n<\/p>\n<p class=\"v-d-p\" style=\"\">A pesar de que admiti\u00f3 que no quiere dejar \u00abhu\u00e9rfanos\u00bb a los seguidores de <a href=\"https:\/\/www.abc.es\/play\/cine\/noticias\/disponibles-peliculas-torrente-plataforma-ver-saga-completa-20260313153536-nt.html\" title=\"www.abc.es\" data-voc-vtm-id=\"in-text-traffic\" data-mrf-link=\"www.abc.es\" rel=\"nofollow noopener\" target=\"_blank\">la saga<\/a>, el protagonista de &#8216;Torrente presidente&#8217; s\u00ed pidi\u00f3 paciencia a aquellos que le exigen que lance ya una nueva pel\u00edcula. \u00ab<strong>Me est\u00e1n pidiendo la s\u00e9ptima<\/strong>. Acabo de estrenar, lleva tres d\u00edas, pero me dicen que les ha encantado, que se han quedado con ganas de m\u00e1s, que haga &#8216;Torrente 7&#8217;\u00bb, se\u00f1al\u00f3.<\/p>\n<p class=\"v-d-p\" style=\"\">Segura se\u00f1al\u00f3 lo complicado que puede ser crear un guion como el de su \u00faltima pel\u00edcula e insisti\u00f3 en que &#8216;Torrente&#8217; no regresara hasta que tenga \u00abuna buena idea\u00bb. \u00abEsto es muy dif\u00edcil, no se puede hacer cualquier cosa. <strong>Si se me vuelve a ocurrir una buena idea, dentro de otros 11 a\u00f1os, la voy a hacer<\/strong>\u00bb, reconoci\u00f3 el director, que piensa ahora en su siguiente pel\u00edcula, &#8216;Padre no hay m\u00e1s que uno 6&#8217;.<\/p>\n","protected":false},"excerpt":{"rendered":"El primer fin de semana completo de &#8216;Torrente presidente&#8216; en los cines espa\u00f1oles ha confirmado el \u00e9xito de&hellip;\n","protected":false},"author":2,"featured_media":451420,"comment_status":"","ping_status":"","sticky":false,"template":"","format":"standard","meta":{"footnotes":""},"categories":[171],"tags":[861,146,147,25,24,4518,753,1461,11498,2450,11689,57,23,7725,21019,575,214],"class_list":["post-451419","post","type-post","status-publish","format-standard","has-post-thumbnail","category-tv","tag-dificil","tag-entertainment","tag-entretenimiento","tag-es","tag-espana","tag-exito","tag-peliculas","tag-presidente","tag-saga","tag-santiago","tag-segura","tag-sobre","tag-spain","tag-tajante","tag-torrente","tag-tras","tag-tv"],"share_on_mastodon":{"url":"https:\/\/pubeurope.com\/@es\/116244051900241395","error":""},"_links":{"self":[{"href":"https:\/\/www.europesays.com\/es\/wp-json\/wp\/v2\/posts\/451419","targetHints":{"allow":["GET"]}}],"collection":[{"href":"https:\/\/www.europesays.com\/es\/wp-json\/wp\/v2\/posts"}],"about":[{"href":"https:\/\/www.europesays.com\/es\/wp-json\/wp\/v2\/types\/post"}],"author":[{"embeddable":true,"href":"https:\/\/www.europesays.com\/es\/wp-json\/wp\/v2\/users\/2"}],"replies":[{"embeddable":true,"href":"https:\/\/www.europesays.com\/es\/wp-json\/wp\/v2\/comments?post=451419"}],"version-history":[{"count":0,"href":"https:\/\/www.europesays.com\/es\/wp-json\/wp\/v2\/posts\/451419\/revisions"}],"wp:featuredmedia":[{"embeddable":true,"href":"https:\/\/www.europesays.com\/es\/wp-json\/wp\/v2\/media\/451420"}],"wp:attachment":[{"href":"https:\/\/www.europesays.com\/es\/wp-json\/wp\/v2\/media?parent=451419"}],"wp:term":[{"taxonomy":"category","embeddable":true,"href":"https:\/\/www.europesays.com\/es\/wp-json\/wp\/v2\/categories?post=451419"},{"taxonomy":"post_tag","embeddable":true,"href":"https:\/\/www.europesays.com\/es\/wp-json\/wp\/v2\/tags?post=451419"}],"curies":[{"name":"wp","href":"https:\/\/api.w.org\/{rel}","templated":true}]}}