{"id":451655,"date":"2026-03-17T13:43:11","date_gmt":"2026-03-17T13:43:11","guid":{"rendered":"https:\/\/www.europesays.com\/es\/451655\/"},"modified":"2026-03-17T13:43:11","modified_gmt":"2026-03-17T13:43:11","slug":"huelga-de-profesores-en-catalunya-en-directo","status":"publish","type":"post","link":"https:\/\/www.europesays.com\/es\/451655\/","title":{"rendered":"Huelga de profesores en Catalunya, en directo"},"content":{"rendered":"<p class=\"ft-text\">Seg\u00fan las primeras cifras hechas p\u00fablicas por la conselleria, <strong>a las 9.30 horas<\/strong> hab\u00edan comunicado cifras sobre el seguimiento de la huelga el 36,57% de los centros. En ellos, el seguimiento es de un 11,22 % \u00absobre el total de la plantilla convocada\u00bb, seg\u00fan la misma fuente.<\/p>\n<p class=\"ft-text\">El personal convocado hoy es el <strong>personal docente funcionario, funcionario interino, funcionario en pr\u00e1cticas y laboral<\/strong> (incluyendo al personal laboral docente, el PAE y el PAS) de los Servicios Territoriales de<strong>l Pened\u00e8s, Tarragona <\/strong>y<strong> Terres de l&#8217;Ebre<\/strong>.<\/p>\n","protected":false},"excerpt":{"rendered":"Seg\u00fan las primeras cifras hechas p\u00fablicas por la conselleria, a las 9.30 horas hab\u00edan comunicado cifras sobre el&hellip;\n","protected":false},"author":2,"featured_media":451656,"comment_status":"","ping_status":"","sticky":false,"template":"","format":"standard","meta":{"footnotes":""},"categories":[8],"tags":[210,17,18,7800,36449,2125,2026,25851,30363,23368,25,24,13,14,11,1458,13181,21454,19,20,94180,9,10,15,16,2029,3905,23,12,14207,1885,21,22],"class_list":["post-451655","post","type-post","status-publish","format-standard","has-post-thumbnail","category-espana","tag-barcelona","tag-breaking-news","tag-breakingnews","tag-catalunya","tag-ccoo","tag-directo","tag-educacion","tag-educacion-en-catalunya","tag-educacion-primaria","tag-educacion-secundaria","tag-es","tag-espana","tag-featured-news","tag-featurednews","tag-headlines","tag-hora","tag-huelga","tag-huelgas","tag-latest-news","tag-latestnews","tag-maestros-y-profesores","tag-news","tag-noticias","tag-noticias-destacadas","tag-noticiasdestacadas","tag-profesores","tag-sindicatos","tag-spain","tag-titulares","tag-ugt","tag-ultima","tag-ultimas-noticias","tag-ultimasnoticias"],"share_on_mastodon":{"url":"https:\/\/pubeurope.com\/@es\/116244814683126378","error":""},"_links":{"self":[{"href":"https:\/\/www.europesays.com\/es\/wp-json\/wp\/v2\/posts\/451655","targetHints":{"allow":["GET"]}}],"collection":[{"href":"https:\/\/www.europesays.com\/es\/wp-json\/wp\/v2\/posts"}],"about":[{"href":"https:\/\/www.europesays.com\/es\/wp-json\/wp\/v2\/types\/post"}],"author":[{"embeddable":true,"href":"https:\/\/www.europesays.com\/es\/wp-json\/wp\/v2\/users\/2"}],"replies":[{"embeddable":true,"href":"https:\/\/www.europesays.com\/es\/wp-json\/wp\/v2\/comments?post=451655"}],"version-history":[{"count":0,"href":"https:\/\/www.europesays.com\/es\/wp-json\/wp\/v2\/posts\/451655\/revisions"}],"wp:featuredmedia":[{"embeddable":true,"href":"https:\/\/www.europesays.com\/es\/wp-json\/wp\/v2\/media\/451656"}],"wp:attachment":[{"href":"https:\/\/www.europesays.com\/es\/wp-json\/wp\/v2\/media?parent=451655"}],"wp:term":[{"taxonomy":"category","embeddable":true,"href":"https:\/\/www.europesays.com\/es\/wp-json\/wp\/v2\/categories?post=451655"},{"taxonomy":"post_tag","embeddable":true,"href":"https:\/\/www.europesays.com\/es\/wp-json\/wp\/v2\/tags?post=451655"}],"curies":[{"name":"wp","href":"https:\/\/api.w.org\/{rel}","templated":true}]}}