{"id":452527,"date":"2026-03-18T00:51:11","date_gmt":"2026-03-18T00:51:11","guid":{"rendered":"https:\/\/www.europesays.com\/es\/452527\/"},"modified":"2026-03-18T00:51:11","modified_gmt":"2026-03-18T00:51:11","slug":"madrid-dedica-versos-a-massiel-y-robe-iniesta-en-el-dia-de-la-poesia","status":"publish","type":"post","link":"https:\/\/www.europesays.com\/es\/452527\/","title":{"rendered":"Madrid dedica versos a Massiel y Robe Iniesta en el D\u00eda de la Poes\u00eda"},"content":{"rendered":"<p style=\"\">Este pr\u00f3ximo fin de semana, la <a href=\"https:\/\/www.abc.es\/noticias\/poesia\/\" target=\"_blank\" data-voc-vtm-id=\"in-text-traffic\" title=\"poes\u00eda\" data-mrf-link=\"www.abc.es\" rel=\"nofollow noopener\">poes\u00eda<\/a> conquista la ciudad con dos d\u00edas de actividades para todos los amantes de la &#8216;palabra empoderada&#8217;, en una iniciativa que recorrer\u00e1 Callao, el Museo Thyssen-Bornemisza y el Real Jard\u00edn Bot\u00e1nico-CSIC. Organizado por \u00c1mbito Cultural de  &#8230; El Corte Ingl\u00e9s en colaboraci\u00f3n con estas dos instituciones culturales a las que se suma La Piscifactor\u00eda Laboratorio de Creaci\u00f3n, el D\u00eda Mundial de la Poes\u00eda servir\u00e1  para celebrar la llegada de la primavera a golpe de verso.<\/p>\n<p class=\"v-d-p\" style=\"\">El programa ofrecer\u00e1 un encuentro con el cantautor <strong>Amancio Prada<\/strong> en Callao, un recital de 21 poetas en el Museo Thyssen-Bornemisza que arrancar\u00e1 con una lectura inaugural de Massiel, un di\u00e1logo y recital entre Hugo Mujica y Pablo Rosal en el Real Jard\u00edn Bot\u00e1nico-CSIC y un cierre de jornada dedicado a la figura po\u00e9tica de Roberto Iniesta, el l\u00edder de Extremoduro recientemente fallecido, cuyo amor por la poes\u00eda siempre estuvo presente en sus canciones. <\/p>\n<p class=\"v-d-p\" style=\"\">Las actividades comenzar\u00e1n el viernes 20 de marzo a las 20.00 horas en la Sala de \u00c1mbito Cultural (Plaza de Callao) y el primer protagonista ser\u00e1 el &#8216;cantor de los poetas&#8217; Amancio Prada, quien compartir\u00e1 sus poemas y sus canciones en conversaci\u00f3n con Gonzalo Escarpa, director de #LdeL\u00edrica. <\/p>\n<p class=\"v-d-p\" style=\"\">El s\u00e1bado 21 de marzo, de 11.45 a 13.30 horas, el foco se desplazar\u00e1 al Museo Thyssen Bornemisza con una lectura inaugural de la fiesta  a cargo de <a href=\"https:\/\/www.abc.es\/noticias\/massiel\/\" target=\"_blank\" data-voc-vtm-id=\"in-text-traffic\" title=\"Massiel\" data-mrf-link=\"www.abc.es\" rel=\"nofollow noopener\">Massiel<\/a>, referente de la canci\u00f3n de autor y de la libertad creativa. Despu\u00e9s, un total de 21 creadores de Espa\u00f1a y Latinoam\u00e9rica recitar\u00e1n en diferentes salas del museo frente a obras maestras de la colecci\u00f3n, habitando el espacio expositivo a trav\u00e9s de la voz. <\/p>\n<p class=\"v-d-p\" style=\"\">El listado de artistas es un reflejo del panorama po\u00e9tico actual, destacando figuras consagradas como Javier Lostal\u00e9 y Marga Clark, voces premiadas a nivel nacional como Raquel V\u00e1zquez (Premio Loewe de Creaci\u00f3n Joven), Alicia Louzao (Premio Jovellanos al Mejor Poema del Mundo) o Ver\u00f3nica Aranda (Acc\u00e9sit del Premio Adon\u00e1is) y j\u00f3venes relacionados con la poes\u00eda viva, como el actual Premio Ciudad de C\u00f3rdoba \u00abRicardo Molina\u00bb, Bernard Engel, o el finalista del Premio LdeL\u00edrica, Bruno Lastra. <\/p>\n<p class=\"v-d-p\" style=\"\">Tambi\u00e9n participar\u00e1n Alain Uceda, Amaury Muro, \u00c1ngel Solo, Arturo Mart\u00ed, Carolina Mu\u00f1oz, Charo Fierro, Emilia Conejo, Jos\u00e9 F\u00e9lix Valdivieso, Mar\u00eda Pastor,  Marta Gonz\u00e1lez Novo, Pablo Rosal, P\u00eda Tedesco, Rosa Navarro o Sebasti\u00e1n Fiorilli, entre otros.<\/p>\n<p class=\"v-a-t\">\nEl Jard\u00edn Bot\u00e1nico acoger\u00e1 un encuentro entre Hugo Mujica y Pablo Rosal\n<\/p>\n<p class=\"v-d-p\" style=\"\">Tras el paso por el museo, la celebraci\u00f3n se traslada al Real Jard\u00edn Bot\u00e1nico- CSIC (13.30 horas). Concretamente en la Glorieta de la Ni\u00f1a, tendr\u00e1 lugar un di\u00e1logo entre el poeta y sacerdote argentino Hugo Mujica, galardonado con el Premio Loewe de Poes\u00eda 2026, y el dramaturgo y poeta Pablo Rosal, quienes explorar\u00e1n los l\u00edmites del lenguaje en un formato que prima la palabra viva y la reflexi\u00f3n. <\/p>\n<p class=\"v-d-p\" style=\"\">El cierre de la jornada ser\u00e1 las 19.30 horas, de nuevo en la sala de Callao, con un evento sobre la obra po\u00e9tica de Robe Iniesta. El encuentro, conducido por Gonzalo Escarpa y el music\u00f3logo Gonzalo Hormigo, repasar\u00e1 las letras de sus discos en solitario y analizar\u00e1 la figura de Robe como poeta. Adem\u00e1s contar\u00e1 con las actuaciones de diferentes artistas que versionar\u00e1n sus cl\u00e1sicos, como Natalia Vega, La Chiado, Javier Fern\u00e1ndez y Julia Bambolerira. <\/p>\n<p class=\"v-d-p\" style=\"\">Adem\u00e1s, como ya es tradici\u00f3n, el pr\u00f3ximo 21 de marzo arranca la VIII edici\u00f3n del Premio Nacional de Poes\u00eda Viva #LdeL\u00edrica, que organiza \u00c1mbito Cultural de El Corte Ingl\u00e9s y La Piscifactor\u00eda Laboratorio de Creaci\u00f3n, con el objetivo de fomentar y dar visibilidad a la poes\u00eda m\u00e1s all\u00e1 de la palabra escrita, apostando por la puesta en escena y la performance.<\/p>\n","protected":false},"excerpt":{"rendered":"Este pr\u00f3ximo fin de semana, la poes\u00eda conquista la ciudad con dos d\u00edas de actividades para todos los&hellip;\n","protected":false},"author":2,"featured_media":452528,"comment_status":"","ping_status":"","sticky":false,"template":"","format":"standard","meta":{"footnotes":""},"categories":[91],"tags":[978,146,147,25,24,205,2052,23,23298],"class_list":["post-452527","post","type-post","status-publish","format-standard","has-post-thumbnail","category-entretenimiento","tag-dia","tag-entertainment","tag-entretenimiento","tag-es","tag-espana","tag-madrid","tag-poesia","tag-spain","tag-verso"],"share_on_mastodon":{"url":"https:\/\/pubeurope.com\/@es\/116247441246534530","error":""},"_links":{"self":[{"href":"https:\/\/www.europesays.com\/es\/wp-json\/wp\/v2\/posts\/452527","targetHints":{"allow":["GET"]}}],"collection":[{"href":"https:\/\/www.europesays.com\/es\/wp-json\/wp\/v2\/posts"}],"about":[{"href":"https:\/\/www.europesays.com\/es\/wp-json\/wp\/v2\/types\/post"}],"author":[{"embeddable":true,"href":"https:\/\/www.europesays.com\/es\/wp-json\/wp\/v2\/users\/2"}],"replies":[{"embeddable":true,"href":"https:\/\/www.europesays.com\/es\/wp-json\/wp\/v2\/comments?post=452527"}],"version-history":[{"count":0,"href":"https:\/\/www.europesays.com\/es\/wp-json\/wp\/v2\/posts\/452527\/revisions"}],"wp:featuredmedia":[{"embeddable":true,"href":"https:\/\/www.europesays.com\/es\/wp-json\/wp\/v2\/media\/452528"}],"wp:attachment":[{"href":"https:\/\/www.europesays.com\/es\/wp-json\/wp\/v2\/media?parent=452527"}],"wp:term":[{"taxonomy":"category","embeddable":true,"href":"https:\/\/www.europesays.com\/es\/wp-json\/wp\/v2\/categories?post=452527"},{"taxonomy":"post_tag","embeddable":true,"href":"https:\/\/www.europesays.com\/es\/wp-json\/wp\/v2\/tags?post=452527"}],"curies":[{"name":"wp","href":"https:\/\/api.w.org\/{rel}","templated":true}]}}