{"id":452545,"date":"2026-03-18T01:09:13","date_gmt":"2026-03-18T01:09:13","guid":{"rendered":"https:\/\/www.europesays.com\/es\/452545\/"},"modified":"2026-03-18T01:09:13","modified_gmt":"2026-03-18T01:09:13","slug":"la-conversacion-entre-rosana-broncano-y-grison-en-la-revuelta-sobre-el-nudismo-cuidado-con-las-quemaduras","status":"publish","type":"post","link":"https:\/\/www.europesays.com\/es\/452545\/","title":{"rendered":"La conversaci\u00f3n entre Rosana, Broncano y Grison en &#8216;La Revuelta&#8217; sobre el nudismo: \u00abCuidado con las quemaduras\u00bb"},"content":{"rendered":"<p class=\"c-paragraph\"><a href=\"https:\/\/www.20minutos.es\/tags\/personas\/rosana.html\" title=\"Rosana\" rel=\"nofollow noopener\" target=\"_blank\">Rosana<\/a> ha sido este martes la invitada de <a href=\"https:\/\/www.20minutos.es\/tags\/temas\/la-revuelta.html\" title=\"La Revuelta\" rel=\"nofollow noopener\" target=\"_blank\">La Revuelta<\/a>. La cantante, que lleva casi una d\u00e9cada fuera de la m\u00fasica, ha visitado el programa de <a href=\"https:\/\/www.20minutos.es\/tags\/personas\/broncano.html\" title=\"David Broncano\" rel=\"nofollow noopener\" target=\"_blank\">David Broncano<\/a> para presentar <b>Mejor vivir sin miedo, una docuserie\u00a0<\/b>para \u00abdescubrir a la persona detr\u00e1s de las canciones y que abre la puerta del nuevo universo\u00bb, tal y como apunta ella en sus redes sociales.<\/p>\n<p class=\"c-paragraph\">Nada m\u00e1s sentarse en el sof\u00e1, ha visto la foto que <a href=\"https:\/\/www.20minutos.es\/television\/leiva-le-regala-broncano-otra-vez-una-foto-suya-que-aparece-desnudo-poco-tapado-habia-que-elegir-5698902\/\" title=\"Leiva le regala a Broncano (otra vez) una foto suya en la que aparece desnudo... y poco tapado: &quot;Hab\u00eda que elegir&quot;\" rel=\"nofollow noopener\" target=\"_blank\">Leiva le regal\u00f3 al presentador y en la que el artista aparece desnudo<\/a>. \u00ab<b>\u00bfSe pod\u00eda venir en pelotas? \u00a1Eso se dice antes!<\/b>\u00ab, le dijo a Broncano. Esta cuesti\u00f3n deriv\u00f3 en que se pusieran a hablar sobre el nudismo, pr\u00e1ctica que Rosana realiza en las playas permitidas.<\/p>\n<p class=\"c-paragraph\">\u00ab\u00bfAh\u00ed en Lanzarote o por ah\u00ed fuera?\u00bb, quiso saber el comunicador. \u00abNo, en cualquier sitio donde se pueda.\u00a0No siempre, ni todos los d\u00edas, pero s\u00ed\u00bb, afirm\u00f3 ella. \u00ab<b>A m\u00ed me da pudor, me da un poco de cosa<\/b>\u00ab, reconoci\u00f3 Broncano, sin saber explicar el porqu\u00e9.<\/p>\n<p class=\"c-paragraph\">\u00ab<b>Tenemos que ir juntos a Lanzarote<\/b>\u00ab, le propuso su invitada. \u00abYo en Almer\u00eda me encontr\u00e9 con mi profesora de matem\u00e1ticas, los dos en pelotas\u00bb, se uni\u00f3 Grison a la conversaci\u00f3n para contar su an\u00e9cdota. \u00abYo es que mi profesora de matem\u00e1ticas era mi madre, entonces claro, ser\u00eda m\u00e1s delicado\u00bb, agreg\u00f3 Broncano.<\/p>\n<p class=\"c-paragraph\">\u00abNormal es lo que se normaliza y <b>en Canarias eso es bastante normal<\/b>\u00ab, apunt\u00f3 Rosana. \u00abS\u00ed, en mi familia iba de ni\u00f1o por ah\u00ed con mis t\u00edos y ellos hac\u00edan nudismo, pero a m\u00ed me costaba un poco, supongo que depende un poco de la personalidad\u00bb, incidi\u00f3 el jiennense.<\/p>\n<p class=\"c-paragraph\">\u00ab\u00bfPero t\u00fa no crees que sea por falta de hacerlo con normalidad? A lo mejor por verg\u00fcenza de que te miren\u00bb, coment\u00f3 la artista. \u00ab<b>Tambi\u00e9n con 14 a\u00f1os, yo iba a fuego fuerte siempre, entonces&#8230;<\/b>\u00ab, brome\u00f3 Broncano.\u00a0<\/p>\n<p class=\"c-paragraph\">\u00abY cuidado con quemaduras de tercer grado\u00bb, volvi\u00f3 Grison a la charla. \u00abClaro, la gente cuando hace nudismo,<b> como son partes que no est\u00e1n expuestas al sol, hay que darse m\u00e1s crema, <\/b>porque eso est\u00e1 totalmente&#8230; Te pueden provocar unos problemas graves, \u00bfeh?\u00bb, aleg\u00f3 el presentador.\u00a0<\/p>\n<p class=\"c-paragraph\">\u00abSe te ponen los huevos como un babuino, chaval\u00bb, asegur\u00f3 el m\u00fasico. \u00ab\u00bfPero por qu\u00e9, ya lo has probado o qu\u00e9?\u00bb, quiso saber Rosana, a lo que \u00e9l le confirm\u00f3 que s\u00ed. \u00ab\u00bfY lo notas?\u00bb, insisti\u00f3 ella. \u00ab<b>Pero como la punta de la goma de un l\u00e1piz\u00bb<\/b>, zanj\u00f3 Grison con su respuesta.<\/p>\n","protected":false},"excerpt":{"rendered":"Rosana ha sido este martes la invitada de La Revuelta. La cantante, que lleva casi una d\u00e9cada fuera&hellip;\n","protected":false},"author":2,"featured_media":452546,"comment_status":"","ping_status":"","sticky":false,"template":"","format":"standard","meta":{"footnotes":""},"categories":[171],"tags":[9029,146,147,25,24,6870,29956,31132,518,23,214],"class_list":["post-452545","post","type-post","status-publish","format-standard","has-post-thumbnail","category-tv","tag-david-broncano","tag-entertainment","tag-entretenimiento","tag-es","tag-espana","tag-la-1","tag-la-revuelta","tag-rosana","tag-rtve","tag-spain","tag-tv"],"share_on_mastodon":{"url":"https:\/\/pubeurope.com\/@es\/116247512112393058","error":""},"_links":{"self":[{"href":"https:\/\/www.europesays.com\/es\/wp-json\/wp\/v2\/posts\/452545","targetHints":{"allow":["GET"]}}],"collection":[{"href":"https:\/\/www.europesays.com\/es\/wp-json\/wp\/v2\/posts"}],"about":[{"href":"https:\/\/www.europesays.com\/es\/wp-json\/wp\/v2\/types\/post"}],"author":[{"embeddable":true,"href":"https:\/\/www.europesays.com\/es\/wp-json\/wp\/v2\/users\/2"}],"replies":[{"embeddable":true,"href":"https:\/\/www.europesays.com\/es\/wp-json\/wp\/v2\/comments?post=452545"}],"version-history":[{"count":0,"href":"https:\/\/www.europesays.com\/es\/wp-json\/wp\/v2\/posts\/452545\/revisions"}],"wp:featuredmedia":[{"embeddable":true,"href":"https:\/\/www.europesays.com\/es\/wp-json\/wp\/v2\/media\/452546"}],"wp:attachment":[{"href":"https:\/\/www.europesays.com\/es\/wp-json\/wp\/v2\/media?parent=452545"}],"wp:term":[{"taxonomy":"category","embeddable":true,"href":"https:\/\/www.europesays.com\/es\/wp-json\/wp\/v2\/categories?post=452545"},{"taxonomy":"post_tag","embeddable":true,"href":"https:\/\/www.europesays.com\/es\/wp-json\/wp\/v2\/tags?post=452545"}],"curies":[{"name":"wp","href":"https:\/\/api.w.org\/{rel}","templated":true}]}}