{"id":452665,"date":"2026-03-18T02:49:11","date_gmt":"2026-03-18T02:49:11","guid":{"rendered":"https:\/\/www.europesays.com\/es\/452665\/"},"modified":"2026-03-18T02:49:11","modified_gmt":"2026-03-18T02:49:11","slug":"las-raices-asturianas-de-miguel-diaz-canel-el-presidente-de-cuba-que-esta-en-el-punto-de-mira-de-trump","status":"publish","type":"post","link":"https:\/\/www.europesays.com\/es\/452665\/","title":{"rendered":"Las ra\u00edces asturianas de Miguel D\u00edaz-Canel, el presidente de Cuba que est\u00e1 en el punto de mira de Trump"},"content":{"rendered":"<p class=\"v-mdl-ath__p v-mdl-ath__p--6\">\nMartes, 17 de marzo 2026, 20:35<\/p>\n<p>| Actualizado 22:19h.<\/p>\n<p class=\"v-p\"> Donald Trump tiene en el punto de mira a Cuba y tambi\u00e9n a quien lleva ocho a\u00f1os al frente del pa\u00eds caribe\u00f1o, <a href=\"https:\/\/www.elcomercio.es\/internacional\/america-latina\/trump-vislumbra-cuba-diazcanel-siga-pasos-venezuela-20260317183248-ntrc.html\" data-voc-vtm-id=\"in-text-traffic\" title=\"Miguel D\u00edaz-Canel.\" data-mrf-link=\"www.elcomercio.es\" rel=\"nofollow noopener\" target=\"_blank\">Miguel D\u00edaz-Canel.<\/a> \u00abCreo que tendr\u00e9 el honor de tomar Cuba. Liberarla o tomarla, la verdad es que podr\u00eda hacer con ella lo que quisiera, si le digo la verdad\u00bb, reconoc\u00eda el lunes. El presidente de Estados Unidos ha afirmado en varias ocasiones que miembros de su c\u00edrculo est\u00e1n en contacto con La Habana, y el diario &#8216;The New York Times&#8217; avanza este martes que una de las principales exigencias del republicano es la dimisi\u00f3n del presidente cubano, cuyas <a href=\"https:\/\/www.elcomercio.es\/internacional\/america-latina\/miguel-diaz-canel-candidato-suceder-raul-castro-cuba-20180418184306-nt.html\" data-voc-vtm-id=\"in-text-traffic\" title=\"ra\u00edces asturianas\" data-mrf-link=\"www.elcomercio.es\" rel=\"nofollow noopener\" target=\"_blank\">ra\u00edces asturianas<\/a> nunca ha ocultado. Su intenci\u00f3n con ello, seg\u00fan el peri\u00f3dico estadounidense, no ser\u00eda un cambio de r\u00e9gimen, sino un r\u00e9gimen que se pliegue ante el magnate como en el caso de la Venezuela de Nicol\u00e1s Maduro. <\/p>\n<p class=\"v-p\">Cuando Ra\u00fal Castro decidi\u00f3 en 2013 que D\u00edaz-Canel ser\u00eda el vicepresidente de su Gobierno, lo present\u00f3 a la Asamblea Nacional del Poder Popular de la siguiente manera: \u00abNo es un advenedizo, tampoco un improvisado\u00bb. Aquella frase encerraba mucho contenido para un r\u00e9gimen, el cubano, tan sensible a la simbolog\u00eda de las palabras. Ra\u00fal Castro, con esa frase, ven\u00eda a decir, salvando l\u00f3gicamente el contexto hist\u00f3rico y pol\u00edtico, lo que el general Francisco Franco hab\u00eda dicho en aquel mensaje de Navidad de 1969, cuando pronunci\u00f3 aquello de \u00abtodo est\u00e1 atado y bien atado\u00bb. Miguel Mario D\u00edaz-Canel Berm\u00fadezes un hombre nacido, criado y doctorado en el Partido Comunista de Cuba (PCC), por lo tanto, como bien dec\u00eda Ra\u00fal, no es un advenedizo y tampoco un \u00abimprovisado\u00bb, porque con \u00e9l en el poder se aseguraba la continuidad del castrismo, pero sin los Castro.<\/p>\n<p class=\"v-p\">Miguel Mario D\u00edaz-Canel (20 de abril de 1960) naci\u00f3 en Placetas, en la provincia de Villa Clara. Es ingeniero electr\u00f3nico y comenz\u00f3 su carrera profesional en las Fuerzas Armadas Revolucionarias. Dej\u00f3 el ej\u00e9rcito en 1985, licenci\u00e1ndose con el grado de capit\u00e1n.<\/p>\n<p class=\"v-p\">D\u00edaz-Canel tiene ra\u00edces asturianas. Es bisnieto de un castropolense, Ram\u00f3n D\u00edaz-Canel, que a mediados del siglo XIX emigr\u00f3 a Cuba, entonces provincia espa\u00f1ola de ultramar. All\u00ed, en La Habana, este asturiano fund\u00f3 una f\u00e1brica de muebles, La Perla, que acumul\u00f3 gran fama en la capital de la mayor de las Antillas.<\/p>\n<p class=\"v-p\">Aunque es asturiano de tercera generaci\u00f3n, siempre manifest\u00f3 mucho inter\u00e9s por saber la historia de su familia. \u00abConoc\u00eda Asturias y sab\u00eda bien lo que aqu\u00ed pasaba\u00bb, comentaba hace a\u00f1os el exconcejal de IU en Gij\u00f3n Jes\u00fas Montes Estrada.<\/p>\n<p class=\"v-p\">El exedil conoci\u00f3 personalmente al presidente del pa\u00eds caribe\u00f1o. Fue en noviembre de 2013, en los funerales en memoria de un veterano de Sierra Maestra \u2013zona monta\u00f1osa donde comenz\u00f3 la revoluci\u00f3n liderada por Fidel\u2013 en el cementerio de Col\u00f3n, a los que el exconcejal gijon\u00e9s hab\u00eda sido invitado. \u00abMe lo presentaron y me cont\u00f3 la historia de su familia, que eran originarios de Castropol. Me sorprendi\u00f3 el grado de conocimiento que ten\u00eda de Asturias sin haber estado en ella nunca\u00bb, recuerda Montes Estrada. \u00abRecordaba, incluso, hasta las ayudas de cooperaci\u00f3n que desde el Ayuntamiento de Gij\u00f3n se conced\u00edan a las entidades cubanas siendo yo concejal\u00bb, a\u00f1ad\u00eda.<\/p>\n<p>Reporta un error<\/p>\n","protected":false},"excerpt":{"rendered":"Martes, 17 de marzo 2026, 20:35 | Actualizado 22:19h. Donald Trump tiene en el punto de mira a&hellip;\n","protected":false},"author":2,"featured_media":452666,"comment_status":"","ping_status":"","sticky":false,"template":"","format":"standard","meta":{"footnotes":""},"categories":[42],"tags":[2447,17,18,1164,94313,13,14,11,61,62,63,64,19,20,4098,9,10,15,16,1461,5551,12,21,22,65,66,67],"class_list":["post-452665","post","type-post","status-publish","format-standard","has-post-thumbnail","category-internacional","tag-asturianas","tag-breaking-news","tag-breakingnews","tag-cuba","tag-diazcanel","tag-featured-news","tag-featurednews","tag-headlines","tag-internacional","tag-international","tag-international-news","tag-internationalnews","tag-latest-news","tag-latestnews","tag-miguel","tag-news","tag-noticias","tag-noticias-destacadas","tag-noticiasdestacadas","tag-presidente","tag-raices","tag-titulares","tag-ultimas-noticias","tag-ultimasnoticias","tag-world","tag-world-news","tag-worldnews"],"share_on_mastodon":{"url":"https:\/\/pubeurope.com\/@es\/116247905535271447","error":""},"_links":{"self":[{"href":"https:\/\/www.europesays.com\/es\/wp-json\/wp\/v2\/posts\/452665","targetHints":{"allow":["GET"]}}],"collection":[{"href":"https:\/\/www.europesays.com\/es\/wp-json\/wp\/v2\/posts"}],"about":[{"href":"https:\/\/www.europesays.com\/es\/wp-json\/wp\/v2\/types\/post"}],"author":[{"embeddable":true,"href":"https:\/\/www.europesays.com\/es\/wp-json\/wp\/v2\/users\/2"}],"replies":[{"embeddable":true,"href":"https:\/\/www.europesays.com\/es\/wp-json\/wp\/v2\/comments?post=452665"}],"version-history":[{"count":0,"href":"https:\/\/www.europesays.com\/es\/wp-json\/wp\/v2\/posts\/452665\/revisions"}],"wp:featuredmedia":[{"embeddable":true,"href":"https:\/\/www.europesays.com\/es\/wp-json\/wp\/v2\/media\/452666"}],"wp:attachment":[{"href":"https:\/\/www.europesays.com\/es\/wp-json\/wp\/v2\/media?parent=452665"}],"wp:term":[{"taxonomy":"category","embeddable":true,"href":"https:\/\/www.europesays.com\/es\/wp-json\/wp\/v2\/categories?post=452665"},{"taxonomy":"post_tag","embeddable":true,"href":"https:\/\/www.europesays.com\/es\/wp-json\/wp\/v2\/tags?post=452665"}],"curies":[{"name":"wp","href":"https:\/\/api.w.org\/{rel}","templated":true}]}}