{"id":453105,"date":"2026-03-18T09:23:10","date_gmt":"2026-03-18T09:23:10","guid":{"rendered":"https:\/\/www.europesays.com\/es\/453105\/"},"modified":"2026-03-18T09:23:10","modified_gmt":"2026-03-18T09:23:10","slug":"relevo-suma-otros-cinco-negocios-en-lo-que-va-de-marzo-y-llega-a-39-cerca-de-su-primer-aniversario","status":"publish","type":"post","link":"https:\/\/www.europesays.com\/es\/453105\/","title":{"rendered":"\u2018Relevo\u2019 suma otros cinco negocios en lo que va de marzo y llega a 39 cerca de su primer aniversario"},"content":{"rendered":"<p>Se trata de cinco negocios de tres sectores distintos, como son el comercial, el agropecuario y el hostelero, lo que \u00abda la medida del amplio abanico que abarcamos, poniendo en contacto a ofertantes e interesados en emprender en cualquiera de los 247 municipios abulenses\u201d, a\u00f1ade Mart\u00edn. Con estas cinco incorporaciones, desde que se puso en marcha el proyecto de la Diputaci\u00f3n, de los 39 traspasos completados, 24 pertenecen al sector hostelero y 15 a otros vinculados a la industria, el ocio, la salud, la ganader\u00eda y el consumo.<\/p>\n<p>El primero de los traspasos cerrados en marzo es el Mes\u00f3n La Fragua, en Martieherrero, ejemplo del negocio familiar de hosteler\u00eda en funcionamiento desde hace 25 a\u00f1os y con una s\u00f3lida trayectoria, buena reputaci\u00f3n y clientela fija. Ubicado a tan solo seis kil\u00f3metros de la ciudad de \u00c1vila, estaba totalmente montado y equipado, lo que permite retomar la actividad sin inversiones adicionales. Los otros dos negocios hosteleros traspasados en lo que va de marzo son el bar municipal de Mironcillo y un afamado restaurante de la Sierra de Gredos, en la N-502 en San Mart\u00edn del Pimpollar.<\/p>\n<p>En cuanto a los otros sectores, se ha dado el relevo a un local comercial de El Barraco en el que se ubicaba una pasteler\u00eda, y a una explotaci\u00f3n de ganado caprino de Casavieja que ahora pasar\u00e1 a criar vacuno y ovino, de 2.000 m2 de nave y 11.000 m2 de terreno que son prados anexos junto al monte p\u00fablico. Cuenta con sala de orde\u00f1o, manovac con variador de frecuencia, un tanque de leche con capacidad para 1.200 litros, sala de lactaci\u00f3n artificial automatizada, dos silos de quince toneladas de capacidad cada uno, comederos y bebederos, instalaci\u00f3n para vagoneta de alimentaci\u00f3n y una miniexcavadora.<\/p>\n<p><strong>Sobre \u2018Relevo Generacional en el Negocio Rural de \u00c1vila\u2019<\/strong><\/p>\n<p>Seg\u00fan datos del Ministerio de Industria, Comercio y Turismo, el 70 % de las peque\u00f1as y medianas empresas no tienen un plan de sucesi\u00f3n y tres de cada diez no consiguen sobrevivir al cambio generacional.<\/p>\n<p>La implementaci\u00f3n de un proyecto para visibilizar los negocios activos susceptibles de transferencia de gesti\u00f3n o propietario se convierte, as\u00ed, en un instrumento pertinente para la b\u00fasqueda de personas con perfiles adecuados para su adquisici\u00f3n y gesti\u00f3n, dando un primer impulso al proceso de relevo del negocio a potenciales empresarios que aseguren la continuidad de los negocios.<\/p>\n<p>Numerosos negocios rentables en los pueblos de la provincia buscan un relevo que les permita continuar en activo y evitar un cierre definitivo. Hay que tener en cuenta que la alternativa de un negocio en el entorno rural cuenta con no pocas ventajas, entre las que se cuentan un precio m\u00e1s asequible que los de la ciudad, menor cantidad de gastos asociados, la menor cantidad de gestiones administrativas para llevarlo a cabo, la rentabilidad de estos, la escasa competencia en su \u00e1mbito territorial, el apoyo de los anteriores propietarios que colaboran activamente en el proceso de aprendizaje del nuevo emprendedor, la positiva acogida de los habitantes de la zona que ven asegurada la continuidad de un servicio esencial y las m\u00faltiples v\u00edas para llegar a un acuerdo: venta, alquiler, traspaso, cesi\u00f3n gratuita a cambio mantener la oferta del servicio (caso de los bares de titularidad municipal), cesi\u00f3n a cambio de mantener las instalaciones, o participar como socios donde uno aporta el negocio y otro la mano de obra.<\/p>\n<p>Por todo ello, la Diputaci\u00f3n Provincial de \u00c1vila se puso en marcha en abril de 2025 el proyecto Relevo Generacional en el Negocio Rural, que ha venido desarroll\u00e1ndose con \u00e9xito hasta hoy para que contin\u00faen funcionando los negocios de nuestros pueblos. Cada negocio que permanece abierto supone fijar poblaci\u00f3n en la zona y dinamizarla econ\u00f3micamente, adem\u00e1s de brindar un servicio imprescindible para las personas que ya viven all\u00ed.<\/p>\n<p>El proyecto pone en contacto a nuevos emprendedores con personas que deciden cerrar su negocio por jubilaci\u00f3n u otros motivos para evitar su cierre definitivo, apoy\u00e1ndoles en el proceso para conseguir un relevo que asegure la continuidad de su actividad, la generaci\u00f3n de empleo y la estabilidad demogr\u00e1fica en la provincia.<\/p>\n<p class=\"leer\">Volver a las noticias&#13;\n\t\t<\/p>\n","protected":false},"excerpt":{"rendered":"Se trata de cinco negocios de tres sectores distintos, como son el comercial, el agropecuario y el hostelero,&hellip;\n","protected":false},"author":2,"featured_media":453106,"comment_status":"","ping_status":"","sticky":false,"template":"","format":"standard","meta":{"footnotes":""},"categories":[80],"tags":[19480,19479,19500,19499,19478,19471,7607,19485,19484,19473,19472,82,19494,19481,19469,7821,19470,95,94,25,24,19493,19492,19491,19490,19483,19482,19489,19496,19495,19475,19474,19477,19476,19504,19503,19497,19498,23,19502,19501,4664,10481,19488,19487,19486,13129],"class_list":["post-453105","post","type-post","status-publish","format-standard","has-post-thumbnail","category-economia","tag-agencia-provincial-energia-vila","tag-agencia-provincial-energia-avila","tag-alojamientos-rurales-vila","tag-alojamientos-rurales-avila","tag-apea","tag-av","tag-avila","tag-biodiversidad-vila","tag-biodiversidad-avila","tag-boletin-oficial-de-vila","tag-boletin-oficial-de-avila","tag-business","tag-castros-y-verracos","tag-desarrollo-rural","tag-diputacin","tag-diputacion","tag-diputacionavila","tag-economia","tag-economy","tag-es","tag-espana","tag-fundacin-cultural-santa-teresa","tag-fundacion-cultural-santa-teresa","tag-institucin-gran-duque-de-alba","tag-institucion-gran-duque-de-alba","tag-medio-ambiente-vila","tag-medio-ambiente-avila","tag-naturavila","tag-organismo-recaudacim-de-vila","tag-organismo-recaudacion-de-avila","tag-patronato-turismo-vila","tag-patronato-turismo-avila","tag-provincia-vila","tag-provincia-avila","tag-pueblos-vila","tag-pueblos-avila","tag-servicios-sociales","tag-servicios-sociales-vila","tag-spain","tag-tiempo-en-vila","tag-tiempo-en-avila","tag-turismo","tag-uned","tag-unidad-promocin-desarrollo-vila","tag-unidad-promocion-desarrollo-avila","tag-upd","tag-vila"],"share_on_mastodon":{"url":"","error":"Validation failed: Text character limit of 500 exceeded"},"_links":{"self":[{"href":"https:\/\/www.europesays.com\/es\/wp-json\/wp\/v2\/posts\/453105","targetHints":{"allow":["GET"]}}],"collection":[{"href":"https:\/\/www.europesays.com\/es\/wp-json\/wp\/v2\/posts"}],"about":[{"href":"https:\/\/www.europesays.com\/es\/wp-json\/wp\/v2\/types\/post"}],"author":[{"embeddable":true,"href":"https:\/\/www.europesays.com\/es\/wp-json\/wp\/v2\/users\/2"}],"replies":[{"embeddable":true,"href":"https:\/\/www.europesays.com\/es\/wp-json\/wp\/v2\/comments?post=453105"}],"version-history":[{"count":0,"href":"https:\/\/www.europesays.com\/es\/wp-json\/wp\/v2\/posts\/453105\/revisions"}],"wp:featuredmedia":[{"embeddable":true,"href":"https:\/\/www.europesays.com\/es\/wp-json\/wp\/v2\/media\/453106"}],"wp:attachment":[{"href":"https:\/\/www.europesays.com\/es\/wp-json\/wp\/v2\/media?parent=453105"}],"wp:term":[{"taxonomy":"category","embeddable":true,"href":"https:\/\/www.europesays.com\/es\/wp-json\/wp\/v2\/categories?post=453105"},{"taxonomy":"post_tag","embeddable":true,"href":"https:\/\/www.europesays.com\/es\/wp-json\/wp\/v2\/tags?post=453105"}],"curies":[{"name":"wp","href":"https:\/\/api.w.org\/{rel}","templated":true}]}}