{"id":453330,"date":"2026-03-18T12:17:11","date_gmt":"2026-03-18T12:17:11","guid":{"rendered":"https:\/\/www.europesays.com\/es\/453330\/"},"modified":"2026-03-18T12:17:11","modified_gmt":"2026-03-18T12:17:11","slug":"video-wyoming-critica-la-demanda-de-abogados-cristianos-por-la-que-hector-de-miguel-queque-ira-a-juicio-son-profesionales-del-acoso","status":"publish","type":"post","link":"https:\/\/www.europesays.com\/es\/453330\/","title":{"rendered":"V\u00eddeo: Wyoming critica la demanda de Abogados Cristianos por la que H\u00e9ctor de Miguel (Quequ\u00e9) ir\u00e1 a juicio: \u00abSon profesionales del acoso\u00bb"},"content":{"rendered":"<p class=\"article-text\">\n        <strong>El Gran Wyoming<\/strong> ha criticado que <strong>H\u00e9ctor de Miguel <\/strong>tenga que ir a juicio por la demanda que <strong>Polonia Castellanos<\/strong>, la presidenta de la asociaci\u00f3n ultra Abogados Cristianos, hab\u00eda presentado previamente contra \u00e9l. El Tribunal de Instancia Secci\u00f3n de Instrucci\u00f3n Plaza n\u00famero 6 de Valladolid ha acordado la apertura de juicio oral contra el humorista, anteriormente conocido como Quequ\u00e9, por un <a href=\"https:\/\/www.eldiario.es\/castilla-y-leon\/tribunales\/justicia-abre-juicio-oral-humorista-queque-acoso-presidenta-abogados-cristianos_1_13072512.html\" target=\"_blank\" data-mrf-recirculation=\"links-noticia\" class=\"link\" rel=\"nofollow noopener\">presunto delito de coacciones (acoso)<\/a>. La Fiscal\u00eda pide dos a\u00f1os de c\u00e1rcel para el c\u00f3mico, as\u00ed como el pago de una indemnizaci\u00f3n de 6.000 euros por perjuicio y da\u00f1o moral. La acusaci\u00f3n particular solicita dos a\u00f1os de c\u00e1rcel por un delito de acoso, otros dos por un delito de incitaci\u00f3n al odio y una indemnizaci\u00f3n de 12.000 euros.\n    <\/p>\n<p>    <a href=\"https:\/\/www.eldiario.es\/vertele\/noticias\/jordi-evole-unira-marc-giro-pedro-sanchez-llamada-sorpresa-entrevista-lasexta-fecha_1_13074171.html\" data-mrf-recirculation=\"saber-mas\" data-dl-event=\"saber-mas\" rel=\"nofollow noopener\" target=\"_blank\"><\/p>\n<p class=\"know-more__title\">Jordi \u00c9vole unir\u00e1 a Marc Gir\u00f3 y Pedro S\u00e1nchez con una llamada sorpresa en su entrevista en laSexta, que ya tiene fecha<\/p>\n<p>            <img decoding=\"async\" class=\"lazy\" loading=\"lazy\" data-src=\"https:\/\/static.eldiario.es\/clip\/c5da5b5b-4f19-4f9d-952f-dddd37c92f96_16-9-aspect-ratio_default_0.jpg\" src=\"data:image\/svg+xml,%3Csvg xmlns=\" http:=\"\" viewbox=\"0 0 880 495\" alt=\"Jordi \u00c9vole unir\u00e1 a Marc Gir\u00f3 y Pedro S\u00e1nchez con una llamada sorpresa en su entrevista en laSexta, que ya tiene fecha\"\/><\/p>\n<p>                        <\/a><\/p>\n<p class=\"article-text\">\n        \u201cMuchas veces pienso que merecer\u00eda ir a la c\u00e1rcel por alguno de mis\u00a0<strong>chistes<\/strong>, pero el problema no es cuando lo pienso yo, es cuando lo piensa gente m\u00e1s peligrosa e influyente\u201d, asegura Wyoming sobre este caso. Para el presentador de <strong>El Intermedio<\/strong>, Castellanos \u201cse dedica a denunciar a diestro y siniestro todas las herej\u00edas que ve\u201d, siendo De Miguel el \u00faltimo en sumarse a su lista de denunciados. Una lista en la que tambi\u00e9n figuran los colegios de Castell\u00f3n, que estuvieron en el punto de mira de la entidad ultra por dar, supuestamente, \u201clibros sobre c\u00f3mo cocinar semen\u201d a ni\u00f1os de 11 a\u00f1os, tal como ha recordado Wyoming.\n    <\/p>\n<p class=\"article-text\">\n        Seg\u00fan el showman de <strong>laSexta<\/strong>, la denuncia de Abogados Cristianos contra H\u00e9ctor de Miguel<strong> \u201ces bastante parad\u00f3jica\u201d <\/strong>porque \u201cse presentan como v\u00edctimas de acoso cuando ellos son unos verdaderos\u00a0<strong>profesionales del acoso<\/strong>\u201d. De hecho, seg\u00fan el presentador, esta es la <strong>tercera querella<\/strong> que interponen contra el humorista, lo que supone ya \u201ccasi ensa\u00f1amiento\u201d. Las noticias sobre esta \u00faltima llegan, adem\u00e1s, dos meses despu\u00e9s de que De Miguel anunciara su <a href=\"https:\/\/www.eldiario.es\/vertele\/noticias\/queque-hector-de-miguel-anuncia-retirada-temporal-polemica-parodia-nacho-abad-no-apetece-martir_1_12935172.html\" target=\"_blank\" data-mrf-recirculation=\"links-noticia\" class=\"link\" rel=\"nofollow noopener\">retirada temporal de los medios<\/a> tras la pol\u00e9mica surgida a ra\u00edz de su parodia de Nacho Abad.\n    <\/p>\n<p>    <a href=\"https:\/\/www.eldiario.es\/vertele\/entrevistas\/ana-milan-entrevista-rosalia-cuatro-ex-la-vida-despues-reivindica-empatia-hay-sobrefiscalizacion-insoportable-polemica_1_13075453.html\" data-mrf-recirculation=\"saber-mas-abajo\" data-dl-event=\"saber-mas-abajo\" rel=\"nofollow noopener\" target=\"_blank\"><\/p>\n<p class=\"know-more__title\">Ana Mil\u00e1n reivindica la empat\u00eda en su vuelta a Cuatro con Rosal\u00eda: \u201cHay una sobrefiscalizaci\u00f3n con todo, es insoportable\u201d\n<\/p>\n<p>            <img decoding=\"async\" class=\"lazy\" loading=\"lazy\" data-src=\"https:\/\/static.eldiario.es\/clip\/1011052b-3926-492e-8ffe-6524a33f238a_16-9-aspect-ratio_default_0.jpg\" src=\"data:image\/svg+xml,%3Csvg xmlns=\" http:=\"\" viewbox=\"0 0 880 495\" alt=\"Ana Mil\u00e1n reivindica la empat\u00eda en su vuelta a Cuatro con Rosal\u00eda: &quot;Hay una sobrefiscalizaci\u00f3n con todo, es insoportable&quot;\"\/><\/p>\n<p>                        <\/a><\/p>\n<p class=\"article-text\">\n        \u201cLo \u00fanico que tienen de cristianos es que\u00a0<strong>creen en el infierno\u201d<\/strong>, a\u00f1ade Wyoming, que desea \u201cvivir en un pa\u00eds donde una asociaci\u00f3n como esta no se pueda querellar contra un c\u00f3mico por un chiste\u201d. O como m\u00ednimo, \u201cen un pa\u00eds en el que ning\u00fan juez ni fiscal contemporizase con un grupo ultra\u201d.\n    <\/p>\n","protected":false},"excerpt":{"rendered":"El Gran Wyoming ha criticado que H\u00e9ctor de Miguel tenga que ir a juicio por la demanda que&hellip;\n","protected":false},"author":2,"featured_media":453331,"comment_status":"","ping_status":"","sticky":false,"template":"","format":"standard","meta":{"footnotes":""},"categories":[174],"tags":[45614,19530,255,1497,6386,146,147,25,24,256,94427,15902,5541,16600,45484,2877,23,13290],"class_list":["post-453330","post","type-post","status-publish","format-standard","has-post-thumbnail","category-famosos","tag-abogados-cristianos","tag-acoso","tag-celebrities","tag-critica","tag-demanda","tag-entertainment","tag-entretenimiento","tag-es","tag-espana","tag-famosos","tag-hector-de-miguel","tag-ira","tag-juicio","tag-profesionales","tag-queque","tag-son","tag-spain","tag-wyoming"],"share_on_mastodon":{"url":"https:\/\/pubeurope.com\/@es\/116250138739788890","error":""},"_links":{"self":[{"href":"https:\/\/www.europesays.com\/es\/wp-json\/wp\/v2\/posts\/453330","targetHints":{"allow":["GET"]}}],"collection":[{"href":"https:\/\/www.europesays.com\/es\/wp-json\/wp\/v2\/posts"}],"about":[{"href":"https:\/\/www.europesays.com\/es\/wp-json\/wp\/v2\/types\/post"}],"author":[{"embeddable":true,"href":"https:\/\/www.europesays.com\/es\/wp-json\/wp\/v2\/users\/2"}],"replies":[{"embeddable":true,"href":"https:\/\/www.europesays.com\/es\/wp-json\/wp\/v2\/comments?post=453330"}],"version-history":[{"count":0,"href":"https:\/\/www.europesays.com\/es\/wp-json\/wp\/v2\/posts\/453330\/revisions"}],"wp:featuredmedia":[{"embeddable":true,"href":"https:\/\/www.europesays.com\/es\/wp-json\/wp\/v2\/media\/453331"}],"wp:attachment":[{"href":"https:\/\/www.europesays.com\/es\/wp-json\/wp\/v2\/media?parent=453330"}],"wp:term":[{"taxonomy":"category","embeddable":true,"href":"https:\/\/www.europesays.com\/es\/wp-json\/wp\/v2\/categories?post=453330"},{"taxonomy":"post_tag","embeddable":true,"href":"https:\/\/www.europesays.com\/es\/wp-json\/wp\/v2\/tags?post=453330"}],"curies":[{"name":"wp","href":"https:\/\/api.w.org\/{rel}","templated":true}]}}