{"id":453697,"date":"2026-03-18T16:39:09","date_gmt":"2026-03-18T16:39:09","guid":{"rendered":"https:\/\/www.europesays.com\/es\/453697\/"},"modified":"2026-03-18T16:39:09","modified_gmt":"2026-03-18T16:39:09","slug":"aena-desvela-los-cinco-finalistas-de-su-premio-literario-que-tiene-un-premio-de-un-millon-de-euros","status":"publish","type":"post","link":"https:\/\/www.europesays.com\/es\/453697\/","title":{"rendered":"AENA desvela los cinco finalistas de su premio literario, que tiene un premio de un mill\u00f3n de euros"},"content":{"rendered":"<p class=\"ft-text ft-helper-closenews\">Una de sus novelas vale un mill\u00f3n de euros. As\u00ed lo ha considerado el jurado del\u00a0<strong>premio AENA de Narrativa\u00a0<\/strong>que preside la escritora Rosa Montero:\u00a0<strong>H\u00e9ctor Abad Faciolince<\/strong>\u00a0(&#8216;Ahora y en la hora&#8217;),\u00a0<strong>Nona Fern\u00e1ndez<\/strong>\u00a0(&#8216;Marciano&#8217;),\u00a0<strong>Marcos Giralt Torrente<\/strong>\u00a0(&#8216;Los ilusionistas&#8217;),\u00a0<strong>Samanta Schweblin<\/strong>\u00a0(&#8216;El buen mal&#8217;) y<strong>\u00a0Enrique Vila-Matas<\/strong>\u00a0(&#8216;Canon de c\u00e1mara oscura&#8217;) optan a un galard\u00f3n que, econ\u00f3micamente, ojo,\u00a0planta cara al Planeta, el m\u00e1s codiaciado de las letras espa\u00f1olas hasta hoy. Su presentaci\u00f3n el pasado 26 de febrero provoc\u00f3 un terremoto en el sector. Y, desde entonces, las apuestas no han cesado. S\u00f3lo hab\u00eda una condici\u00f3n: las obras deb\u00edan haberse <strong>publicado en espa\u00f1ol o lenguas cooficiales a lo largo de 2025<\/strong>. Jordi Amat, Nuria Azancot, Ver\u00f3nica Chiaravalli, Paula Corroto, Lara Hermoso, Anna Mar\u00eda Iglesia, Daniel Marqu\u00ednez, Antonio Mart\u00ednez, Leandro P\u00e9rez de Miguel y Karina Sainz Borgo se han encargado del cribado hasta quedarse con los cinco finalistas.\u00a0<strong>El fallo se conocer\u00e1 el 8 de abril\u00a0en Barcelona<\/strong>.<\/p>\n<p class=\"ft-text\">A diferencia de otros premios, el de AENA no est\u00e1 impulsado por una editorial. Por lo que no se trata de un adelanto en sentido estricto como sucede con la mayor\u00eda. De hecho,\u00a0el ganador recibir\u00e1 la cuant\u00eda en juego, as\u00ed como los\u00a0&#8216;royalties&#8217;\u00a0generados por las ventas posteriores. Por su parte, los <strong>cuatro finalistas recibir\u00e1n 30.000 euros<\/strong>. \u00abAmo este premio y ojal\u00e1 vaya desarroll\u00e1ndose para sacar libros que no sean los obvios\u00bb, ha subrayado Montero. La compa\u00f1\u00eda, asimismo, invertir\u00e1 otro mill\u00f3n de euros en comprar ejemplares para escuelas y bibliotecas de las ciudades en las que Aena tenga aeropuertos.<\/p>\n<p class=\"ft-text\">Pilar Ad\u00f3n, Luis Alberto de Cuenca, Jorge Fern\u00e1ndez D\u00edaz, Leila Guerriero, Jos\u00e9 Carlos Llop y Elmer Mendoza elegir\u00e1n, junto a\u00a0Rosa Montero, en tres semanas, al ganador de la primera edici\u00f3n. El objetivo es <strong>fomentar la lectura y la creaci\u00f3n literaria<\/strong>. Un reconocimiento con vocaci\u00f3n trasatl\u00e1ntica gracias a los apoyos de la Fundaci\u00f3n Gabo y la C\u00e1tedra Vargas Llosa. Quieren crear <strong>un Booker a la espa\u00f1ola<\/strong>, alejado de los grandes sellos. Y, para ello, est\u00e1n involucrando a lo m\u00e1s granado de las letras hispanas.<\/p>\n<p class=\"ft-text\">\u00abEste premio es una alegr\u00eda para los autores.\u00a0Que se meta dinero y visibilidad es maravilloso. Intentar que tenga un peso en la literatura mundial es la gran aspiraci\u00f3n. Ahora bien, llegar a ese lugar cuesta.\u00a0Hay que tener cuenta que es un galard\u00f3n a un t\u00edtulo concreto, no a una trayectoria, lo que dificulta el proceso\u00bb, ha a\u00f1adido Montero, acompa\u00f1ada en la librer\u00eda La Mistral por Nuria Azancot, Antonio Mart\u00ednez Asensio y Jes\u00fas Garc\u00eda Calero. Y ha concluido: \u00abMe han asombrado que se pregunte tanto por el dinero. Si no hubiera tanto de por medio, esta sala no estar\u00eda llena. Estamos remando para movilizar el sector\u00bb.<\/p>\n<p>&#8216;Ahora y en la hora&#8217;, de H\u00e9ctor Abad Faciolince (Colombia) <\/p>\n<p class=\"ft-text\">Cr\u00f3nica de un violento episodio vivido por el propio autor en Ucrania, lo que le hace enfrentarse de nuevo a los efectos devastadores de la violencia y la guerra, la indignaci\u00f3n por la muerte de los inocentes, la culpa y el estupor de quien no ha ca\u00eddo y su inapelable impulso de contar lo presenciado.<\/p>\n<p>&#8216;Marciano&#8217;, de Nona Fern\u00e1ndez (Chile)<\/p>\n<p class=\"ft-text\">La autora cruza audazmente la memoria y la imaginaci\u00f3n para entender la historia reciente de Chile, sumergi\u00e9ndose en zonas que parecen salirse de los l\u00edmites terrenales, en las que espacio y tiempo no son tan claros. La narradora visita a Mauricio Hern\u00e1ndez en la c\u00e1rcel para hacerle preguntas, convocando a varios personajes con el fin de entender c\u00f3mo fue su convulsa trayectoria.<\/p>\n<p>&#8216;Los ilusionistas&#8217;, de Marcos Giralt Torrente (Espa\u00f1a)<\/p>\n<p class=\"ft-text\">Historia de c\u00f3mo se conocen los abuelos maternos del autor en el verano de 1931 en un pueblo costero de Galicia y, a la vez, una reflexi\u00f3n sobre los afectos, la memoria, las ataduras de la herencia y la propia escritura.<\/p>\n<p>&#8216;El buen mal&#8217;, de Samanta Schweblin (Argentina)<\/p>\n<p class=\"ft-text\">Libro de cuentos cuyos personajes, vulnerables y profundamente humanos, est\u00e1n atrapados en ese instante en que lo extra\u00f1o asoma a sus vidas para transformarlas, dejando a algunos de pie frente al dolor, a otros dialogando con la culpa o la ternura y a todos atravesados por la incertidumbre.<\/p>\n<p>&#8216;Canon de c\u00e1mara oscura&#8217;, de Enrique Vila-Matas (Espa\u00f1a)<\/p>\n<p class=\"ft-text\">El protagonista de esta historia ha seleccionado 71 libros en un cuarto oscuro de su casa con la idea de escribir un canon desplazado, disidente de los oficiales. Cada ma\u00f1ana elige al azar uno de ellos y saca a la luz un fragmento con destino al Canon, pero su lectura influye en su vida y tambi\u00e9n en su escritura.<\/p>\n<p data-close=\"closedContent\" class=\"subscribeHideForDisplay\">Suscr\u00edbete para seguir leyendo<\/p>\n","protected":false},"excerpt":{"rendered":"Una de sus novelas vale un mill\u00f3n de euros. As\u00ed lo ha considerado el jurado del\u00a0premio AENA de&hellip;\n","protected":false},"author":2,"featured_media":453698,"comment_status":"","ping_status":"","sticky":false,"template":"","format":"standard","meta":{"footnotes":""},"categories":[91],"tags":[1162,146,147,25,24,1557,2880,225,7818,4027,23219,843,23],"class_list":["post-453697","post","type-post","status-publish","format-standard","has-post-thumbnail","category-entretenimiento","tag-aena","tag-entertainment","tag-entretenimiento","tag-es","tag-espana","tag-euros","tag-finalistas","tag-libros","tag-millon","tag-narrativa","tag-nominados","tag-premio","tag-spain"],"share_on_mastodon":{"url":"https:\/\/pubeurope.com\/@es\/116251169092267088","error":""},"_links":{"self":[{"href":"https:\/\/www.europesays.com\/es\/wp-json\/wp\/v2\/posts\/453697","targetHints":{"allow":["GET"]}}],"collection":[{"href":"https:\/\/www.europesays.com\/es\/wp-json\/wp\/v2\/posts"}],"about":[{"href":"https:\/\/www.europesays.com\/es\/wp-json\/wp\/v2\/types\/post"}],"author":[{"embeddable":true,"href":"https:\/\/www.europesays.com\/es\/wp-json\/wp\/v2\/users\/2"}],"replies":[{"embeddable":true,"href":"https:\/\/www.europesays.com\/es\/wp-json\/wp\/v2\/comments?post=453697"}],"version-history":[{"count":0,"href":"https:\/\/www.europesays.com\/es\/wp-json\/wp\/v2\/posts\/453697\/revisions"}],"wp:featuredmedia":[{"embeddable":true,"href":"https:\/\/www.europesays.com\/es\/wp-json\/wp\/v2\/media\/453698"}],"wp:attachment":[{"href":"https:\/\/www.europesays.com\/es\/wp-json\/wp\/v2\/media?parent=453697"}],"wp:term":[{"taxonomy":"category","embeddable":true,"href":"https:\/\/www.europesays.com\/es\/wp-json\/wp\/v2\/categories?post=453697"},{"taxonomy":"post_tag","embeddable":true,"href":"https:\/\/www.europesays.com\/es\/wp-json\/wp\/v2\/tags?post=453697"}],"curies":[{"name":"wp","href":"https:\/\/api.w.org\/{rel}","templated":true}]}}