{"id":454074,"date":"2026-03-18T21:59:11","date_gmt":"2026-03-18T21:59:11","guid":{"rendered":"https:\/\/www.europesays.com\/es\/454074\/"},"modified":"2026-03-18T21:59:11","modified_gmt":"2026-03-18T21:59:11","slug":"la-victoria-de-venezuela-en-el-clasico-mundial-llena-de-orgullo-al-exilio-en-miami","status":"publish","type":"post","link":"https:\/\/www.europesays.com\/es\/454074\/","title":{"rendered":"La victoria de Venezuela en el Cl\u00e1sico Mundial llena de orgullo al exilio en Miami"},"content":{"rendered":"<p>    <img src=\"https:\/\/www.europesays.com\/es\/wp-content\/uploads\/2026\/03\/2026-03-18T143A223A02Z-91120858.jpg\" width=\"1024\" height=\"576\" alt=\"\" loading=\"eager\" decoding=\"sync\" fetchpriority=\"high\"\/><\/p>\n<p>            afp_tickers        <\/p>\n<p>        Este contenido fue publicado en    <\/p>\n<p>        18 marzo 2026 &#8211; 15:22\n<\/p>\n<p>Ari Pati\u00f1o se ha sumado a cientos de compatriotas para bailar a las puertas del loanDepot Park de Miami. Su pa\u00eds, Venezuela, le acaba de ganar al anfitri\u00f3n Estados Unidos por 3\u00d72 la final del Cl\u00e1sico Mundial de b\u00e9isbol y, para ella, que viaj\u00f3 desde Austin, el orgullo es inmenso.<\/p>\n<p>\u00abLos que estamos aqu\u00ed tratamos de representar nuestra bandera de la mejor manera. El que Venezuela sea campe\u00f3n es la representaci\u00f3n real y verdadera de un pa\u00eds que, pese a sus adversidades, ha logrado salir adelante\u00bb, afirma, orgullosa, esta venezolana de 37 a\u00f1os.<\/p>\n<p>Pati\u00f1o lleva nueve a\u00f1os en Estados Unidos y se siente agradecida con su pa\u00eds de acogida, pero esta noche su coraz\u00f3n iba con Venezuela.\u00a0<\/p>\n<p>\u00abNuestro calor caribe\u00f1o lleva siempre la bandera en alto\u00bb, dice.<\/p>\n<p>Aqu\u00ed y all\u00e1 se van formando corros de gente bailando, cantando y abraz\u00e1ndose. Las banderas venezolanas ondean, las pantallas de los celulares brillan para compartir la euforia con amigos y familiares.<\/p>\n<p>\u00abNo se puede describir esta emoci\u00f3n, el amor que le trajo a mi pa\u00eds y la felicidad\u00bb, dice Emma Guti\u00e9rrez, de 35 a\u00f1os. \u00abEstamos muy felices. La verdad es que nos hac\u00eda mucha falta este campeonato. Amo a Estados Unidos, pero en mi sangre est\u00e1 Venezuela\u00bb.<\/p>\n<p>A las bandas con tambores se suma pronto un concierto desde el escenario instalado a la entrada del estadio de los Marlins, el equipo de Miami de las Grandes Ligas.<\/p>\n<p>Iraima Gonz\u00e1lez, de 43 a\u00f1os, baila y disfruta de esta victoria hist\u00f3rica para la selecci\u00f3n venezolana.\u00a0<\/p>\n<p>\u2013 \u00abNos lo merecemos\u00bb \u2013<\/p>\n<p>\u00abTengo mucha alegr\u00eda de estar aqu\u00ed y tambi\u00e9n por la libertad de mi pa\u00eds. Todos nos lo merecemos\u00bb, dice, en alusi\u00f3n a la operaci\u00f3n estadounidense que derroc\u00f3 al presidente Nicol\u00e1s Maduro en enero.<\/p>\n<p>Cerca de ella, Cody Cole, un estadounidense con buen perder, se suma a la fiesta. Se intercambia la gorra con un seguidor venezolano y hasta se echa a los hombros la bandera del pa\u00eds caribe\u00f1o.<\/p>\n<p>\u00abLa gente juega al b\u00e9isbol por noches como \u00e9stas. Un gran partido, grandes personas y un gran ambiente. Eso es lo que necesitamos\u00bb, asegura este aficionado de 33 a\u00f1os.<\/p>\n<p>La alegr\u00eda y el orgullo venezolanos se sintieron tambi\u00e9n, c\u00f3mo no, en Caracas, donde el partido fue transmitido en pantallas gigantes instaladas en varias plazas.<\/p>\n<p>Un estruendo se escuch\u00f3 con el out 27 que le dio la victoria a la Vinotinto, y despu\u00e9s del triunfo, caravanas de motos y autos llenaron las calles de la capital tocando bocinas.<\/p>\n<p>\u00ab\u00a1Eh, Venezuela, uh!\u00bb, repet\u00edan centenares de personas en el acomodado barrio de Altamira.<\/p>\n<p>La presidenta venezolana, Delcy Rodr\u00edguez, decret\u00f3 el mi\u00e9rcoles d\u00eda de j\u00fabilo nacional y no laborable.\u00a0<\/p>\n<p>Yoelis Morantes, de 37 a\u00f1os, ya lo estaba celebrando por la noche: \u00abEsto nos da muchas esperanzas para el pa\u00eds. Necesitamos mucha uni\u00f3n, preparaci\u00f3n y mucho trabajo en equipo\u00bb, dijo.\u00a0<\/p>\n<p>\u00abEstamos celebrando lo que ten\u00edamos que celebrar desde el principio de a\u00f1o\u00bb, agreg\u00f3, en una clara referencia a la operaci\u00f3n que llev\u00f3 a la ca\u00edda de Maduro.\u00a0<\/p>\n<p>gma\/ma<\/p>\n","protected":false},"excerpt":{"rendered":"afp_tickers Este contenido fue publicado en 18 marzo 2026 &#8211; 15:22 Ari Pati\u00f1o se ha sumado a cientos&hellip;\n","protected":false},"author":2,"featured_media":454075,"comment_status":"","ping_status":"","sticky":false,"template":"","format":"standard","meta":{"footnotes":""},"categories":[93],"tags":[28593,168,25,24,23,3020,167,90],"class_list":["post-454074","post","type-post","status-publish","format-standard","has-post-thumbnail","category-deportes","tag-baseball","tag-deportes","tag-es","tag-espana","tag-spain","tag-sport","tag-sports","tag-ticker"],"share_on_mastodon":{"url":"https:\/\/pubeurope.com\/@es\/116252427273808444","error":""},"_links":{"self":[{"href":"https:\/\/www.europesays.com\/es\/wp-json\/wp\/v2\/posts\/454074","targetHints":{"allow":["GET"]}}],"collection":[{"href":"https:\/\/www.europesays.com\/es\/wp-json\/wp\/v2\/posts"}],"about":[{"href":"https:\/\/www.europesays.com\/es\/wp-json\/wp\/v2\/types\/post"}],"author":[{"embeddable":true,"href":"https:\/\/www.europesays.com\/es\/wp-json\/wp\/v2\/users\/2"}],"replies":[{"embeddable":true,"href":"https:\/\/www.europesays.com\/es\/wp-json\/wp\/v2\/comments?post=454074"}],"version-history":[{"count":0,"href":"https:\/\/www.europesays.com\/es\/wp-json\/wp\/v2\/posts\/454074\/revisions"}],"wp:featuredmedia":[{"embeddable":true,"href":"https:\/\/www.europesays.com\/es\/wp-json\/wp\/v2\/media\/454075"}],"wp:attachment":[{"href":"https:\/\/www.europesays.com\/es\/wp-json\/wp\/v2\/media?parent=454074"}],"wp:term":[{"taxonomy":"category","embeddable":true,"href":"https:\/\/www.europesays.com\/es\/wp-json\/wp\/v2\/categories?post=454074"},{"taxonomy":"post_tag","embeddable":true,"href":"https:\/\/www.europesays.com\/es\/wp-json\/wp\/v2\/tags?post=454074"}],"curies":[{"name":"wp","href":"https:\/\/api.w.org\/{rel}","templated":true}]}}