{"id":454235,"date":"2026-03-19T00:01:17","date_gmt":"2026-03-19T00:01:17","guid":{"rendered":"https:\/\/www.europesays.com\/es\/454235\/"},"modified":"2026-03-19T00:01:17","modified_gmt":"2026-03-19T00:01:17","slug":"el-1x1-del-barca-newcastle-de-champions-league","status":"publish","type":"post","link":"https:\/\/www.europesays.com\/es\/454235\/","title":{"rendered":"El 1&#215;1 del Bar\u00e7a &#8211; Newcastle de Champions League"},"content":{"rendered":"<p class=\"ft-text\">Le cost\u00f3 al Bar\u00e7a entrar en el partido, pero tras una primera parte llena de dudas que Lamine desequilibr\u00f3 con un gol de penalti, el conjunto de Hansi Flick<strong> firm\u00f3 una segunda parte espectacular<\/strong> (especialmente en el arranque) para <a class=\"ft-link ft-link--decoration\" href=\"https:\/\/www.sport.es\/es\/noticias\/barca\/vendaval-barca-flick-raphinha-destrozar-128137000\" rel=\"nofollow noopener\" target=\"_blank\">arrollar por completo a un Newcastle<\/a> que ni sab\u00eda c\u00f3mo le ca\u00edan los goles.<\/p>\n<p class=\"ft-text\">Muchos excelentes en un conjunto blaugrana que, con su mejor versi\u00f3n, es candidato a todo, pero que tendr\u00e1 que seguir cuidando una faceta defensiva que no deja de darle problemas<strong>. Este es el 1&#215;1 de SPORT: <\/strong><\/p>\n<p><img decoding=\"async\" src=\"https:\/\/www.europesays.com\/es\/wp-content\/uploads\/2026\/03\/dcb49f48-c1b6-4a54-8885-0c84de715e40_source-aspect-ratio_default_0.webp.webp\" width=\"80\" height=\"80\" alt=\"Joan Garcia, Portero\" class=\"ft-mol-boxInfo--score__image\" loading=\"eager\"\/>7<\/p>\n<p class=\"ft-mol-boxInfo--score__subtitle\">Atento<\/p>\n<p class=\"ft-text\">No pudo hacer mucho en los goles de Elanga, vendido por su defensa. Jug\u00f3 siempre avanzado para proteger al equipo de los balones largos del Newcastle y estuvo acertado con los pies en todo momento. A pesar de la tensi\u00f3n de algunos momentos, siempre transmite mucha calma. Su lesi\u00f3n enciende las alarmas.<\/p>\n<p><img decoding=\"async\" src=\"https:\/\/www.europesays.com\/es\/wp-content\/uploads\/2026\/03\/01b32010-fe9d-4518-8900-438f4e3d21c2_source-aspect-ratio_default_0.webp.webp\" width=\"80\" height=\"80\" alt=\"Eric Garcia, Defensa\" class=\"ft-mol-boxInfo--score__image\" loading=\"eager\"\/>5<\/p>\n<p class=\"ft-mol-boxInfo--score__subtitle\">Lesionado<\/p>\n<p class=\"ft-text\">Empez\u00f3 el partido con una falta innecesario y su entrada a destiempo en el primer gol del Newcastle descoloc\u00f3 a sus compa\u00f1eros. Demasiado \u00edmpetu en las acciones. Se march\u00f3 lesionado en el minuto 20.<\/p>\n<p><img decoding=\"async\" src=\"https:\/\/www.europesays.com\/es\/wp-content\/uploads\/2026\/03\/c34bf8dd-5f52-4c1b-99e8-ef036d00291c_source-aspect-ratio_default_0.webp.webp\" width=\"80\" height=\"80\" alt=\"Pau Cubars\u00ed, Defensa\" class=\"ft-mol-boxInfo--score__image\" loading=\"eager\"\/>7<\/p>\n<p class=\"ft-mol-boxInfo--score__subtitle\">Entonado<\/p>\n<p class=\"ft-text\">Algo dubitativo en varias acciones del primer tiempo. Creci\u00f3 como el resto del equipo en la segunda parte y dej\u00f3 acciones providenciales en defensa, incluyendo un despeje de tac\u00f3n cuando Gordon saboreaba el gol.<\/p>\n<p><img decoding=\"async\" src=\"https:\/\/www.europesays.com\/es\/wp-content\/uploads\/2026\/03\/d68352bb-8701-483d-a42f-06b555081f66_source-aspect-ratio_default_0.webp.webp\" width=\"80\" height=\"80\" alt=\"Gerard Mart\u00edn, Defensa\" class=\"ft-mol-boxInfo--score__image\" loading=\"eager\"\/>8<\/p>\n<p class=\"ft-mol-boxInfo--score__subtitle\">Maldini<\/p>\n<p class=\"ft-text\">Lo que empez\u00f3 como un experimento de Flick ha terminado convirti\u00e9ndose en un seguro para el Bar\u00e7a. En defensa despeja todo lo que pasa por su zona sin miramientos y con bal\u00f3n se ha convertido en un filtrador de nivel, como evidenci\u00f3 su pase a Raphinha en el gol de Ferm\u00edn. Tambi\u00e9n asisti\u00f3 a Bernal de cabeza. Crecido.<\/p>\n<p><img decoding=\"async\" src=\"https:\/\/www.europesays.com\/es\/wp-content\/uploads\/2026\/03\/1c37d66c-57d0-4218-8db2-86469f42bab4_source-aspect-ratio_default_0.webp.webp\" width=\"80\" height=\"80\" alt=\"Joao Cancelo, Defensa\" class=\"ft-mol-boxInfo--score__image\" loading=\"eager\"\/>6<\/p>\n<p class=\"ft-mol-boxInfo--score__subtitle\">Inestable<\/p>\n<p class=\"ft-text\">Tras una primera parte para olvidar en la que dej\u00f3 su espalda vendida para un doblete de Elanga, se enton\u00f3 en la segunda parte. Aport\u00f3 soluciones en salida de bal\u00f3n y hasta gan\u00f3 alg\u00fan duelo atr\u00e1s antes de ser sustituido por Xavi Espart.<\/p>\n<p><img decoding=\"async\" src=\"https:\/\/www.europesays.com\/es\/wp-content\/uploads\/2026\/03\/72fc6371-c09b-4601-b9af-c337c6debb72_source-aspect-ratio_default_0.webp.webp\" width=\"80\" height=\"80\" alt=\"Marc Bernal, Centrocampista\" class=\"ft-mol-boxInfo--score__image\" loading=\"eager\"\/>7<\/p>\n<p class=\"ft-mol-boxInfo--score__subtitle\">Enrachado<\/p>\n<p class=\"ft-text\">Otra vez anotando y ya son cinco goles desde febrero. Le falt\u00f3 aparecer m\u00e1s en el circuito de pases del Bar\u00e7a en la primera parte, pero evidenci\u00f3 que tiene condiciones para dominar el centro del campo. <\/p>\n<p><img decoding=\"async\" src=\"https:\/\/www.europesays.com\/es\/wp-content\/uploads\/2026\/03\/7fdc3a1a-97c5-4e6c-9c36-e5189cfb0e26_source-aspect-ratio_default_0.webp.webp\" width=\"80\" height=\"80\" alt=\"Pedri, Centrocampista\" class=\"ft-mol-boxInfo--score__image\" loading=\"eager\"\/>7<\/p>\n<p class=\"ft-mol-boxInfo--score__subtitle\">Reactivado<\/p>\n<p class=\"ft-text\">Lejos de su mejor nivel en la primera parte, el Bar\u00e7a le ech\u00f3 mucho de menos para controlar el partido. En la segunda parte se reactiv\u00f3 y se hizo amo y se\u00f1or del encuentro. Su clarividencia es clave para un equipo que toma tantos riesgos como el conjunto de Flick.<\/p>\n<p><img decoding=\"async\" src=\"https:\/\/www.europesays.com\/es\/wp-content\/uploads\/2026\/03\/24ca1107-0c34-46de-8510-568c7bc37ba1_source-aspect-ratio_default_0.webp.webp\" width=\"80\" height=\"80\" alt=\"Ferm\u00edn L\u00f3pez, Centrocampista\" class=\"ft-mol-boxInfo--score__image\" loading=\"eager\"\/>8<\/p>\n<p class=\"ft-mol-boxInfo--score__subtitle\">Indetectable<\/p>\n<p class=\"ft-text\">Tuvo una primera parte imprecisa, pero se march\u00f3 al descanso con una asistencia y el centro que forz\u00f3 el penalti. En la segunda demostr\u00f3 su facilidad para hacer cifras y lo que aporta su movilidad, sus desmarques y su golpeo. Un gran gol para redondear su actuaci\u00f3n.<\/p>\n<p><img decoding=\"async\" src=\"https:\/\/www.europesays.com\/es\/wp-content\/uploads\/2026\/03\/421ae525-8aaf-43c3-bf7d-cb4c0d2030d4_source-aspect-ratio_default_0.webp.webp\" width=\"80\" height=\"80\" alt=\"Lamine Yamal, Delantero\" class=\"ft-mol-boxInfo--score__image\" loading=\"eager\"\/>9<\/p>\n<p class=\"ft-mol-boxInfo--score__subtitle\">Imparable<\/p>\n<p class=\"ft-text\">Su taconazo que acab\u00f3 en el gol del Newcastle es la \u00fanica mancha en un partido en el que se pudo ir con varios goles m\u00e1s. No le tembl\u00f3 el pulso en un penalti decisivo, dio una asistencia a Lewandowski y dej\u00f3 varias acciones jugando por dentro que invitan a pensar que tiene su futuro puede ser brillante actuando por esa zona.<\/p>\n<p><img decoding=\"async\" src=\"https:\/\/www.europesays.com\/es\/wp-content\/uploads\/2026\/03\/71233c29-2a8f-4e2b-8206-0032b1cf68a1_source-aspect-ratio_default_0.webp.webp\" width=\"80\" height=\"80\" alt=\"Raphinha, Delantero\" class=\"ft-mol-boxInfo--score__image\" loading=\"eager\"\/>9<\/p>\n<p class=\"ft-mol-boxInfo--score__subtitle\">Superlativo<\/p>\n<p class=\"ft-text\">Se puede decir alto y claro: el mejor Raphinha est\u00e1 de vuelta en el mejor momento. Sus continuos desmarques y sus recorridos incansables ya son meritorios, pero si encima le sumas un penalti provocado, dos goles y dos asistencias&#8230; Poco m\u00e1s que decir. Rozando la perfecci\u00f3n.<\/p>\n<p><img decoding=\"async\" src=\"https:\/\/www.europesays.com\/es\/wp-content\/uploads\/2026\/03\/40f52149-f385-4c5b-8701-92dcc7c46cc7_source-aspect-ratio_default_0.webp.webp\" width=\"80\" height=\"80\" alt=\"Robert Lewandowski, Delantero\" class=\"ft-mol-boxInfo--score__image\" loading=\"eager\"\/>8<\/p>\n<p class=\"ft-mol-boxInfo--score__subtitle\">Liberado<\/p>\n<p class=\"ft-text\">Mucho trabajo del polaco sin bal\u00f3n y fijando a los centrales. Se desfond\u00f3 y, tras fallar una ocasi\u00f3n clara, encontr\u00f3 el premio del gol con un doblete en la segunda parte. Un remate cl\u00ednico con la derecha y un cabezazo para reencontrarse con una versi\u00f3n que el Bar\u00e7a necesita como agua de mayo.<\/p>\n<p><img decoding=\"async\" src=\"https:\/\/www.europesays.com\/es\/wp-content\/uploads\/2026\/03\/29273ccf-223f-4bb0-8657-5f9aa38050f9_source-aspect-ratio_default_0.webp.webp\" width=\"80\" height=\"80\" alt=\"Ronald Araujo, Defensa\" class=\"ft-mol-boxInfo--score__image\" loading=\"eager\"\/>7<\/p>\n<p class=\"ft-mol-boxInfo--score__subtitle\">Consistente<\/p>\n<p class=\"ft-text\">Entr\u00f3 fr\u00edo al partido por la lesi\u00f3n de Eric Garc\u00eda. Jug\u00f3 de lateral derecho y despu\u00e9s de central y firm\u00f3 una actuaci\u00f3n s\u00f3lida. No sufri\u00f3 demasiado con pelota y sin bal\u00f3n su velocidad ayud\u00f3 ante las caracter\u00edsticas del Newcastle.<\/p>\n<p><img decoding=\"async\" src=\"https:\/\/www.europesays.com\/es\/wp-content\/uploads\/2026\/03\/8f2dac68-5615-468a-89c2-4a280290247f_source-aspect-ratio_default_0.webp.webp\" width=\"80\" height=\"80\" alt=\"Xavi Espart, Defensa\" class=\"ft-mol-boxInfo--score__image\" loading=\"eager\"\/>7<\/p>\n<p class=\"ft-mol-boxInfo--score__subtitle\">Fiable<\/p>\n<p class=\"ft-text\">Sali\u00f3 para ocupar el lateral derecho y volvi\u00f3 a demostrar que est\u00e1 m\u00e1s que preparado para sumar minutos en el primer equipo desde ya. Atento en defensa y con la valent\u00eda suficiente para lanzarse a acompa\u00f1ar ataques.<\/p>\n<p><img decoding=\"async\" src=\"https:\/\/www.europesays.com\/es\/wp-content\/uploads\/2026\/03\/cf5ea18a-51d8-4b01-b239-5d9bbcf62c9e_source-aspect-ratio_default_0.webp.webp\" width=\"80\" height=\"80\" alt=\"Ferran Torres, Delantero\" class=\"ft-mol-boxInfo--score__image\" loading=\"eager\"\/>7<\/p>\n<p class=\"ft-mol-boxInfo--score__subtitle\">Incisivo<\/p>\n<p class=\"ft-text\">Busc\u00f3 desde el primer momento la porter\u00eda rival. Siempre deja movimientos inteligentes, especialmente con desmarques de profundidad. Le falt\u00f3 fortuna encontrando zonas de remate.<\/p>\n<p><img decoding=\"async\" src=\"https:\/\/www.europesays.com\/es\/wp-content\/uploads\/2026\/03\/57a62a92-3fc9-4588-943e-c4f6b310bd6f_source-aspect-ratio_default_0.webp.webp\" width=\"80\" height=\"80\" alt=\"Dani Olmo, Centrocampista\" class=\"ft-mol-boxInfo--score__image\" loading=\"eager\"\/>7<\/p>\n<p class=\"ft-mol-boxInfo--score__subtitle\">Osado<\/p>\n<p class=\"ft-text\">Buenos minutos del mediapunta tras ser suplente. Dej\u00f3 varios pases en profundidad que a punto estuvieron de ampliar la goleada. Est\u00e1 en un buen momento y el Bar\u00e7a le necesitar\u00e1 en esta recta final.<\/p>\n<p><img decoding=\"async\" src=\"https:\/\/www.europesays.com\/es\/wp-content\/uploads\/2026\/03\/e3a29936-6f9c-4485-a417-5b20598fdf91_source-aspect-ratio_default_0.webp.webp\" width=\"80\" height=\"80\" alt=\"Wojciech Szczesny, Portero\" class=\"ft-mol-boxInfo--score__image\" loading=\"eager\"\/>7<\/p>\n<p class=\"ft-mol-boxInfo--score__subtitle\">Inesperado<\/p>\n<p class=\"ft-text\">Participaci\u00f3n inesperada en el partido tras la lesi\u00f3n de Joan Garcia. Tranquilo como de costumbre, hasta se atrevi\u00f3 a hacer alg\u00fan recorte en el \u00e1rea. <\/p>\n","protected":false},"excerpt":{"rendered":"Le cost\u00f3 al Bar\u00e7a entrar en el partido, pero tras una primera parte llena de dudas que Lamine&hellip;\n","protected":false},"author":2,"featured_media":454236,"comment_status":"","ping_status":"","sticky":false,"template":"","format":"standard","meta":{"footnotes":""},"categories":[5],"tags":[10306,2296,17,18,11681,1241,25,24,13,14,11,19,20,1211,1235,9,10,15,16,23,12,21,22],"class_list":["post-454235","post","type-post","status-publish","format-standard","has-post-thumbnail","category-titulares","tag-1x1","tag-barca","tag-breaking-news","tag-breakingnews","tag-champions","tag-champions-league","tag-es","tag-espana","tag-featured-news","tag-featurednews","tag-headlines","tag-latest-news","tag-latestnews","tag-league","tag-newcastle","tag-news","tag-noticias","tag-noticias-destacadas","tag-noticiasdestacadas","tag-spain","tag-titulares","tag-ultimas-noticias","tag-ultimasnoticias"],"share_on_mastodon":{"url":"https:\/\/pubeurope.com\/@es\/116252907286894313","error":""},"_links":{"self":[{"href":"https:\/\/www.europesays.com\/es\/wp-json\/wp\/v2\/posts\/454235","targetHints":{"allow":["GET"]}}],"collection":[{"href":"https:\/\/www.europesays.com\/es\/wp-json\/wp\/v2\/posts"}],"about":[{"href":"https:\/\/www.europesays.com\/es\/wp-json\/wp\/v2\/types\/post"}],"author":[{"embeddable":true,"href":"https:\/\/www.europesays.com\/es\/wp-json\/wp\/v2\/users\/2"}],"replies":[{"embeddable":true,"href":"https:\/\/www.europesays.com\/es\/wp-json\/wp\/v2\/comments?post=454235"}],"version-history":[{"count":0,"href":"https:\/\/www.europesays.com\/es\/wp-json\/wp\/v2\/posts\/454235\/revisions"}],"wp:featuredmedia":[{"embeddable":true,"href":"https:\/\/www.europesays.com\/es\/wp-json\/wp\/v2\/media\/454236"}],"wp:attachment":[{"href":"https:\/\/www.europesays.com\/es\/wp-json\/wp\/v2\/media?parent=454235"}],"wp:term":[{"taxonomy":"category","embeddable":true,"href":"https:\/\/www.europesays.com\/es\/wp-json\/wp\/v2\/categories?post=454235"},{"taxonomy":"post_tag","embeddable":true,"href":"https:\/\/www.europesays.com\/es\/wp-json\/wp\/v2\/tags?post=454235"}],"curies":[{"name":"wp","href":"https:\/\/api.w.org\/{rel}","templated":true}]}}