{"id":454536,"date":"2026-03-19T04:20:17","date_gmt":"2026-03-19T04:20:17","guid":{"rendered":"https:\/\/www.europesays.com\/es\/454536\/"},"modified":"2026-03-19T04:20:17","modified_gmt":"2026-03-19T04:20:17","slug":"la-vuelta-de-ibiza-mtb-reunira-a-grandes-figuras-del-mundo-del-ciclismo","status":"publish","type":"post","link":"https:\/\/www.europesays.com\/es\/454536\/","title":{"rendered":"La Vuelta de Ibiza MTB reunir\u00e1 a grandes figuras del mundo del ciclismo"},"content":{"rendered":"<p>La <a href=\"https:\/\/www.periodicodeibiza.es\/etiqueta\/Vuelta+a+Ibiza.html?utm_source=Inline-tag&amp;utm_medium=internal\" rel=\"nofollow noopener\" target=\"_blank\">Vuelta a Ibiza<\/a> <a href=\"https:\/\/www.periodicodeibiza.es\/etiqueta\/mtb.html?utm_source=Inline-tag&amp;utm_medium=internal\" rel=\"nofollow noopener\" target=\"_blank\">MTB<\/a> Siroko by Shimano celebrar\u00e1 su 25 aniversario reuniendo a algunos de los mejores especialistas del mountain bike por etapas del panorama internacional. Del 2 al 5 de abril, la prueba contar\u00e1 con campeones ol\u00edmpicos y mundiales, equipos profesionales de referencia y figuras hist\u00f3ricas del <a href=\"https:\/\/www.periodicodeibiza.es\/etiqueta\/ciclismo.html?utm_source=Inline-tag&amp;utm_medium=internal\" rel=\"nofollow noopener\" target=\"_blank\">ciclismo<\/a>.<\/p>\n<p>El bloque deportivo estar\u00e1 encabezado por el Leecougan Basso Factory Racing, ganador de las dos \u00faltimas ediciones y candidato a lograr un hist\u00f3rico tercer triunfo consecutivo. El equipo alinear\u00e1 varias parejas de m\u00e1ximo nivel, entre ellas los actuales campeones Leonardo P\u00e1ez y Dario Cherchi, adem\u00e1s de Alessio Trabalza \u2014 Alessio Agostinelli y Sandra Mairhofer \u2014 Adelheid Morath, segundas clasificadas en 2025 que aspiran a la victoria.<\/p>\n<p>Entre los m\u00e1s relevantes destaca tambi\u00e9n el medallista ol\u00edmpico David Valero, que competir\u00e1 junto a Ra\u00fal Medina (Klimatiza Orbea Team), en una dupla con opciones claras a los puestos de honor.<br \/>El XCM contar\u00e1 igualmente con corredores consolidados como el ibicenco Enrique Morcillo y Alberto Barroso (SCOTT Cala Bandida), habituales en lo m\u00e1s alto de las clasificaciones por etapas, as\u00ed como el d\u00fao formado por Sergio Mantec\u00f3n y Alejandro Garc\u00eda (Mondraker Factory Racing), con Mantec\u00f3n como uno de los bikers espa\u00f1oles con mayor experiencia ol\u00edmpica y mundialista.<\/p>\n<p>El panorama internacional se completa con equipos profesionales de primer nivel. El Olympia Factory Team competir\u00e1 con las parejas Jacopo Billi \u2014 Mirko Tabacchi y Andrea Righettini \u2014 Stefano Dal Grande, mientras que el Fol Racing Team alinear\u00e1 tres formaciones encabezadas por el ex World Tour Diego Rosa junto a Stefano Gerbaz, adem\u00e1s de Samuele Debertolis \u2014 Alessio Salvadori y Massimo Debertolis \u2014 Gregorio Rech.<\/p>\n<p>Entre los equipos espa\u00f1oles destaca el ISB-Cyclistwork Factory Team, con presencia local gracias al ibicenco Jaume Mu\u00f1oz, que competir\u00e1 junto a Ferran Puigermanal.<\/p>\n<p>El ciclismo profesional de carretera volver\u00e1 a tener una destacada representaci\u00f3n con varias leyendas del pelot\u00f3n internacional. Competir\u00e1n juntos los ganadores del Tour de Francia Alberto Contador y \u00d3scar Pereiro, as\u00ed como el excampe\u00f3n del mundo Alejandro Valverde, que formar\u00e1 pareja con Fran Rus.<\/p>\n<p>Tambi\u00e9n estar\u00e1n presentes Joaquim \u00abPurito\u00bb Rodr\u00edguez y Jaume Casals, adem\u00e1s de la dupla formada por Dani Moreno y Joan Horrach, todos ellos con amplias trayectorias en la \u00e9lite mundial. No pod\u00eda faltar el campe\u00f3n del mundo y medallista ol\u00edmpico Jos\u00e9 Antonio Hermida, que en esta ocasi\u00f3n formar\u00e1 pareja mixta con Anna Jordens, una habitual de la prueba y del podio.<\/p>\n<p>La participaci\u00f3n nacional se refuerza con nombres destacados como Roberto Bou (Let\u2019s Bou Team) y Pedro Rodr\u00edguez (Dimurol Vadebicis), as\u00ed como Pau Marza y \u00c1lex Sempere (Gobik Factory), habituales protagonistas en pruebas de resistencia.<\/p>\n<p>El ciclocross tambi\u00e9n tendr\u00e1 un papel relevante con la presencia del actual campe\u00f3n de Espa\u00f1a Felipe Orts, que correr\u00e1 junto al campe\u00f3n sub-23 Ra\u00fal Mira.<\/p>\n<p>En categor\u00eda femenina sobresale la potente pareja del Nesta-MMR Cycling Team formada por Luc\u00eda Gonz\u00e1lez, seis veces campeona de Espa\u00f1a, y Sof\u00eda Rodr\u00edguez, actual campeona nacional y terceras clasificadas en 2025.<\/p>\n<p>Desde Portugal llegar\u00e1 el numeroso equipo CDASJ \/ Cyclin\u2019Team \/ Municipio de Albufeira, capitaneado por Celina Carpinteiro, con una expedici\u00f3n de doce corredores que refuerza la dimensi\u00f3n internacional de la prueba.<\/p>\n<p>Adem\u00e1s, el equipo Trujillo aportar\u00e1 varias formaciones singulares, incluyendo la habitual pareja padre-hijo, una dupla femenina y otra masculina con uno de los Trujillo junto a V\u00edctor Fern\u00e1ndez.<br \/>Con esta combinaci\u00f3n de campeones, especialistas en pruebas por etapas y figuras hist\u00f3ricas del ciclismo, la Vuelta a Ibiza MTB Siroko by Shimano 2026 se consolida, en su 25 aniversario, como una de las citas m\u00e1s prestigiosas del calendario internacional de MTB por parejas.<\/p>\n","protected":false},"excerpt":{"rendered":"La Vuelta a Ibiza MTB Siroko by Shimano celebrar\u00e1 su 25 aniversario reuniendo a algunos de los mejores&hellip;\n","protected":false},"author":2,"featured_media":454537,"comment_status":"","ping_status":"","sticky":false,"template":"","format":"standard","meta":{"footnotes":""},"categories":[273],"tags":[313,312,10586,168,25,24,12970,23,167,83478],"class_list":["post-454536","post","type-post","status-publish","format-standard","has-post-thumbnail","category-ciclismo","tag-ciclismo","tag-cycling","tag-deporte-ibiza","tag-deportes","tag-es","tag-espana","tag-mtb","tag-spain","tag-sports","tag-vuelta-a-ibiza"],"share_on_mastodon":{"url":"https:\/\/pubeurope.com\/@es\/116253925249915950","error":""},"_links":{"self":[{"href":"https:\/\/www.europesays.com\/es\/wp-json\/wp\/v2\/posts\/454536","targetHints":{"allow":["GET"]}}],"collection":[{"href":"https:\/\/www.europesays.com\/es\/wp-json\/wp\/v2\/posts"}],"about":[{"href":"https:\/\/www.europesays.com\/es\/wp-json\/wp\/v2\/types\/post"}],"author":[{"embeddable":true,"href":"https:\/\/www.europesays.com\/es\/wp-json\/wp\/v2\/users\/2"}],"replies":[{"embeddable":true,"href":"https:\/\/www.europesays.com\/es\/wp-json\/wp\/v2\/comments?post=454536"}],"version-history":[{"count":0,"href":"https:\/\/www.europesays.com\/es\/wp-json\/wp\/v2\/posts\/454536\/revisions"}],"wp:featuredmedia":[{"embeddable":true,"href":"https:\/\/www.europesays.com\/es\/wp-json\/wp\/v2\/media\/454537"}],"wp:attachment":[{"href":"https:\/\/www.europesays.com\/es\/wp-json\/wp\/v2\/media?parent=454536"}],"wp:term":[{"taxonomy":"category","embeddable":true,"href":"https:\/\/www.europesays.com\/es\/wp-json\/wp\/v2\/categories?post=454536"},{"taxonomy":"post_tag","embeddable":true,"href":"https:\/\/www.europesays.com\/es\/wp-json\/wp\/v2\/tags?post=454536"}],"curies":[{"name":"wp","href":"https:\/\/api.w.org\/{rel}","templated":true}]}}