{"id":454558,"date":"2026-03-19T04:36:10","date_gmt":"2026-03-19T04:36:10","guid":{"rendered":"https:\/\/www.europesays.com\/es\/454558\/"},"modified":"2026-03-19T04:36:10","modified_gmt":"2026-03-19T04:36:10","slug":"el-no-a-la-guerra-no-da-tregua-a-las-hostilidades-entre-sanchez-y-feijoo","status":"publish","type":"post","link":"https:\/\/www.europesays.com\/es\/454558\/","title":{"rendered":"El &#8216;No a la guerra&#8217; no da tregua a las hostilidades entre S\u00e1nchez y Feij\u00f3o"},"content":{"rendered":"<p style=\"\">No hay paz para los diputados. Tras dos semanas sin sesi\u00f3n de control, una por ser primera de mes y otra por coincidir con el final de la campa\u00f1a electoral en <a href=\"https:\/\/www.abc.es\/espana\/castilla-leon\/gana-elecciones-castilla-leon-20260315191708-nt.html\" target=\"_self\" data-voc-vtm-id=\"in-text-traffic\" title=\"Castilla y Le\u00f3n\" data-mrf-link=\"www.abc.es\" rel=\"nofollow noopener\">Castilla y Le\u00f3n<\/a>, las hostilidades llueven de nuevo sobre el hemiciclo. Sus se\u00f1or\u00edas  &#8230; han debatido este mi\u00e9rcoles sobre la guerra en Ir\u00e1n por primera vez desde la ofensiva lanzada por Estados Unidos e Israel el 28 de febrero. Pero ni el manido &#8216;No a la guerra&#8217; del presidente del Gobierno, Pedro S\u00e1nchez, se traduce en tregua. El Ejecutivo se afana en instalar un marco estadista, de respeto al derecho internacional, pero la oposici\u00f3n, desconfiada, clama contra su \u00abhipocres\u00eda\u00bb y acusa a los socialistas de aprovechar el conflicto en Oriente Pr\u00f3ximo para tapar sus miserias.<\/p>\n<p class=\"v-d-p\" style=\"\">Como casi siempre, el l\u00edder de la oposici\u00f3n, Alberto N\u00fa\u00f1ez Feij\u00f3o, ha llevado la batuta, seguida despu\u00e9s, al comp\u00e1s, por el resto de su grupo parlamentario. Tras el paso por las urnas en Castilla y Le\u00f3n, donde el PP gan\u00f3 con comodidad y se despeg\u00f3 algo m\u00e1s de Vox, el popular estaba en condiciones de sacar pecho. Por eso, antes de entrar en faena, ha felicitado con iron\u00eda a Sumar, Izquierda Unida y Podemos, quienes, con su seguidismo al PSOE, han conseguido quedarse a cero. El halago ha continuado hacia los socialistas, que acumulan diez derrotas electorales en cuatro a\u00f1os. Se preguntaba Feij\u00f3o si alguien sigue confiando en este Gobierno, que ni ha presentado los presupuestos generales del Estado.<\/p>\n<p class=\"v-d-p\" style=\"\">S\u00e1nchez, envuelto en la bandera del pacifismo y parapetado en la geopol\u00edtica, ha contestado que s\u00ed porque su Ejecutivo ha demostrado \u00abcapacidad de respuesta\u00bb ante \u00abcrisis muy graves\u00bb. La \u00faltima, el conflicto en Oriente Pr\u00f3ximo. \u00abEl Gobierno est\u00e1 en la defensa de la paz, en el &#8216;No a la guerra&#8217; y en el rechazo del unilateralismo\u00bb, ha expuesto el secretario general del PSOE, quien ha prometido que el viernes, en el Consejo de Ministros extraordinario para aprobar un <a href=\"https:\/\/www.abc.es\/espana\/moncloa-ignora-sumar-descarta-incluir-vivienda-primer-20260317142552-nt.html\" target=\"_self\" data-voc-vtm-id=\"in-text-traffic\" title=\"real decreto ley\" rel=\"nofollow noopener\">real decreto ley<\/a> con medidas para paliar los efectos de la guerra en la econom\u00eda, proteger\u00e1 a los ciudadanos. \u00ab\u00bfQu\u00e9 van a hacer ustedes? \u00bfS\u00ed a la guerra y no a las ayudas?\u00bb, ha interpelado al l\u00edder de la oposici\u00f3n.<\/p>\n<ul class=\"v-cmp-rld__u\">\n<li class=\"v-cmp-rld__l\">\n<p><a class=\"v-a-lnk\" href=\"http:\/\/www.abc.es\/espana\/psoe-asume-error-nacionalizar-campanas-gente-tonta-20260317040244-nt.html#vtm_modulosEngag=noticiasrelacionadas-cmp-uno:espana:noticia:1\" title=\"El PSOE admite el error de dirigir las campa\u00f1as desde la Moncloa: \u00abLa gente no es tonta\u00bb\" data-voc-vtm-id=\"in-text-traffic\" rel=\"nofollow noopener\" target=\"_blank\"><br \/>\n<img decoding=\"async\" loading=\"lazy\" src=\"https:\/\/www.europesays.com\/es\/wp-content\/uploads\/2026\/03\/sanchez-i-gil-kPSD-U33828455123nAz-366x256@diario_abc.jpg\" class=\"v-a-img\" width=\"258\" height=\"180\" alt=\"El PSOE admite el error de dirigir las campa\u00f1as desde la Moncloa: \u00abLa gente no es tonta\u00bb\"\/><br \/>\n<\/a><\/p>\n<\/li>\n<\/ul>\n<p class=\"v-d-p\" style=\"\">Si Donald Trump llam\u00f3 \u00ab&#8217;loser&#8217;\u00bb a Espa\u00f1a por no permitir a Estados Unidos el uso de las bases militares de Rota (C\u00e1diz) y Mor\u00f3n de la Frontera (Sevilla) para sus ataques sobre Ir\u00e1n, el l\u00edder del PP ha traducido el t\u00e9rmino al espa\u00f1ol para tachar a S\u00e1nchez de \u00abperdedor\u00bb. \u00abHa perdido todas las elecciones en cuatro a\u00f1os\u00bb, ha insistido, antes de explicarse: \u00abNo queremos la guerra, queremos que nos deje en paz. Han pasado veinte d\u00edas y usted no ha hecho nada. Cada d\u00eda sin aprobar ayudas es un d\u00eda que usted se aprovecha de la guerra, que el Gobierno recauda m\u00e1s y los espa\u00f1oles tienen menos\u00bb. Por eso, Feij\u00f3o ha reclamado al jefe del Ejecutivo que no presente un decreto \u00f3mnibus y que baje los impuestos para afrontar la crisis.<\/p>\n<p class=\"v-a-t\">\n\u00abCada d\u00eda sin aprobar ayudas es un d\u00eda que usted aprovecha la guerra, que el Gobierno recauda m\u00e1s y los espa\u00f1oles tienen menos\u00bb\n<\/p>\n<p class=\"v-pst__p\">Alberto N\u00fa\u00f1ez Feij\u00f3o<\/p>\n<p class=\"v-pst__j\">Presidente del PP<\/p>\n<p class=\"v-d-p\" style=\"\">Las otras dos preguntas dirigidas a S\u00e1nchez, como no pod\u00eda ser de otra manera, tambi\u00e9n miraban en direcci\u00f3n a Teher\u00e1n, aunque difer\u00edan en fondo y forma. Mientras la portavoz del Grupo Parlamentario Vasco en el Congreso, Maribel Vaquero, urg\u00eda al presidente a aprobar medidas de apoyo a los sectores afectados por la inflaci\u00f3n del petr\u00f3leo y el gas, la secretaria general de Podemos, Ione Belarra, le exig\u00eda intervenir el mercado, limitar los precios y poner topes al precio de los alquileres. Sin concreci\u00f3n, el jefe del Ejecutivo ha prometido medidas, aunque ha aprovechado, todav\u00eda, para arremeter contra la guerra de Irak en 2003: \u00abSi gobernaran el PP y Vox, hoy estar\u00edamos en otra foto de las Azores y eso no es lo que quiere Espa\u00f1a\u00bb.<\/p>\n<p class=\"v-d-p\" style=\"\">La \u00fanica cr\u00edtica a la diputada de Podemos ha sido su olvido de la guerra en Ucrania, tras enumerar la izquierdista la amenaza estadounidense sobre Palestina, Venezuela, Cuba, Ir\u00e1n, L\u00edbano, Yemen y Groenlandia. Precisamente este mi\u00e9rcoles S\u00e1nchez recibe en la Moncloa al presidente ucraniano, Volod\u00edmir Zelenski, quien tambi\u00e9n visitar\u00e1 el Congreso y se ver\u00e1 con el Rey en la Zarzuela. Despu\u00e9s, la sesi\u00f3n de control ha seguido por sus fueros. La portavoz del Grupo Parlamentario Popular en la C\u00e1mara Baja, Ester Mu\u00f1oz, ha criticado que \u00abMister Wonderful\u00bb diga &#8216;No a la guerra&#8217; mientras se env\u00eda una fragata, la Crist\u00f3bal Col\u00f3n, a Chipre sin pedir la autorizaci\u00f3n del Parlamento. <\/p>\n<p class=\"v-d-p\" style=\"\">La vicepresidenta primera del Gobierno y ministra de Hacienda, Mar\u00eda Jes\u00fas Montero, ha lamentado el tono de la popular: \u00abSu intervenci\u00f3n frivolizando, banalizando, quit\u00e1ndole importancia al sufrimiento e intentando hacer un chascarrillo habla del desnorte que tiene el PP\u00bb. Mu\u00f1oz, por su parte, le ha instado a dejar de \u00abhacer el rid\u00edculo\u00bb y ha remarcado que todos est\u00e1n en contra de la guerra, pero que lo que afea la oposici\u00f3n es la \u00abhipocres\u00eda\u00bb. De paso, la popular ha augurado que la pr\u00f3xima derrota socialista ser\u00e1 la de Montero en Andaluc\u00eda. En la misma din\u00e1mica, el secretario general del PP, Miguel Tellado, ha preguntado a Montero si minti\u00f3 al asegurar que traer\u00e1 los presupuestos.<\/p>\n<p>\n\u00bfSe alejan los presupuestos?\n<\/p>\n<p class=\"v-d-p\" style=\"\">\u00abLa pr\u00f3rroga presupuestaria es plenamente constitucional y seguimos trabajando para traer unos presupuestos durante este a\u00f1o\u00bb, ha dicho la vicepresidenta, en una frase que parec\u00eda alejar que se presentar\u00e1n en el primer trimestre de este a\u00f1o, como en principio desea el Gobierno. Acto seguido, pelota de nuevo al tejado internacional: \u00ab\u00bfHan encontrado las armas de destrucci\u00f3n masiva como en Irak?\u00bb. Tambi\u00e9n el popular El\u00edas Bendodo, tras recomendar a Montero que se aleje del \u00abactivo t\u00f3xico de su derecha\u00bb, el presidente S\u00e1nchez, ha querido saber si llegar\u00e1n las cuentas estatales a las Cortes Generales. La respuesta de Montero, los errores en el cribado del c\u00e1ncer de mama en Andaluc\u00eda.<\/p>\n<p class=\"v-d-p\" style=\"\">El diputado de Bildu Oskar Matute tambi\u00e9n ha preguntado a la vicepresidenta por las medidas que tomar\u00e1 frente a \u00abla en\u00e9sima locura criminal de Trump y del genocida Netanyahu\u00bb, pero esta apenas ha acertado a decir que el Gobierno ser\u00e1 \u00abvaliente\u00bb para extender \u00abel escudo social\u00bb. Habr\u00e1 que esperar al viernes para conocer los detalles. La guerra en Ir\u00e1n coleaba todav\u00eda en las preguntas al ministro de Presidencia, Justicia y Relaciones con las Cortes, F\u00e9lix Bola\u00f1os, en las que Cuca Gamarra (PP) ha querido saber d\u00f3nde est\u00e1 la autorizaci\u00f3n para desplegar la fragata Crist\u00f3bal Col\u00f3n y d\u00f3nde est\u00e1 la titular de Defensa, Margarita Robles. Desaparecida.<\/p>\n<p class=\"v-a-t\">\nVox acusa al Gobierno de usar \u00abguerras lejanas\u00bb para \u00abdesviar el foco\u00bb: \u00abNo pintan nada en la escena internacional\u00bb\n<\/p>\n<p class=\"v-d-p\" style=\"\">La popular hab\u00eda afirmado que es \u00abevidente\u00bb que hay que cumplir el derecho internacional, que S\u00e1nchez invoca sin parar, y eso ha dado pie a Bola\u00f1os a darle la vuelta al calcet\u00edn: \u00abSi es evidente que hay que cumplirlo, diga en la r\u00e9plica que condena la agresi\u00f3n de Trump e Israel a Ir\u00e1n. No olvidamos la posici\u00f3n del PP en 2003\u00bb. \u00abNo a la guerra y no a este Gobierno. Lecciones de valores no nos va a dar un Gobierno que tiene como apoyo a Bildu\u00bb, ha clamado Gamarra, muy aplaudida por la bancada popular. Despu\u00e9s, la portavoz de Vox en el Congreso, Pepa Mill\u00e1n, ha acusado al Ejecutivo de usar \u00abguerras lejanas\u00bb para \u00abdesviar el foco\u00bb pese a que el Ejecutivo, ha dicho, \u00abno pinta nada en la escena internacional\u00bb.<\/p>\n<p class=\"v-d-p\" style=\"\">\u00abEn los primeros siete d\u00edas de guerra han recaudado m\u00e1s de veinte millones de euros a costa del IVA de la gasolina, que no para de crecer. Hacen caja con la guerra\u00bb, ha aseverado la diputada derechista, a quien Bola\u00f1os ha despreciado: \u00abUstedes, que dicen ser patriotas, lo \u00fanico que son es limpiabotas. Rima, pero no es lo mismo\u00bb. \u00abAseg\u00farense de que sus pulseritas con la bandera de Espa\u00f1a van a juego con las correas de los due\u00f1os que mandan en ustedes\u00bb, ha apostillado el ministro, en alusi\u00f3n a la cercan\u00eda de Santiago Abascal con el presidente de Estados Unidos. Ni siquiera la guerra lima la batalla dial\u00e9ctica en una C\u00e1mara Baja abonada al enfrentamiento.<\/p>\n","protected":false},"excerpt":{"rendered":"No hay paz para los diputados. Tras dos semanas sin sesi\u00f3n de control, una por ser primera de&hellip;\n","protected":false},"author":2,"featured_media":454559,"comment_status":"","ping_status":"","sticky":false,"template":"","format":"standard","meta":{"footnotes":""},"categories":[8],"tags":[17,18,25,24,13,14,9860,69,11,73019,19,20,9,10,15,16,199,23,12,23357,21,22],"class_list":["post-454558","post","type-post","status-publish","format-standard","has-post-thumbnail","category-espana","tag-breaking-news","tag-breakingnews","tag-es","tag-espana","tag-featured-news","tag-featurednews","tag-feijoo","tag-guerra","tag-headlines","tag-hostilidades","tag-latest-news","tag-latestnews","tag-news","tag-noticias","tag-noticias-destacadas","tag-noticiasdestacadas","tag-sanchez","tag-spain","tag-titulares","tag-tregua","tag-ultimas-noticias","tag-ultimasnoticias"],"share_on_mastodon":{"url":"https:\/\/pubeurope.com\/@es\/116253988322593292","error":""},"_links":{"self":[{"href":"https:\/\/www.europesays.com\/es\/wp-json\/wp\/v2\/posts\/454558","targetHints":{"allow":["GET"]}}],"collection":[{"href":"https:\/\/www.europesays.com\/es\/wp-json\/wp\/v2\/posts"}],"about":[{"href":"https:\/\/www.europesays.com\/es\/wp-json\/wp\/v2\/types\/post"}],"author":[{"embeddable":true,"href":"https:\/\/www.europesays.com\/es\/wp-json\/wp\/v2\/users\/2"}],"replies":[{"embeddable":true,"href":"https:\/\/www.europesays.com\/es\/wp-json\/wp\/v2\/comments?post=454558"}],"version-history":[{"count":0,"href":"https:\/\/www.europesays.com\/es\/wp-json\/wp\/v2\/posts\/454558\/revisions"}],"wp:featuredmedia":[{"embeddable":true,"href":"https:\/\/www.europesays.com\/es\/wp-json\/wp\/v2\/media\/454559"}],"wp:attachment":[{"href":"https:\/\/www.europesays.com\/es\/wp-json\/wp\/v2\/media?parent=454558"}],"wp:term":[{"taxonomy":"category","embeddable":true,"href":"https:\/\/www.europesays.com\/es\/wp-json\/wp\/v2\/categories?post=454558"},{"taxonomy":"post_tag","embeddable":true,"href":"https:\/\/www.europesays.com\/es\/wp-json\/wp\/v2\/tags?post=454558"}],"curies":[{"name":"wp","href":"https:\/\/api.w.org\/{rel}","templated":true}]}}