{"id":454860,"date":"2026-03-19T08:45:14","date_gmt":"2026-03-19T08:45:14","guid":{"rendered":"https:\/\/www.europesays.com\/es\/454860\/"},"modified":"2026-03-19T08:45:14","modified_gmt":"2026-03-19T08:45:14","slug":"estrenos-de-cine-almodovar-lidera-la-cartelera-con-amarga-navidad-una-de-las-peliculas-del-ano","status":"publish","type":"post","link":"https:\/\/www.europesays.com\/es\/454860\/","title":{"rendered":"ESTRENOS DE CINE | Almod\u00f3var lidera la cartelera con \u2018Amarga Navidad\u2019, una de las pel\u00edculas del a\u00f1o"},"content":{"rendered":"<p class=\"ft-text\">La nueva pel\u00edcula de <a class=\"ft-link ft-link--decoration\" href=\"https:\/\/www.elperiodico.com\/es\/personajes\/pedro-almodovar-17091\" target=\"_blank\" rel=\"nofollow noopener\"><strong>Pedro Almod\u00f3var<\/strong><\/a>, &#8216;<strong>Amarga Navidad<\/strong>&#8216;, es el estreno m\u00e1s destacado este viernes en los <a class=\"ft-link ft-link--decoration\" href=\"https:\/\/www.elperiodico.com\/es\/temas\/cine-espanol-17134\" target=\"_blank\" rel=\"nofollow noopener\">cines espa\u00f1oles<\/a>, que por segunda semana traen pocas novedades al margen de la considerada como una de las pel\u00edculas del a\u00f1o. El viernes anterior fue el efecto <strong>&#8216;Torrente<\/strong>&#8216; el que disuadi\u00f3 a las distribuidoras de coincidir.<\/p>\n<p>&#8216;Amarga Navidad&#8217;, Almod\u00f3var ante el espejo con un guion redondo<\/p>\n<p class=\"ft-text\">Esta nueva producci\u00f3n de <strong>El Deseo<\/strong> cuenta la historia de una directora de publicidad interpretada por <strong>B\u00e1rbara Lennie<\/strong> (&#8216;La piel que habito&#8217;) que afronta la muerte de su madre mientras su vida se entrelaza con la del cineasta <strong>Ra\u00fal Dur\u00e1n<\/strong> (Leonardo Sbaraglia, &#8216;Dolor y gloria&#8217;), sin que queden claros los l\u00edmites entre ficci\u00f3n y realidad.<\/p>\n<p class=\"ft-text\"><strong>Aitana S\u00e1nchez-Gij\u00f3n<\/strong> (&#8216;Madres paralelas&#8217;), <strong>Victoria Luengo<\/strong> (&#8216;Antidisturbios&#8217;), <strong>Milena Smit<\/strong> (&#8216;Madres paralelas&#8217;), <strong>Patrick Criado<\/strong> (&#8216;Antidisturbios&#8217;) y <strong>Quim Guti\u00e9rrez<\/strong> (&#8216;Primos&#8217;) completan un reparto coral en el que tambi\u00e9n brillan la muy almodovariana <strong>Rossy de Palma junto a Carmen Machi y la cantante Amaia<\/strong>. Sus historias servir\u00e1n para hablar de amistad, duelo y para hacer un autorretrato nada complaciente del propio director y guionista manchego.<\/p>\n<p>&#8216;Whistle: El silbido del mal&#8217;, terror por la muerte<\/p>\n<p class=\"ft-text\">Dirigida por <strong>Corin Hardy<\/strong> (&#8216;La Monja&#8217;), cuenta \u00abuna historia sobre personas perseguidas por su propia muerte. Su propio fantasma del futuro viniendo a por ellas\u00bb, explica su guionista, <strong>Owen Egerton<\/strong>.<\/p>\n<p class=\"ft-text\">La pel\u00edcula, en la que un grupo de estudiantes inadaptados encuentra por accidente un objeto maldito: un antiguo silbato de la muerte azteca, est\u00e1 protagonizada por <strong>Dafne Keen<\/strong> (&#8216;Deadpool y Lobezno&#8217;), <strong>Sophie N\u00e9lisse<\/strong> (&#8216;M\u00e1s que rivales&#8217;), <strong>Sky Yang<\/strong> (&#8216;Rebel Moon&#8217;), <strong>Percy Hynes White<\/strong> (&#8216;Mi\u00e9rcoles&#8217;) y <strong>Nick Frost<\/strong> (&#8216;C\u00f3mo entrenar a tu rag\u00f3n&#8217;).<\/p>\n<p>&#8216;Una hija en Tokio&#8217;, drama sobre la esperanza<\/p>\n<p class=\"ft-text\">Dirigida por el franc\u00e9s <strong>Guillaume Senez<\/strong> (&#8216;Nuestras peque\u00f1as batallas&#8217;) y protagonizada por <strong>Romain Duris<\/strong> (&#8216;De latir, mi coraz\u00f3n se ha parado&#8217;), es un relato humano y cercano que habla de la paternidad, la esperanza y la importancia de no renunciar a quienes amamos.<\/p>\n<p class=\"ft-text\">La <a class=\"ft-link ft-link--decoration\" href=\"https:\/\/www.elperiodico.com\/es\/temas\/peliculas-34751\" target=\"_blank\" rel=\"nofollow noopener\">pel\u00edcula <\/a>tuvo su estreno mundial en el Festival de Toronto y posteriormente form\u00f3 parte de la Secci\u00f3n Oficial del Festival de Cine Europeo de Sevilla.<\/p>\n<p>&#8216;Elegir mi vida&#8217;, comedia francesa ligera y musical<\/p>\n<p class=\"ft-text\">La pel\u00edcula que inaugur\u00f3 el <a class=\"ft-link ft-link--decoration\" href=\"https:\/\/www.elperiodico.com\/es\/temas\/festival-cannes-16051\" target=\"_blank\" rel=\"nofollow noopener\">Festival de Cannes<\/a> el pasado a\u00f1o est\u00e1 dirigida por <strong>Am\u00e9lie Bonnin<\/strong>. Esta comedia ligera que se desarrolla en la campi\u00f1a francesa se convierte en <strong>una historia sencilla y musical con grandes dosis de nostalgia y cultura pop<\/strong>.<\/p>\n<p class=\"ft-text\">C\u00e9cile (<strong>Juliette Armanet<\/strong>) est\u00e1 a punto de cumplir su sue\u00f1o de abrir su propio restaurante, cuando su padre sufre un infarto y debe volver a su peque\u00f1o pueblo natal, donde tendr\u00e1 un reencuentro inesperado con su amor de la adolescencia (<strong>Bastien Bouillon<\/strong>).<\/p>\n<p>&#8216;Tafiti y sus amigos&#8217;: dibujos animados y amistad<\/p>\n<p class=\"ft-text\">Llegan a la gran pantalla los cuentos de Tafiti, <strong>escritos por Julia Boehme e ilustrados por Julia Ginsbach<\/strong>, para recordar en dibujos animados el valor de la amistad en una colorida aventura de esta intr\u00e9pida suricata por el desierto del Namib. Dirigida por Nina Wels, que consigui\u00f3 el premio de la audiencia en la secci\u00f3n infantil del Festival de Cine de M\u00fanich.<\/p>\n<p>&#8216;Your Name&#8217;, reestreno de la animaci\u00f3n japonesa<\/p>\n<p class=\"ft-text\">Dirigida por <strong>Makoto Shinkai<\/strong> en 2016, Taki y Mitsuha descubren un d\u00eda que durante el sue\u00f1o sus cuerpos se intercambian y comienzan a comunicarse por medio de notas. A medida que consiguen superar torpemente un reto tras otro, se va creando entre los dos un v\u00ednculo que poco a poco se convierte en algo m\u00e1s rom\u00e1ntico.<\/p>\n<p>&#8216;La sonrisa del mal&#8217;, drama italiano<\/p>\n<p class=\"ft-text\">En este drama del italiano <strong>Paolo Strippoli<\/strong> se cuenta la llegada a Remis, un peque\u00f1o pueblo enclavado en un valle aislado en las monta\u00f1as, del nuevo profesor de educaci\u00f3n f\u00edsica Sergio Rossetti (Michele Riondino), atormentado por un pasado misterioso.<\/p>\n","protected":false},"excerpt":{"rendered":"La nueva pel\u00edcula de Pedro Almod\u00f3var, &#8216;Amarga Navidad&#8216;, es el estreno m\u00e1s destacado este viernes en los cines&hellip;\n","protected":false},"author":2,"featured_media":454861,"comment_status":"","ping_status":"","sticky":false,"template":"","format":"standard","meta":{"footnotes":""},"categories":[91],"tags":[7666,7668,1611,1013,12374,146,147,25,24,3220,2289,2951,7669,753,23],"class_list":["post-454860","post","type-post","status-publish","format-standard","has-post-thumbnail","category-entretenimiento","tag-almodovar","tag-amarga","tag-ano","tag-cartelera","tag-cine-espanol","tag-entertainment","tag-entretenimiento","tag-es","tag-espana","tag-estrenos-de-cine","tag-lidera","tag-navidad","tag-pedro-almodovar","tag-peliculas","tag-spain"],"share_on_mastodon":{"url":"https:\/\/pubeurope.com\/@es\/116254967397159839","error":""},"_links":{"self":[{"href":"https:\/\/www.europesays.com\/es\/wp-json\/wp\/v2\/posts\/454860","targetHints":{"allow":["GET"]}}],"collection":[{"href":"https:\/\/www.europesays.com\/es\/wp-json\/wp\/v2\/posts"}],"about":[{"href":"https:\/\/www.europesays.com\/es\/wp-json\/wp\/v2\/types\/post"}],"author":[{"embeddable":true,"href":"https:\/\/www.europesays.com\/es\/wp-json\/wp\/v2\/users\/2"}],"replies":[{"embeddable":true,"href":"https:\/\/www.europesays.com\/es\/wp-json\/wp\/v2\/comments?post=454860"}],"version-history":[{"count":0,"href":"https:\/\/www.europesays.com\/es\/wp-json\/wp\/v2\/posts\/454860\/revisions"}],"wp:featuredmedia":[{"embeddable":true,"href":"https:\/\/www.europesays.com\/es\/wp-json\/wp\/v2\/media\/454861"}],"wp:attachment":[{"href":"https:\/\/www.europesays.com\/es\/wp-json\/wp\/v2\/media?parent=454860"}],"wp:term":[{"taxonomy":"category","embeddable":true,"href":"https:\/\/www.europesays.com\/es\/wp-json\/wp\/v2\/categories?post=454860"},{"taxonomy":"post_tag","embeddable":true,"href":"https:\/\/www.europesays.com\/es\/wp-json\/wp\/v2\/tags?post=454860"}],"curies":[{"name":"wp","href":"https:\/\/api.w.org\/{rel}","templated":true}]}}