{"id":455125,"date":"2026-03-19T12:08:11","date_gmt":"2026-03-19T12:08:11","guid":{"rendered":"https:\/\/www.europesays.com\/es\/455125\/"},"modified":"2026-03-19T12:08:11","modified_gmt":"2026-03-19T12:08:11","slug":"sofia-coppola-quiere-dirigir-el-biopic-de-britney-spears-jenesaispop-com","status":"publish","type":"post","link":"https:\/\/www.europesays.com\/es\/455125\/","title":{"rendered":"Sofia Coppola quiere dirigir el biopic de Britney Spears \u2013 jenesaispop.com"},"content":{"rendered":"<p>Mientras Britney Spears atraviesa un momento vital delicado tras su <a href=\"https:\/\/jenesaispop.com\/2026\/03\/05\/518315\/britney-spears-detenida\/\" rel=\"nofollow noopener\" target=\"_blank\">arresto<\/a> hace un par de semanas por conducir supuestamente bajo los efectos del alcohol, otros reivindican su figura incluso como s\u00edmbolo de los derechos de las mujeres.<\/p>\n<p>La directora Sofia Coppola ha hablado de Spears en estos t\u00e9rminos en una entrevista con <a href=\"https:\/\/www.elle.com\/culture\/movies-tv\/a70735154\/sofia-coppola-marc-jacobs-documentary-interview-2026\/\" rel=\"nofollow noopener\" target=\"_blank\">ELLE Magazine<\/a>, donde ha confesado que fantasea con dirigir el biopic sobre la vida de la cantante de \u2018Toxic\u2019, que de momento se encuentra en manos de Jon M. Chu.<\/p>\n<p>Coppola asegura que se encuentra \u00abobsesionada\u00bb con Spears actualmente y que no puede parar de ver documentales sobre ella y de leer sus memorias, \u2018<a href=\"https:\/\/jenesaispop.com\/2023\/11\/14\/465907\/britney-libro-podcast\/\" rel=\"nofollow noopener\" target=\"_blank\">La mujer que soy<\/a>\u2018. Coppola reconoce que ver la entrevista que Diane Sawyer hizo a Spears en 2003, en la que la periodista parec\u00eda sugerir que hab\u00eda sido culpable de su ruptura con Justin Timberlake, le ha causado un \u00abprofundo impacto\u00bb.<\/p>\n<p>Coppola, quien durante esa \u00e9poca se encontraba dirigiendo su famosa pel\u00edcula \u2018<a href=\"https:\/\/jenesaispop.com\/2007\/01\/14\/2024\/maria-antonieta\/\" rel=\"nofollow noopener\" target=\"_blank\">Mar\u00eda Antonieta<\/a>\u2018 (2006), ve ahora la figura de Spears con otros ojos y destaca que los episodios de su rapado de cabeza y su ataque a los paparazzi con un paraguas le parecen \u00abmomentos totalmente punk\u00bb. \u00abElla se ha convertido en un s\u00edmbolo de los derechos de las mujeres\u00bb, se\u00f1ala la cineasta. \u00abNada de lo que le pas\u00f3 le habr\u00eda pasado nunca a un hombre\u00bb.<\/p>\n<p>Finalmente, Coppola reconoce que desear\u00eda dirigir su biopic: \u00abSupuestamente Jon Chu lo est\u00e1 haciendo, pero s\u00ed, me encantar\u00eda trabajar esa historia\u00bb. En el caso de que se la quedara, esperamos que sea mejor que <a href=\"https:\/\/jenesaispop.com\/2024\/02\/16\/470653\/priscilla-critica\/\" rel=\"nofollow noopener\" target=\"_blank\">su pel\u00edcula sobre Priscilla Presley<\/a>.<\/p>\n","protected":false},"excerpt":{"rendered":"Mientras Britney Spears atraviesa un momento vital delicado tras su arresto hace un par de semanas por conducir&hellip;\n","protected":false},"author":2,"featured_media":455126,"comment_status":"","ping_status":"","sticky":false,"template":"","format":"standard","meta":{"footnotes":""},"categories":[170],"tags":[23845,146,147,25,24,184,185,12420,23],"class_list":["post-455125","post","type-post","status-publish","format-standard","has-post-thumbnail","category-musica","tag-britney-spears","tag-entertainment","tag-entretenimiento","tag-es","tag-espana","tag-music","tag-musica","tag-sofia-coppola","tag-spain"],"share_on_mastodon":{"url":"https:\/\/pubeurope.com\/@es\/116255765730266342","error":""},"_links":{"self":[{"href":"https:\/\/www.europesays.com\/es\/wp-json\/wp\/v2\/posts\/455125","targetHints":{"allow":["GET"]}}],"collection":[{"href":"https:\/\/www.europesays.com\/es\/wp-json\/wp\/v2\/posts"}],"about":[{"href":"https:\/\/www.europesays.com\/es\/wp-json\/wp\/v2\/types\/post"}],"author":[{"embeddable":true,"href":"https:\/\/www.europesays.com\/es\/wp-json\/wp\/v2\/users\/2"}],"replies":[{"embeddable":true,"href":"https:\/\/www.europesays.com\/es\/wp-json\/wp\/v2\/comments?post=455125"}],"version-history":[{"count":0,"href":"https:\/\/www.europesays.com\/es\/wp-json\/wp\/v2\/posts\/455125\/revisions"}],"wp:featuredmedia":[{"embeddable":true,"href":"https:\/\/www.europesays.com\/es\/wp-json\/wp\/v2\/media\/455126"}],"wp:attachment":[{"href":"https:\/\/www.europesays.com\/es\/wp-json\/wp\/v2\/media?parent=455125"}],"wp:term":[{"taxonomy":"category","embeddable":true,"href":"https:\/\/www.europesays.com\/es\/wp-json\/wp\/v2\/categories?post=455125"},{"taxonomy":"post_tag","embeddable":true,"href":"https:\/\/www.europesays.com\/es\/wp-json\/wp\/v2\/tags?post=455125"}],"curies":[{"name":"wp","href":"https:\/\/api.w.org\/{rel}","templated":true}]}}