{"id":45553,"date":"2025-08-13T21:37:07","date_gmt":"2025-08-13T21:37:07","guid":{"rendered":"https:\/\/www.europesays.com\/es\/45553\/"},"modified":"2025-08-13T21:37:07","modified_gmt":"2025-08-13T21:37:07","slug":"el-papa-basta-de-armas-en-ucrania-basta-de-hambre-en-gaza","status":"publish","type":"post","link":"https:\/\/www.europesays.com\/es\/45553\/","title":{"rendered":"El Papa: basta de armas en Ucrania, basta de hambre en Gaza"},"content":{"rendered":"<p>Los deseos de Le\u00f3n XIV, en relaci\u00f3n con los dos conflictos en curso, y los objetivos de la \u00abdiplomacia blanda\u00bb de la Santa Sede, para intentar resolver los problemas mediante el di\u00e1logo y no con la guerra, expresados a los periodistas a su llegada a Villa Barberini, en Castel Gandolfo.<\/p>\n<p><b>Vatican News<\/b><\/p>\n<p>Alto el fuego y acuerdo de paz en Ucrania, resoluci\u00f3n de la crisis humanitaria y del hambre, y liberaci\u00f3n de los rehenes israel\u00edes en Gaza. Estos son los objetivos de la\u00a0\u2018soft diplomacy\u2019 de la Santa Sede para problemas que \u00abno se pueden resolver con la guerra\u00bb, y es lo que pide y desea el papa Le\u00f3n XIV, al que han entrevistado esta tarde algunos periodistas a su llegada a Castel Gandolfo, donde pasar\u00e1 un segundo periodo de descanso estival, hasta el 19 de agosto.<\/p>\n<p>Mientras saluda a las numerosas personas que esperan su llegada, frente a la puerta de Villa Barberini, que ser\u00e1 su residencia durante estos d\u00edas, el Papa responde a las preguntas de algunos periodistas sobre la actualidad internacional.<\/p>\n<p>Cuando se le pregunta qu\u00e9 espera de la cumbre de mediados de agosto entre el presidente estadounidense Donald Trump y el ruso Vladimir Putin, Le\u00f3n XIV responde: hay que buscar siempre \u00abel alto el fuego, hay que acabar con la violencia, con tantos muertos. Veamos c\u00f3mo pueden ponerse de acuerdo. Porque la guerra despu\u00e9s de tanto tiempo, \u00bfcu\u00e1l es el fin? Hay que buscar siempre el di\u00e1logo, el trabajo diplom\u00e1tico y no la violencia, no las armas\u00bb.<\/p>\n<p>Y a la pregunta de si le preocupa la posibilidad de que se deporte a la poblaci\u00f3n de Gaza, el Papa responde: \u00abEn cualquier caso, hay que resolver la crisis humanitaria, no se puede seguir as\u00ed. Conocemos la violencia del terrorismo y respetamos a los muchos que han muerto y tambi\u00e9n a los rehenes, es necesario que sean liberados. Pero tambi\u00e9n hay que pensar en los muchos que est\u00e1n muriendo de hambre\u00bb.<\/p>\n<p>Por \u00faltimo, se le pregunta qu\u00e9 est\u00e1 haciendo la Santa Sede para detener estos y otros conflictos. El Pont\u00edfice responde que \u00abla Santa Sede no puede detenerlos&#8230; pero estamos trabajando, digamos, por una \u2018soft diplomacy\u2019, invitando siempre, impulsando la b\u00fasqueda de la no violencia a trav\u00e9s del di\u00e1logo y buscando soluciones, porque estos problemas no se pueden resolver con la guerra\u00bb.<\/p>\n<p>Esta ma\u00f1ana, durante la audiencia general en la Sala Pablo VI, al saludar a los peregrinos polacos, el Pont\u00edfice llam\u00f3 la atenci\u00f3n del mundo sobre las poblaciones de los pa\u00edses afectados por conflictos y violencia.\u00a0 \u00abRueguen a Dios que conceda la paz a todos los pueblos que viven la tragedia de la guerra\u00bb. El motivo del llamamiento del Pont\u00edfice fue la figura de San Maximiliano Mar\u00eda Kolbe, el franciscano polaco que muri\u00f3 en el campo de concentraci\u00f3n de Auschwitz, donde se ofreci\u00f3 a ocupar el lugar de un padre de familia destinado al b\u00fanker del hambre.<\/p>\n<p>Durante este segundo per\u00edodo de descanso en la residencia de Villa Barberini, dentro de las Villas Pontificias, Le\u00f3n XIV tendr\u00e1 algunos compromisos p\u00fablicos. El viernes 15 de agosto, solemnidad de la Asunci\u00f3n de la Sant\u00edsima Virgen Mar\u00eda, a las 10:00 horas, el Pont\u00edfice celebrar\u00e1 la Santa Misa en la parroquia de San Tom\u00e1s de Villanova en Castel Gandolfo, y a las 12:00 horas rezar\u00e1 el \u00c1ngelus desde la entrada del Palacio Pontificio, en la Piazza della Libert\u00e0, tambi\u00e9n en Castel Gandolfo.<\/p>\n<p>El domingo 17 de agosto, a las 9.30, el Papa Le\u00f3n XIV celebrar\u00e1 la misa en el Santuario de Santa Maria della Rotonda en Albano Laziale, con los pobres asistidos por C\u00e1ritas diocesana y los operadores. A las 12 recitar\u00e1 el \u00c1ngelus en la plaza della Libert\u00e0, en Castel Gandolfo. Finalmente, compartir\u00e1 el almuerzo con los pobres y los asistidos por C\u00e1ritas en el Borgo Laudato si\u2019, dentro de las Villas Pontificias.<\/p>\n","protected":false},"excerpt":{"rendered":"Los deseos de Le\u00f3n XIV, en relaci\u00f3n con los dos conflictos en curso, y los objetivos de la&hellip;\n","protected":false},"author":2,"featured_media":45554,"comment_status":"","ping_status":"","sticky":false,"template":"","format":"standard","meta":{"footnotes":""},"categories":[42],"tags":[17,18,21102,13,14,69,11,61,62,63,64,19,20,9,10,15,16,5403,76,400,11506,12914,12,7081,21,22,65,66,67],"class_list":{"0":"post-45553","1":"post","2":"type-post","3":"status-publish","4":"format-standard","5":"has-post-thumbnail","7":"category-internacional","8":"tag-breaking-news","9":"tag-breakingnews","10":"tag-castel-gandolfo","11":"tag-featured-news","12":"tag-featurednews","13":"tag-guerra","14":"tag-headlines","15":"tag-internacional","16":"tag-international","17":"tag-international-news","18":"tag-internationalnews","19":"tag-latest-news","20":"tag-latestnews","21":"tag-news","22":"tag-noticias","23":"tag-noticias-destacadas","24":"tag-noticiasdestacadas","25":"tag-oriente-medio","26":"tag-palestina","27":"tag-papa-leon-xiv","28":"tag-paz","29":"tag-tierra-santa","30":"tag-titulares","31":"tag-ucrania","32":"tag-ultimas-noticias","33":"tag-ultimasnoticias","34":"tag-world","35":"tag-world-news","36":"tag-worldnews"},"share_on_mastodon":{"url":"","error":""},"_links":{"self":[{"href":"https:\/\/www.europesays.com\/es\/wp-json\/wp\/v2\/posts\/45553","targetHints":{"allow":["GET"]}}],"collection":[{"href":"https:\/\/www.europesays.com\/es\/wp-json\/wp\/v2\/posts"}],"about":[{"href":"https:\/\/www.europesays.com\/es\/wp-json\/wp\/v2\/types\/post"}],"author":[{"embeddable":true,"href":"https:\/\/www.europesays.com\/es\/wp-json\/wp\/v2\/users\/2"}],"replies":[{"embeddable":true,"href":"https:\/\/www.europesays.com\/es\/wp-json\/wp\/v2\/comments?post=45553"}],"version-history":[{"count":0,"href":"https:\/\/www.europesays.com\/es\/wp-json\/wp\/v2\/posts\/45553\/revisions"}],"wp:featuredmedia":[{"embeddable":true,"href":"https:\/\/www.europesays.com\/es\/wp-json\/wp\/v2\/media\/45554"}],"wp:attachment":[{"href":"https:\/\/www.europesays.com\/es\/wp-json\/wp\/v2\/media?parent=45553"}],"wp:term":[{"taxonomy":"category","embeddable":true,"href":"https:\/\/www.europesays.com\/es\/wp-json\/wp\/v2\/categories?post=45553"},{"taxonomy":"post_tag","embeddable":true,"href":"https:\/\/www.europesays.com\/es\/wp-json\/wp\/v2\/tags?post=45553"}],"curies":[{"name":"wp","href":"https:\/\/api.w.org\/{rel}","templated":true}]}}