{"id":45590,"date":"2025-08-13T21:59:09","date_gmt":"2025-08-13T21:59:09","guid":{"rendered":"https:\/\/www.europesays.com\/es\/45590\/"},"modified":"2025-08-13T21:59:09","modified_gmt":"2025-08-13T21:59:09","slug":"el-ibex-35-conquista-los-15-000-puntos-y-se-mete-en-maximos-desde-2007","status":"publish","type":"post","link":"https:\/\/www.europesays.com\/es\/45590\/","title":{"rendered":"El Ibex-35 conquista los 15.000 puntos y se mete en m\u00e1ximos desde 2007"},"content":{"rendered":"\n<p class=\"yf-1090901\">El principal \u00edndice de la Bolsa espa\u00f1ola <strong>ha cerrado esta tarde con 15.019 puntos<\/strong> y toca <a href=\"https:\/\/es.finance.yahoo.com\/noticias\/espa%C3%B1a-lidera-crecimiento-eurozona-alemania-111738964.html\" data-ylk=\"slk:niveles desconocidos desde 2007;elm:context_link;itc:0;sec:content-canvas;outcm:mb_qualified_link;_E:mb_qualified_link;ct:story;\" class=\"link  yahoo-link\" rel=\"nofollow noopener\" target=\"_blank\">niveles desconocidos desde 2007<\/a>, a\u00f1o en el que se produjo el estallido de la burbuja inmobiliaria que deriv\u00f3 en un hundimiento burs\u00e1til global y en una d\u00e9cada de austeridad para la econom\u00eda ib\u00e9rica.<\/p>\n<p class=\"yf-1090901\">El Ibex-35 est\u00e1 <strong>a menos de 1.000 puntos de batir su m\u00e1ximo hist\u00f3rico,<\/strong> del 9 de noviembre de 2007; un mes antes del estallido de la gran crisis financiera. Entonces se alcanzaron los <strong>16.040,40 puntos.<\/strong> Varios ingredientes podr\u00edan estar propiciando la confianza de los inversores durante las <strong>ocho jornadas seguidas en las que el Ibex ha encadenado valores al alza<\/strong>.<\/p>\n<p class=\"yf-1090901\">En primer lugar, los datos del \u00cdndice de Precios de Consumo estadounidense: la ca\u00edda del petr\u00f3leo ha mantenido la inflaci\u00f3n en un <strong>2,7% tanto en ese pa\u00eds como en Espa\u00f1a<\/strong>, por lo que las incertidumbres comerciales y la guerra arancelaria de Donald Trump no parecen traducirse, por ahora, en una subida de precios generalizada para los consumidores.<\/p>\n<p class=\"yf-1090901\">En segundo lugar, se prev\u00e9 que la Reserva Federal estadounidense baje sus tipos de inter\u00e9s pese a las resistencias de su jefe, <strong>Jerome Powell<\/strong>, quien considera que la inflaci\u00f3n no est\u00e1 lo suficientemente controlada y que, por tanto, no hay que reducir los tipos, <a href=\"https:\/\/es.euronews.com\/business\/2025\/06\/19\/la-reserva-federal-de-eeuu-mantiene-sin-cambios-los-tipos-de-interes-a-la-espera-del-impac\" rel=\"nofollow noopener\" target=\"_blank\" data-ylk=\"slk:pese a las amenazas directas que ha recibido del presidente estadounidense para que lo haga;elm:context_link;itc:0;sec:content-canvas\" class=\"link \">pese a las amenazas directas que ha recibido del presidente estadounidense para que lo haga<\/a>. El mercado de futuros otorga una probabilidad cercana al 100% a una rebaja de tipos en este pa\u00eds, que ser\u00e1 anunciada el 17 de septiembre.<\/p>\n<p class=\"yf-1090901\">Las mayores subidas en el Ibex est\u00e1n protagonizadas por dos <strong>farmac\u00e9uticas<\/strong>: Grifols (2,18%) y Rovi (3,42%), adem\u00e1s de Fluidra (2,79%) <strong>y varios bancos<\/strong> como el BBVA (1,68%) o el Santander (1,51%). En Europa, el Dax alem\u00e1n sube un 0,7% mientras que el FTSE 100 de Londres y el Cac franc\u00e9s avanzan un 0,2% y un 0,4%, respectivamente. En lo que llevamos de a\u00f1o, <strong>el selectivo hispano se ha revalorizado en un 28%<\/strong>.<\/p>\n<p class=\"yf-1090901\"><a href=\"https:\/\/es.euronews.com\/my-europe\/2025\/08\/13\/por-que-trump-ha-elegido-alaska-como-punto-de-encuentro-con-putin\" rel=\"nofollow noopener\" target=\"_blank\" data-ylk=\"slk:La noticia geopol\u00edtica de la semana;elm:context_link;itc:0;sec:content-canvas\" class=\"link \">La noticia geopol\u00edtica de la semana<\/a> mantiene en vilo a las bolsas de todo el mundo, y podr\u00edan reaccionar con un rebote negativo en caso de que no se alcance un acuerdo satisfactorio entre ambos mandatarios.<\/p>\n<p class=\"yf-1090901\">La reuni\u00f3n entre los presidentes estadounidense y ruso ser\u00e1 <strong>la primera que mantienen en persona desde el inicio de la invasi\u00f3n<\/strong> rusa en febrero de 2022. El presidente ucraniano y el resto de l\u00edderes occidentales, excluidos de este encuentro, <a href=\"https:\/\/es.euronews.com\/my-europe\/2025\/08\/13\/varios-lideres-occidentales-organizan-una-reunion-telematica-con-trump-antes-de-la-cita-co\" rel=\"nofollow noopener\" target=\"_blank\" data-ylk=\"slk:han tratado de suavizar sus posiciones esta tarde;elm:context_link;itc:0;sec:content-canvas\" class=\"link \">han tratado de suavizar sus posiciones esta tarde<\/a> para que <strong>la soberan\u00eda territorial ucraniana<\/strong> no entre en juego durante las negociaciones en las que Kiev no tendr\u00e1 voz ni voto.<\/p>\n","protected":false},"excerpt":{"rendered":"El principal \u00edndice de la Bolsa espa\u00f1ola ha cerrado esta tarde con 15.019 puntos y toca niveles desconocidos&hellip;\n","protected":false},"author":2,"featured_media":45591,"comment_status":"","ping_status":"","sticky":false,"template":"","format":"standard","meta":{"footnotes":""},"categories":[80],"tags":[82,352,95,94,25,24,21107,23,21108,6407],"class_list":{"0":"post-45590","1":"post","2":"type-post","3":"status-publish","4":"format-standard","5":"has-post-thumbnail","7":"category-economia","8":"tag-business","9":"tag-donald-trump","10":"tag-economia","11":"tag-economy","12":"tag-es","13":"tag-espana","14":"tag-indice-de-precios-de-consumo","15":"tag-spain","16":"tag-subida-de-precios","17":"tag-tipos-de-interes"},"share_on_mastodon":{"url":"","error":""},"_links":{"self":[{"href":"https:\/\/www.europesays.com\/es\/wp-json\/wp\/v2\/posts\/45590","targetHints":{"allow":["GET"]}}],"collection":[{"href":"https:\/\/www.europesays.com\/es\/wp-json\/wp\/v2\/posts"}],"about":[{"href":"https:\/\/www.europesays.com\/es\/wp-json\/wp\/v2\/types\/post"}],"author":[{"embeddable":true,"href":"https:\/\/www.europesays.com\/es\/wp-json\/wp\/v2\/users\/2"}],"replies":[{"embeddable":true,"href":"https:\/\/www.europesays.com\/es\/wp-json\/wp\/v2\/comments?post=45590"}],"version-history":[{"count":0,"href":"https:\/\/www.europesays.com\/es\/wp-json\/wp\/v2\/posts\/45590\/revisions"}],"wp:featuredmedia":[{"embeddable":true,"href":"https:\/\/www.europesays.com\/es\/wp-json\/wp\/v2\/media\/45591"}],"wp:attachment":[{"href":"https:\/\/www.europesays.com\/es\/wp-json\/wp\/v2\/media?parent=45590"}],"wp:term":[{"taxonomy":"category","embeddable":true,"href":"https:\/\/www.europesays.com\/es\/wp-json\/wp\/v2\/categories?post=45590"},{"taxonomy":"post_tag","embeddable":true,"href":"https:\/\/www.europesays.com\/es\/wp-json\/wp\/v2\/tags?post=45590"}],"curies":[{"name":"wp","href":"https:\/\/api.w.org\/{rel}","templated":true}]}}