{"id":45607,"date":"2025-08-13T22:10:13","date_gmt":"2025-08-13T22:10:13","guid":{"rendered":"https:\/\/www.europesays.com\/es\/45607\/"},"modified":"2025-08-13T22:10:13","modified_gmt":"2025-08-13T22:10:13","slug":"el-baskonia-remodela-su-cuerpo-tecnico","status":"publish","type":"post","link":"https:\/\/www.europesays.com\/es\/45607\/","title":{"rendered":"El Baskonia remodela su cuerpo t\u00e9cnico"},"content":{"rendered":"<p>La remodelaci\u00f3n del Baskonia en su estructura de trabajo ha llegado a su cuerpo t\u00e9cnico. El club azulgrana ha incorporado este mi\u00e9rcoles a Pablo Pin  &#8230; y Jack Burgess para que trabajen codo con codo con Paolo Galbiati en su primera temporada en la ACB y la Euroliga. Se trata de dos incorporaciones que sustituyen a Nacho Juan, que puso rumbo al Manresa para dirigir a su equipo de la liga sub&#8217;22, y David Gil, que hace s\u00f3lo unos d\u00edas puso fin a m\u00e1s de dos d\u00e9cadas en el conjunto vitoriano tras su destituci\u00f3n.<\/p>\n<p class=\"v-p\">El club ha buscado un perfil con experiencia reciente en la ACB para facilitar el aterrizaje de Galbiati en la competici\u00f3n dom\u00e9stica. As\u00ed lo demuestra la contrataci\u00f3n tanto de Pablo Pin (Granada, 1982), como de Jack Burgess (Stirling, Escocia, 1989). El andaluz se presenta como el asistente principal del transalpino, ya que posee una gran trayectoria nacional tras ser el t\u00e9cnico principal del Granada durante los \u00faltimos 13 a\u00f1os. Durante este periodo ha ido evolucionando en las diferentes categor\u00edas hasta conseguir el ascenso hace tres campa\u00f1as a Liga Endesa con el equipo andaluz.<\/p>\n<p><img decoding=\"async\" loading=\"lazy\" src=\"https:\/\/www.europesays.com\/es\/wp-content\/uploads\/2025\/08\/ala-burgess-kXLC-U2302633171825CmB-624x385@El Correo.jpg\" class=\"v-a-img\" width=\"624\" height=\"385\" alt=\"Jack Burgess, durante su etapa en el Zaragoza.\" data-voc-vtm-id=\"in-text-traffic\"\/><\/p>\n<p>Jack Burgess, durante su etapa en el Zaragoza.<\/p>\n<p><img loading=\"lazy\" decoding=\"async\" src=\"https:\/\/www.europesays.com\/es\/wp-content\/uploads\/2025\/08\/ala-burgess-kXLC-U2302633171825CmB-624x385@El Correo.jpg\" class=\"v-mdl__img-z\" width=\"624\" height=\"385\" alt=\"\"\/><\/p>\n<p class=\"v-p\">Burgess, por su parte, llega a la escuadra de Zurbano tras dos temporadas en el staff del Casademont Zaragoza, del que se ha despedido este mismo mi\u00e9rcoles. El escoc\u00e9s cuenta con experiencia en diferentes competiciones tanto nacionales como internacionales, lo que aportar\u00e1 una gran experiencia como t\u00e9cnico ayudante. <\/p>\n<p class=\"v-p\">Xabier Aspe, mientras tanto, cumple su sexta temporada en el staff azulgrana, al que lleg\u00f3 en la campa\u00f1a 2018-19. Se trata del \u00fanico superviviente del banquillo vitoriano del pasado curso, que estuvo capitaenado por Pablo Laso y acompa\u00f1ado de Pablo Pin y Nacho Juan junto al propio Aspe.<\/p>\n","protected":false},"excerpt":{"rendered":"La remodelaci\u00f3n del Baskonia en su estructura de trabajo ha llegado a su cuerpo t\u00e9cnico. El club azulgrana&hellip;\n","protected":false},"author":2,"featured_media":45608,"comment_status":"","ping_status":"","sticky":false,"template":"","format":"standard","meta":{"footnotes":""},"categories":[269],"tags":[21119,21120,299,298,21117,168,1539,25,24,17490,17027,618,17489,21116,23,167,21118],"class_list":{"0":"post-45607","1":"post","2":"type-post","3":"status-publish","4":"format-standard","5":"has-post-thumbnail","7":"category-baloncesto","8":"tag-aspe","9":"tag-ayudantes","10":"tag-baloncesto","11":"tag-basketball","12":"tag-burgess","13":"tag-deportes","14":"tag-entrenadores","15":"tag-es","16":"tag-espana","17":"tag-galbiati","18":"tag-jack","19":"tag-pablo","20":"tag-paolo","21":"tag-pin","22":"tag-spain","23":"tag-sports","24":"tag-xabier"},"share_on_mastodon":{"url":"","error":""},"_links":{"self":[{"href":"https:\/\/www.europesays.com\/es\/wp-json\/wp\/v2\/posts\/45607","targetHints":{"allow":["GET"]}}],"collection":[{"href":"https:\/\/www.europesays.com\/es\/wp-json\/wp\/v2\/posts"}],"about":[{"href":"https:\/\/www.europesays.com\/es\/wp-json\/wp\/v2\/types\/post"}],"author":[{"embeddable":true,"href":"https:\/\/www.europesays.com\/es\/wp-json\/wp\/v2\/users\/2"}],"replies":[{"embeddable":true,"href":"https:\/\/www.europesays.com\/es\/wp-json\/wp\/v2\/comments?post=45607"}],"version-history":[{"count":0,"href":"https:\/\/www.europesays.com\/es\/wp-json\/wp\/v2\/posts\/45607\/revisions"}],"wp:featuredmedia":[{"embeddable":true,"href":"https:\/\/www.europesays.com\/es\/wp-json\/wp\/v2\/media\/45608"}],"wp:attachment":[{"href":"https:\/\/www.europesays.com\/es\/wp-json\/wp\/v2\/media?parent=45607"}],"wp:term":[{"taxonomy":"category","embeddable":true,"href":"https:\/\/www.europesays.com\/es\/wp-json\/wp\/v2\/categories?post=45607"},{"taxonomy":"post_tag","embeddable":true,"href":"https:\/\/www.europesays.com\/es\/wp-json\/wp\/v2\/tags?post=45607"}],"curies":[{"name":"wp","href":"https:\/\/api.w.org\/{rel}","templated":true}]}}