{"id":456368,"date":"2026-03-20T06:05:31","date_gmt":"2026-03-20T06:05:31","guid":{"rendered":"https:\/\/www.europesays.com\/es\/456368\/"},"modified":"2026-03-20T06:05:31","modified_gmt":"2026-03-20T06:05:31","slug":"los-posibles-rivales-del-unicaja-en-cuartos","status":"publish","type":"post","link":"https:\/\/www.europesays.com\/es\/456368\/","title":{"rendered":"Los posibles rivales del Unicaja en cuartos"},"content":{"rendered":"<p><a class=\"v-mdl-ath__fig-a\" href=\"https:\/\/www.diariosur.es\/autor\/nacho-carmona-6652.html\" title=\"Nacho Carmona\" rel=\"nofollow noopener\" target=\"_blank\"><br \/>\n<img decoding=\"async\" class=\"v-mdl-ath__img\" src=\"https:\/\/www.europesays.com\/es\/wp-content\/uploads\/2026\/01\/autor-6652-foto-1.jpeg\" alt=\"Nacho Carmona\"\/><br \/>\n<\/a><\/p>\n<p class=\"v-mdl-ath__p v-mdl-ath__p--6\">\nMi\u00e9rcoles, 18 de marzo 2026, 22:16<\/p>\n<p class=\"v-p\">El Unicaja ya conoce a sus tres posibles rivales para la ronda de cuartos de final, que ser\u00e1n el Nymburk, el Galatasaray o el ALBA Berl\u00edn, los segundos de los otros tres grupos en este &#8216;Round of 16&#8217;. Lo conocer\u00e1 en un sorteo que se celebrar\u00e1 el viernes al mediod\u00eda, en el que tambi\u00e9n quedar\u00e1 trazado el camino hasta la final, Final Four incluida, que se disputar\u00e1 en Badalona. El Joventut qued\u00f3 segundo en el grupo del Unicaja, pero las reglas del sorteo no contemplan que se pueda repetir este partido en los tambi\u00e9n llamados &#8216;play-off&#8217;, que comenzar\u00e1n en Semana Santa: el primer partido ser\u00e1 el 31 de marzo o el 1 de abril, el segundo el 7 u 8 de abril y el tercero, en caso de ser necesario, el 14 o el 15. El Unicaja jugar\u00eda la ida en casa el Martes o el Mi\u00e9rcoles Santo.<\/p>\n<p><img decoding=\"async\" loading=\"lazy\" src=\"https:\/\/www.europesays.com\/es\/wp-content\/uploads\/2026\/03\/galat-U40814482873nlj-208x112@Diario Sur.jpg\" class=\"v-cmp-chp__img\" alt=\"Galatasaray\" width=\"208\" height=\"112\"\/><\/p>\n<p>Galatasaray<\/p>\n<p class=\"v-p\">El Galatasaray consigui\u00f3 la clasificaci\u00f3n en un grupo que se decidi\u00f3 al &#8216;average&#8217; despu\u00e9s de que tanto el Rytas como el Le Mans acabaran, igual que el cuadro turco, con un balance de 4-2. El conjunto lituano esperar\u00e1 rival como el factor cancha a favor y el franc\u00e9s se despide de forma cruel de la Champions despu\u00e9s de cuajar un decente &#8216;Top 16&#8217;. Todos ellos se nutrieron de un malogrado Hapoel Holon (0-6).<\/p>\n<p class=\"v-p\">El Galatasaray, un viejo conocido del Unicaja en la Champions, que fue el que termin\u00f3 con su racha de partidos invicto en marzo del a\u00f1o pasado, es octavo en la S\u00fcper Ligi, la competici\u00f3n nacional de Turqu\u00eda, con un balance de 12-10. No obstante, su desempe\u00f1o en la pasada edici\u00f3n, en la que lleg\u00f3 a la final (cay\u00f3 ante el Unicaja), lo colocaron, desde el principio, en el listado de aspirantes a estar en la fase final. Ambos conjuntos reeditar\u00edan el partido por el t\u00edtulo de la pasada edici\u00f3n en cuartos si el azar as\u00ed lo decide.<\/p>\n<p class=\"v-p\">En la primera fase, la regular, termin\u00f3 primero en un grupo en el que qued\u00f3 encuadrado con el Wurzburg, el Pallacanestro Trieste y el Igokea. Lo resolvi\u00f3 con un balance de 5-1, sin aparentes problemas, avanzando con paso firme y por la v\u00eda directa hasta la siguiente ronda. El elenco de estadounidense que comand\u00f3 al equipo el a\u00f1o pasado es muy similar al que lo lidera este curso, con McCollum, Will Cummings y James Palmer Jr. como hombres mejor valorados.<\/p>\n<p><img decoding=\"async\" loading=\"lazy\" src=\"https:\/\/www.europesays.com\/es\/wp-content\/uploads\/2026\/03\/nymburk-U87163515103wrb-208x112@Diario Sur.png\" class=\"v-cmp-chp__img\" alt=\"ERA Nymburk\" width=\"208\" height=\"112\"\/><\/p>\n<p>ERA Nymburk<\/p>\n<p class=\"v-p\">El Nymburk fue la primera sorpresa confirmada para el sorteo de cuartos de final, que gan\u00f3 en Gran Canaria para eliminar al cuadro de Lakovic, uno de los que figuraba en la n\u00f3mina de favoritos para estar en la Final Four tras aterrizar en la Champions y en el universo de las competiciones FIBA como subcampe\u00f3n de la Eurocup. El cuadro checo es segundo del Grupo L y accede, por segundo a\u00f1o consecutivo, a la ronda de cuartos de final. La pasada temporada qued\u00f3 emparejado con el Galatasaray, aunque se despidi\u00f3 estos &#8216;play-off&#8217; sin llegar al tercer partido.<\/p>\n<p class=\"v-p\">En l\u00edneas generales, el equipo de la regi\u00f3n checa de Bohemia Central est\u00e1 cuajando una gran temporada. En la NBL, la competici\u00f3n dom\u00e9stica de la Rep\u00fablica Checa, es l\u00edder indiscutido cuando la competici\u00f3n ya est\u00e1 en la segunda fase y los equipos se han dividido en dos grupos: uno, en el que est\u00e1 este potencial rival del Unicaja en cuartos, que pelear\u00e1 por el t\u00edtulo de Liga, y otro en el que los equipos cuyo desempe\u00f1o ha sido peor luchar\u00e1n por evitar el descenso.<\/p>\n<p class=\"v-p\">En la BCL ha ido de forma clara de menos a m\u00e1s. Tras superar con m\u00e1s pena que gloria la fase regular, en la que consiguieron un pobre balance de 1-5 en un grupo con el ALBA Berl\u00edn y el Chalon, accedieron a los &#8216;play-in&#8217; como terceros, aunque despacharon a su rival, el Heidelberg, en dos partidos, con el factor cancha en contra. Desde entonces su desempe\u00f1o ha ido &#8216;in crescendo&#8217; y en este &#8216;Top 16&#8242; han logrado un meritorio 3-3 de balance que les sirve para pasar como segundos en el grupo de los canarios. Entre sus hombres m\u00e1s peligrosos destacan Sir&#8217; Jabari Rice, m\u00e1ximo anotador y mejor valorado, y Marcus Santos Silva, el m\u00e1s fuerte en la pelea por el rebote.<\/p>\n<p><img decoding=\"async\" loading=\"lazy\" src=\"https:\/\/www.europesays.com\/es\/wp-content\/uploads\/2026\/03\/berlin-U88325313370PvI-208x112@Diario Sur.png\" class=\"v-cmp-chp__img\" alt=\"ALBA Berl\u00edn\" width=\"208\" height=\"112\"\/><\/p>\n<p>ALBA Berl\u00edn<\/p>\n<p class=\"v-p\">El ALBA Berl\u00edn, el colista de la pasada Euroliga y uno de los nuevos en esta edici\u00f3n de la Champions, cumple con las expectativas y estar\u00e1 en cuartos, aunque no con el factor cancha a favor. Fue otro de los conjuntos a tener en cuenta, el AEK, el que logr\u00f3 ese privilegio en este grupo. Ambos se disputaron el primer puesto en un partido a cara de perros. Ten\u00eda que ganar el cuadro alem\u00e1n de m\u00e1s de ocho puntos para asaltar el liderato, pero los griegos dieron un golpe en la mesa venciendo a domicilio.<\/p>\n<p class=\"v-p\">En la Bundesliga, el ALBA Berl\u00edn es segundo (17-7), por detr\u00e1s del Bayern de M\u00fanich, y cumple tambi\u00e9n con lo que se supon\u00eda en la competici\u00f3n dom\u00e9stica, con un calendario m\u00e1s espaciado y desahogado este curso tras abandonar la m\u00e1xima competici\u00f3n europea.<\/p>\n<p class=\"v-p\">La primera fase en la Champions la sald\u00f3 exhibiendo m\u00fasculo, con un balance de 5-1 en el grupo del Chalon (con el mismo, 5-1) y de un mejorado Nymburk. Entre sus hombres m\u00e1s peligrosos destacan Malte Delow, m\u00e1ximo reboteador y mejor valorado, y Justin Bean, el m\u00e1s anotador del equipo. El aterrizaje del cuadro berlin\u00e9s en el universo de las competiciones FIBA tambi\u00e9n ha ayudado a incrementar el cach\u00e9 de esta BCL cara al p\u00fablico que hasta entonces se hab\u00eda mantenido ajeno al torneo.<\/p>\n<p>Reporta un error<\/p>\n<p class=\"v-crt__t\"> L\u00edmite de sesiones alcanzadas<\/p>\n<p class=\"v-crt__p\">El acceso al contenido Premium est\u00e1 abierto por cortes\u00eda del establecimiento donde te encuentras, pero ahora mismo hay demasiados usuarios conectados a las vez.<\/p>\n<p class=\"v-crt__p\">Por favor, int\u00e9ntalo pasados unos minutos.<\/p>\n<p>\nVolver a intentar\n<\/p>\n<p class=\"v-crt__t\">Sesi\u00f3n cerrada<\/p>\n<p class=\"v-crt__p\">Al iniciar sesi\u00f3n desde un dispositivo distinto, por seguridad, se cerr\u00f3 la \u00faltima sesi\u00f3n en este.<\/p>\n<p class=\"v-crt__p\">Para continuar disfrutando de su suscripci\u00f3n digital, inicie sesi\u00f3n en este dispositivo.<\/p>\n<p>\nEste contenido es exclusivo para suscriptores\n<\/p>\n<p class=\"text\">\u00bfTienes una suscripci\u00f3n? <a href=\"https:\/\/secure.diariosur.es\/identidad\/inicio#vca=suscribete&amp;vso=diariosur&amp;vmc=on&amp;vli=cdn-ce-link-login\" class=\"login\" data-voc-vtm-id=\"comienzoSuscripcionON\" data-voc-vtm-info=\"cdn-ce-link-login\" rel=\"nofollow noopener\" target=\"_blank\">Inicia sesi\u00f3n<\/a><\/p>\n","protected":false},"excerpt":{"rendered":"Mi\u00e9rcoles, 18 de marzo 2026, 22:16 El Unicaja ya conoce a sus tres posibles rivales para la ronda&hellip;\n","protected":false},"author":2,"featured_media":456369,"comment_status":"","ping_status":"","sticky":false,"template":"","format":"standard","meta":{"footnotes":""},"categories":[269],"tags":[299,298,11059,168,25,24,3488,1669,23,167,2246],"class_list":["post-456368","post","type-post","status-publish","format-standard","has-post-thumbnail","category-baloncesto","tag-baloncesto","tag-basketball","tag-cuartos","tag-deportes","tag-es","tag-espana","tag-posibles","tag-rivales","tag-spain","tag-sports","tag-unicaja"],"share_on_mastodon":{"url":"https:\/\/pubeurope.com\/@es\/116260000743611015","error":""},"_links":{"self":[{"href":"https:\/\/www.europesays.com\/es\/wp-json\/wp\/v2\/posts\/456368","targetHints":{"allow":["GET"]}}],"collection":[{"href":"https:\/\/www.europesays.com\/es\/wp-json\/wp\/v2\/posts"}],"about":[{"href":"https:\/\/www.europesays.com\/es\/wp-json\/wp\/v2\/types\/post"}],"author":[{"embeddable":true,"href":"https:\/\/www.europesays.com\/es\/wp-json\/wp\/v2\/users\/2"}],"replies":[{"embeddable":true,"href":"https:\/\/www.europesays.com\/es\/wp-json\/wp\/v2\/comments?post=456368"}],"version-history":[{"count":0,"href":"https:\/\/www.europesays.com\/es\/wp-json\/wp\/v2\/posts\/456368\/revisions"}],"wp:featuredmedia":[{"embeddable":true,"href":"https:\/\/www.europesays.com\/es\/wp-json\/wp\/v2\/media\/456369"}],"wp:attachment":[{"href":"https:\/\/www.europesays.com\/es\/wp-json\/wp\/v2\/media?parent=456368"}],"wp:term":[{"taxonomy":"category","embeddable":true,"href":"https:\/\/www.europesays.com\/es\/wp-json\/wp\/v2\/categories?post=456368"},{"taxonomy":"post_tag","embeddable":true,"href":"https:\/\/www.europesays.com\/es\/wp-json\/wp\/v2\/tags?post=456368"}],"curies":[{"name":"wp","href":"https:\/\/api.w.org\/{rel}","templated":true}]}}