{"id":456582,"date":"2026-03-20T08:51:12","date_gmt":"2026-03-20T08:51:12","guid":{"rendered":"https:\/\/www.europesays.com\/es\/456582\/"},"modified":"2026-03-20T08:51:12","modified_gmt":"2026-03-20T08:51:12","slug":"rodolfo-sancho-y-los-temas-tabu-en-el-hormiguero","status":"publish","type":"post","link":"https:\/\/www.europesays.com\/es\/456582\/","title":{"rendered":"Rodolfo Sancho y los temas tab\u00fa en &#8216;El Hormiguero&#8217;"},"content":{"rendered":"<p>Rodolfo Sancho y Megan Montaner visitaron anoche &#8216;El Hormiguero&#8217; para presentar la nueva temporada de &#8216;Entre tierras&#8217;, una serie que recuerda a los amores no  &#8230; correspondidos. Y en torno a esa pregunta le entr\u00f3 Pablo Motos a su invitado. \u00abEl amor imposible es peor. Yo tuve un amor no correspondido en la adolescencia. Est\u00e1s en clase, la miras\u2026 y ella mira a otro, y dices: &#8216;me cago en la leche&#8217;\u00bb, desvel\u00f3 entre risas.<\/p>\n<p><a href=\"http:\/\/www.elcorreo.com\/gente-estilo\/juan-val-mosquea-mujer-resto-tertulianas-hormiguero-20260320090147-nt.html#vtm_modulosEngag=mod-rel:gente-estilo:noticia:1:cmp:1-not\" class=\"v-a-link\" aria-label=\"Imagen\" rel=\"nofollow noopener\" target=\"_blank\"><\/p>\n<p><img decoding=\"async\" loading=\"lazy\" src=\"https:\/\/www.europesays.com\/es\/wp-content\/uploads\/2026\/03\/juan-del-val-korC--366x256@El Correo.jpg\" class=\"v-a-img\" alt=\"\" data-voc-vtm-id=\"in-text-traffic\" width=\"366\" height=\"256\"\/><\/p>\n<p><\/a><\/p>\n<p class=\"v-p\">El actor fue de menos a m\u00e1s durante la entrevista. Desde el comienzo el peso de la promoci\u00f3n de la serie lo llev\u00f3 su compa\u00f1era Megan y con el paso de los minutos, a Rodolfo se le vio m\u00e1s suelto. Hasta tal punto que se anim\u00f3 a contar una an\u00e9cdota que le ocurri\u00f3 en el circuito de Laguna Seca, en Estados Unidos. \u00abMe hab\u00edan llevado a ver el entrenamiento de Moto GP. Al terminar, conoc\u00ed a Jorge Lorenzo y le digo &#8216;vais que os mat\u00e1is&#8217;, y me dijo &#8216;eso no se le dice a un motorista. Te aviso con los ojos de eso que acabas de hacer&#8217;\u00bb, desvel\u00f3. \u00abLo siento, Jorge, de verdad, no fue mi intenci\u00f3n\u00bb.<\/p>\n<p class=\"v-p\">No hubo menci\u00f3n alguna a la situaci\u00f3n de su hijo Daniel en Tailandia. E incluso las hormigas se mostraron m\u00e1s cuidadosas que nunca a la hora de hacer los chistes. Un tema tab\u00fa que no es la primera vez que marca una entrevista en &#8216;El Hormiguero&#8217;.<\/p>\n<p class=\"v-p\">Rodolfo Sancho s\u00ed que se abri\u00f3 al hablar de su profesi\u00f3n y lo dif\u00edcil que resulta el sentimentalismo en la interpretaci\u00f3n: \u00abEl problema es cuando dicen &#8216;acci\u00f3n&#8217; y quieres llorar. Y eso te convierte en mal actor. El problema es que nadie quiere llorar\u00bb.<\/p>\n","protected":false},"excerpt":{"rendered":"Rodolfo Sancho y Megan Montaner visitaron anoche &#8216;El Hormiguero&#8217; para presentar la nueva temporada de &#8216;Entre tierras&#8217;, una&hellip;\n","protected":false},"author":2,"featured_media":456583,"comment_status":"","ping_status":"","sticky":false,"template":"","format":"standard","meta":{"footnotes":""},"categories":[171],"tags":[146,147,25,24,17775,9220,9221,23,33233,25972,214],"class_list":["post-456582","post","type-post","status-publish","format-standard","has-post-thumbnail","category-tv","tag-entertainment","tag-entretenimiento","tag-es","tag-espana","tag-hormiguero","tag-rodolfo","tag-sancho","tag-spain","tag-tabus","tag-temas","tag-tv"],"share_on_mastodon":{"url":"https:\/\/pubeurope.com\/@es\/116260653222684888","error":""},"_links":{"self":[{"href":"https:\/\/www.europesays.com\/es\/wp-json\/wp\/v2\/posts\/456582","targetHints":{"allow":["GET"]}}],"collection":[{"href":"https:\/\/www.europesays.com\/es\/wp-json\/wp\/v2\/posts"}],"about":[{"href":"https:\/\/www.europesays.com\/es\/wp-json\/wp\/v2\/types\/post"}],"author":[{"embeddable":true,"href":"https:\/\/www.europesays.com\/es\/wp-json\/wp\/v2\/users\/2"}],"replies":[{"embeddable":true,"href":"https:\/\/www.europesays.com\/es\/wp-json\/wp\/v2\/comments?post=456582"}],"version-history":[{"count":0,"href":"https:\/\/www.europesays.com\/es\/wp-json\/wp\/v2\/posts\/456582\/revisions"}],"wp:featuredmedia":[{"embeddable":true,"href":"https:\/\/www.europesays.com\/es\/wp-json\/wp\/v2\/media\/456583"}],"wp:attachment":[{"href":"https:\/\/www.europesays.com\/es\/wp-json\/wp\/v2\/media?parent=456582"}],"wp:term":[{"taxonomy":"category","embeddable":true,"href":"https:\/\/www.europesays.com\/es\/wp-json\/wp\/v2\/categories?post=456582"},{"taxonomy":"post_tag","embeddable":true,"href":"https:\/\/www.europesays.com\/es\/wp-json\/wp\/v2\/tags?post=456582"}],"curies":[{"name":"wp","href":"https:\/\/api.w.org\/{rel}","templated":true}]}}