{"id":456862,"date":"2026-03-20T12:27:11","date_gmt":"2026-03-20T12:27:11","guid":{"rendered":"https:\/\/www.europesays.com\/es\/456862\/"},"modified":"2026-03-20T12:27:11","modified_gmt":"2026-03-20T12:27:11","slug":"iran-ahorca-a-tres-condenados-por-las-protestas-de-enero-entre-ellos-el-campeon-de-lucha-libre-saleh-mohammadi-internacional","status":"publish","type":"post","link":"https:\/\/www.europesays.com\/es\/456862\/","title":{"rendered":"Ir\u00e1n ahorca a tres condenados por las protestas de enero, entre ellos el campe\u00f3n de lucha libre Saleh Mohammadi | Internacional"},"content":{"rendered":"<p class=\"\">Las autoridades iran\u00edes anunciaron este jueves las tres primeras ejecuciones de presos condenados por su participaci\u00f3n <a href=\"https:\/\/elpais.com\/internacional\/2026-02-13\/iran-detiene-a-politicos-reformistas-por-sus-criticas-a-la-represion-de-las-protestas.html\" target=\"_blank\" rel=\"noreferrer nofollow noopener\" title=\"https:\/\/elpais.com\/internacional\/2026-02-13\/iran-detiene-a-politicos-reformistas-por-sus-criticas-a-la-represion-de-las-protestas.html\">en las protestas de enero<\/a>, en las que supuestamente mataron a dos agentes de seguridad. Los ejecutados han sido identificados como Mehdi Ghasemi, Saeid Davudi, y el <a href=\"https:\/\/elpais.com\/internacional\/2026-02-18\/iran-condena-a-ser-ahorcado-en-publico-a-un-chico-de-18-anos-por-participar-en-las-protestas.html\" target=\"_blank\" rel=\"noreferrer nofollow noopener\" title=\"https:\/\/elpais.com\/internacional\/2026-02-18\/iran-condena-a-ser-ahorcado-en-publico-a-un-chico-de-18-anos-por-participar-en-las-protestas.html\">campe\u00f3n de lucha libre de 19 a\u00f1os, Saleh Mohammadi<\/a>. Los hombres fueron sentenciados a muerte por el delito de moharebeh (enemistad contra Dios), concepto legal utilizado para castigar delitos contra la seguridad p\u00fablica, el islam y el espionaje. <\/p>\n<p class=\"\">\u201cLos tres condenados fueron ahorcados en la ciudad de Qom tras ser declarados culpables de asesinato y llevar a cabo acciones operativas en favor de Israel y Estados Unidos\u201d, inform\u00f3 la agencia Mizan, del Poder Judicial iran\u00ed. Seg\u00fan Mizan, las ejecuciones de produjeron despu\u00e9s de que el Tribunal Supremo confirmara las sentencias y de que \u201cse completaran los procedimientos legales, en presencia de abogados defensores\u201d. <\/p>\n<p class=\"\">De acuerdo con las autoridades, los hechos se remontan al 8 de enero, cuando los acusados atacaron con armas blancas a dos agentes de seguridad en dos puntos de la ciudad de Qom (norte), caus\u00e1ndoles la muerte. Las autoridades se\u00f1alaron que los tres fueron detenidos en operaciones de seguridad e inteligencia y que confesaron los hechos durante las distintas fases del proceso judicial, adem\u00e1s de reconstruir detalladamente el crimen. <\/p>\n<p class=\"\"><a href=\"https:\/\/elpais.com\/internacional\/2026-02-15\/mas-de-200000-personas-marchan-contra-las-autoridades-iranies-en-los-aledanos-del-foro-de-munich.html\" target=\"_blank\" rel=\"noreferrer nofollow noopener\" title=\"https:\/\/elpais.com\/internacional\/2026-02-15\/mas-de-200000-personas-marchan-contra-las-autoridades-iranies-en-los-aledanos-del-foro-de-munich.html\">Las protestas antigubernamentales de enero<\/a>, que ped\u00edan el fin de la Rep\u00fablica Isl\u00e1mica, fueron apagadas tras una <a href=\"https:\/\/elpais.com\/internacional\/2026-01-14\/el-horror-de-la-represion-en-iran-cortan-la-luz-matan-a-la-gente-con-ametralladoras-y-se-llevan-los-cuerpos.html\" target=\"_blank\" rel=\"noreferrer nofollow noopener\" title=\"https:\/\/elpais.com\/internacional\/2026-01-14\/el-horror-de-la-represion-en-iran-cortan-la-luz-matan-a-la-gente-con-ametralladoras-y-se-llevan-los-cuerpos.html\">brutal represi\u00f3n<\/a> que caus\u00f3 la muerte de 3.117, seg\u00fan el balance oficial, <a href=\"https:\/\/elpais.com\/internacional\/2026-02-04\/la-brutalidad-de-la-represion-de-las-protestas-en-iran-en-cifras-de-3000-a-30000-muertos.html\" target=\"_blank\" rel=\"noreferrer nofollow noopener\" title=\"https:\/\/elpais.com\/internacional\/2026-02-04\/la-brutalidad-de-la-represion-de-las-protestas-en-iran-en-cifras-de-3000-a-30000-muertos.html\">aunque organizaciones de derechos humanos<\/a> como la opositora HRANA, con sede en Estados Unidos, aseguraron que la cifra ronda los 7.000 y contin\u00faan verificando otros 11.000 casos, mientras estiman 53.000 detenidos. Durante 2025, Ir\u00e1n ejecut\u00f3 a 1.500 personas, seg\u00fan datos de Naciones Unidas, lo que representa un aumento del 50% de ahorcados respecto al a\u00f1o anterior.<\/p>\n<p><img alt=\"\" decoding=\"auto\" class=\"_re lazyload a_m-h\" height=\"233\"  width=\"414\"  src=\"https:\/\/imagenes.elpais.com\/resizer\/v2\/APYY2ZZJDJA5NEFUFX5LAEH4FE.jpg?auth=661e95eb51f5eeca62376814831aa7bd5294bce940023eb950c7e81d425612cb&amp;width=414\" loading=\"lazy\"\/>Una captura de pantalla de v\u00eddeos grabados entre el 9 y el 11 de enero de 2026 y que circulan en redes sociales muestra im\u00e1genes de una morgue con decenas de cad\u00e1veres tras la represi\u00f3n en las afueras de Teher\u00e1n.APSaleh Mohammadi, el atleta de lucha libre<\/p>\n<p class=\"\">Saleh Mohammadi fue un atleta de lucha libre que gan\u00f3 la medalla de bronce de la Copa Saytev en Krasnoyarsk, en Rusia, cuando compiti\u00f3 por el equipo iran\u00ed en 2024. Iran Human Rights (IHR), una organizaci\u00f3n con sede en Oslo que monitorea la aplicaci\u00f3n de la pena de muerte en Ir\u00e1n, coment\u00f3 a este diario que Mohammadi fue arrestado el 15 de enero en Qom y obligado a confesar bajo torturas, seg\u00fan denunci\u00f3 el hombre durante el juicio en el que se retract\u00f3 de su confesi\u00f3n.<\/p>\n<p class=\"\">El joven atleta compareci\u00f3 ante la justicia sin un abogado elegido por \u00e9l, sino con uno otorgado por las autoridades, y aleg\u00f3 tener una coartada al haber pasado el d\u00eda en la casa de su t\u00edo y no en las protestas contra la Rep\u00fablica Isl\u00e1mica. Sin embargo, el tribunal desestim\u00f3 sus alegaciones y lo conden\u00f3 sobre la base de su confesi\u00f3n y de testimonios de supuestos testigos presenciales.<\/p>\n","protected":false},"excerpt":{"rendered":"Las autoridades iran\u00edes anunciaron este jueves las tres primeras ejecuciones de presos condenados por su participaci\u00f3n en las&hellip;\n","protected":false},"author":2,"featured_media":456863,"comment_status":"","ping_status":"","sticky":false,"template":"","format":"standard","meta":{"footnotes":""},"categories":[42],"tags":[1154,17,18,5282,42014,13,14,11,61,62,63,64,3137,2158,19,20,9,10,15,16,15145,77307,18264,2575,14099,12,21,22,65,66,67],"class_list":["post-456862","post","type-post","status-publish","format-standard","has-post-thumbnail","category-internacional","tag-asesinatos","tag-breaking-news","tag-breakingnews","tag-derechos-humanos","tag-ejecuciones-sumarias","tag-featured-news","tag-featurednews","tag-headlines","tag-internacional","tag-international","tag-international-news","tag-internationalnews","tag-iran","tag-justicia","tag-latest-news","tag-latestnews","tag-news","tag-noticias","tag-noticias-destacadas","tag-noticiasdestacadas","tag-pena-muerte","tag-protestas-iran","tag-protestas-sociales","tag-represion-politica","tag-teheran","tag-titulares","tag-ultimas-noticias","tag-ultimasnoticias","tag-world","tag-world-news","tag-worldnews"],"share_on_mastodon":{"url":"","error":"Validation failed: Text character limit of 500 exceeded"},"_links":{"self":[{"href":"https:\/\/www.europesays.com\/es\/wp-json\/wp\/v2\/posts\/456862","targetHints":{"allow":["GET"]}}],"collection":[{"href":"https:\/\/www.europesays.com\/es\/wp-json\/wp\/v2\/posts"}],"about":[{"href":"https:\/\/www.europesays.com\/es\/wp-json\/wp\/v2\/types\/post"}],"author":[{"embeddable":true,"href":"https:\/\/www.europesays.com\/es\/wp-json\/wp\/v2\/users\/2"}],"replies":[{"embeddable":true,"href":"https:\/\/www.europesays.com\/es\/wp-json\/wp\/v2\/comments?post=456862"}],"version-history":[{"count":0,"href":"https:\/\/www.europesays.com\/es\/wp-json\/wp\/v2\/posts\/456862\/revisions"}],"wp:featuredmedia":[{"embeddable":true,"href":"https:\/\/www.europesays.com\/es\/wp-json\/wp\/v2\/media\/456863"}],"wp:attachment":[{"href":"https:\/\/www.europesays.com\/es\/wp-json\/wp\/v2\/media?parent=456862"}],"wp:term":[{"taxonomy":"category","embeddable":true,"href":"https:\/\/www.europesays.com\/es\/wp-json\/wp\/v2\/categories?post=456862"},{"taxonomy":"post_tag","embeddable":true,"href":"https:\/\/www.europesays.com\/es\/wp-json\/wp\/v2\/tags?post=456862"}],"curies":[{"name":"wp","href":"https:\/\/api.w.org\/{rel}","templated":true}]}}