{"id":456942,"date":"2026-03-20T13:33:11","date_gmt":"2026-03-20T13:33:11","guid":{"rendered":"https:\/\/www.europesays.com\/es\/456942\/"},"modified":"2026-03-20T13:33:11","modified_gmt":"2026-03-20T13:33:11","slug":"ligero-aumento-de-los-casos-de-meningitis-registrados-en-inglaterra","status":"publish","type":"post","link":"https:\/\/www.europesays.com\/es\/456942\/","title":{"rendered":"Ligero aumento de los casos de meningitis registrados en Inglaterra"},"content":{"rendered":"<p>    <img src=\"https:\/\/www.europesays.com\/es\/wp-content\/uploads\/2026\/03\/2026-03-20T123A483A07Z-91133094.jpg\" width=\"1024\" height=\"682\" alt=\"\" loading=\"eager\" decoding=\"sync\" fetchpriority=\"high\"\/><\/p>\n<p>            afp_tickers        <\/p>\n<p>        Este contenido fue publicado en    <\/p>\n<p>        20 marzo 2026 &#8211; 13:48\n<\/p>\n<p>El n\u00famero de casos de meningitis meningoc\u00f3cica pas\u00f3 de 27 a 29 en el sureste de Inglaterra, como consecuencia de un brote que caus\u00f3 ya dos muertes, anunciaron el viernes las autoridades sanitarias brit\u00e1nicas.<\/p>\n<p>El nuevo balance incluye 11 casos que est\u00e1n siendo investigados.<\/p>\n<p>El aumento en el n\u00famero de casos es m\u00e1s limitado que el anunciado el jueves, cuando se reportaron siete nuevos en 24 horas, pasando de 20 a 27.<\/p>\n<p>El programa de vacunaci\u00f3n dirigida contra el meningococo B, lanzado por las autoridades en el campus de la Universidad de Kent, permiti\u00f3 administrar 2.360 inyecciones, precis\u00f3 la agencia de seguridad sanitaria UKHSA en un comunicado.<\/p>\n<p>Las autoridades sanitarias se\u00f1alaron que se han distribuido m\u00e1s de 9.000 dosis de antibi\u00f3ticos.\u00a0<\/p>\n<p>Este tratamiento est\u00e1 destinado a los estudiantes de la universidad, a cualquier persona que haya asistido a la discoteca Club Chemistry en Canterbury entre el 5 y el 7 de marzo \u2014fuente probable del brote\u2014, as\u00ed como al entorno cercano de las personas infectadas.<\/p>\n<p>En un comunicado, el padre de Juliette Kenny, una joven de 18 a\u00f1os fallecida en el brote, hizo un llamado a las autoridades para ampliar la vacunaci\u00f3n contra el meningococo B.<\/p>\n<p>En Reino Unido, los beb\u00e9s son vacunados contra el meningococo B desde 2015, pero las generaciones nacidas antes de esa fecha no est\u00e1n cubiertas.<\/p>\n<p>\u00abLa huella que dej\u00f3 Juliette debe ser la de un cambio duradero. Es hora de proteger a las familias de los estragos de la meningitis B\u00bb, declar\u00f3 el padre de la fallecida, agregando que ninguna familia deber\u00eda vivir una \u00abtragedia as\u00ed\u00bb.<\/p>\n<p>Adem\u00e1s de la alumna de secundaria, un estudiante de 21 a\u00f1os, de la Universidad de Kent, falleci\u00f3 tambi\u00e9n debido a esta enfermedad.<\/p>\n<p>El ministro de Salud, Wes Streeting, calific\u00f3 el brote como \u00absin precedentes\u00bb.<\/p>\n<p>La meningitis es una infecci\u00f3n potencialmente mortal que afecta a las membranas protectoras que rodean el cerebro y la m\u00e9dula espinal, y es m\u00e1s com\u00fan en ni\u00f1os peque\u00f1os y adolescentes.<\/p>\n<p>La meningitis puede propagarse por el contacto estrecho, por ejemplo mediante \u00abbesos prolongados o compartir cigarrillos electr\u00f3nicos y bebidas\u00bb, explic\u00f3 el ministro brit\u00e1nico de Salud, Wes Streeting, esta semana a los diputados brit\u00e1nicos.<\/p>\n<p>Esta cepa bacteriana es m\u00e1s inusual y letal que la de tipo viral.<\/p>\n<p>adm-psr\/ahg<\/p>\n","protected":false},"excerpt":{"rendered":"afp_tickers Este contenido fue publicado en 20 marzo 2026 &#8211; 13:48 El n\u00famero de casos de meningitis meningoc\u00f3cica&hellip;\n","protected":false},"author":2,"featured_media":456943,"comment_status":"","ping_status":"","sticky":false,"template":"","format":"standard","meta":{"footnotes":""},"categories":[92],"tags":[58126,8543,33754,58127,25,24,165,8551,166,23,90],"class_list":["post-456942","post","type-post","status-publish","format-standard","has-post-thumbnail","category-salud","tag-communicable-diseases","tag-disease","tag-education","tag-epidemic-and-plague","tag-es","tag-espana","tag-health","tag-illness","tag-salud","tag-spain","tag-ticker"],"share_on_mastodon":{"url":"https:\/\/pubeurope.com\/@es\/116261762183213443","error":""},"_links":{"self":[{"href":"https:\/\/www.europesays.com\/es\/wp-json\/wp\/v2\/posts\/456942","targetHints":{"allow":["GET"]}}],"collection":[{"href":"https:\/\/www.europesays.com\/es\/wp-json\/wp\/v2\/posts"}],"about":[{"href":"https:\/\/www.europesays.com\/es\/wp-json\/wp\/v2\/types\/post"}],"author":[{"embeddable":true,"href":"https:\/\/www.europesays.com\/es\/wp-json\/wp\/v2\/users\/2"}],"replies":[{"embeddable":true,"href":"https:\/\/www.europesays.com\/es\/wp-json\/wp\/v2\/comments?post=456942"}],"version-history":[{"count":0,"href":"https:\/\/www.europesays.com\/es\/wp-json\/wp\/v2\/posts\/456942\/revisions"}],"wp:featuredmedia":[{"embeddable":true,"href":"https:\/\/www.europesays.com\/es\/wp-json\/wp\/v2\/media\/456943"}],"wp:attachment":[{"href":"https:\/\/www.europesays.com\/es\/wp-json\/wp\/v2\/media?parent=456942"}],"wp:term":[{"taxonomy":"category","embeddable":true,"href":"https:\/\/www.europesays.com\/es\/wp-json\/wp\/v2\/categories?post=456942"},{"taxonomy":"post_tag","embeddable":true,"href":"https:\/\/www.europesays.com\/es\/wp-json\/wp\/v2\/tags?post=456942"}],"curies":[{"name":"wp","href":"https:\/\/api.w.org\/{rel}","templated":true}]}}