{"id":45710,"date":"2025-08-13T23:13:09","date_gmt":"2025-08-13T23:13:09","guid":{"rendered":"https:\/\/www.europesays.com\/es\/45710\/"},"modified":"2025-08-13T23:13:09","modified_gmt":"2025-08-13T23:13:09","slug":"ignacio-pelaez-aquel-nino-con-suerte-al-que-hechizo-la-tauromaquia-recibe-el-tranvia-de-oro","status":"publish","type":"post","link":"https:\/\/www.europesays.com\/es\/45710\/","title":{"rendered":"Ignacio Pel\u00e1ez, aquel ni\u00f1o con \u00absuerte\u00bb al que hechiz\u00f3 la tauromaquia, recibe el Tranv\u00eda de Oro"},"content":{"rendered":"<p class=\"ft-text\">\u00abNo s\u00e9 si estoy a la altura de este premio que han lucido figuras del toreo, ganaderos, empresarios y pol\u00edticos; solo soy un ni\u00f1o gijon\u00e9s que tuvo la suerte de que le gustasen los toros\u00bb. Con este hondo sentir y palabras de humildad recibi\u00f3 ayer el Tranv\u00eda de Oro el periodista Ignacio Pel\u00e1ez, delegado de LA NUEVA ESPA\u00d1A en Gij\u00f3n y especialista en informaci\u00f3n taurina. La Pe\u00f1a Cocheras reconoci\u00f3 as\u00ed, con su insignia anual a figuras preeminentes del universo del capote y las muletas, una trayectoria en pro de la fiesta que tuvo como justificaci\u00f3n el considerar al comunicador \u00abuno de los mejores cr\u00edticos taurinos del pa\u00eds\u00bb, tal como elogi\u00f3 el presidente de la pe\u00f1a, Aquilino Tuya.<\/p>\n<p class=\"ft-text\">El periodista realiz\u00f3 un discurso al recibir los honores en el que se detuvo, en primer lugar, en los protagonistas de la tauromaquia, los toreros, gracias a los cuales interioriz\u00f3 tan altas creencias como \u00abel respeto, el trabajo, el esfuerzo, el compromiso\u00bb. De hecho, uno de ellos, Morante de la Puebla, ser\u00e1 su sucesor, en 2026 con el Tranv\u00eda de Oro. \u00abY la lealtad\u00bb, una que siempre \u00abme inculcaron mis padres\u00bb; v\u00e9ase, el matrimonio formado por Isabel Vila y Alfonso Pel\u00e1ez, al frente durante d\u00e9cadas de la Droguer\u00eda Asturiana y fallecido en 2021.<\/p>\n<p class=\"ft-text\">Ambos progenitores dieron alas al \u00abni\u00f1o Pel\u00e1ez\u00bb y el hechizo que le enamor\u00f3 de los pase\u00edllos y los trajes de luces, que m\u00e1s adelante dio paso al reconocido redactor y cr\u00edtico, una profesi\u00f3n que le ha permitido estar todo lo \u00abcerca del toreo\u00bb que se puede estar que no sea pisando la arena. La primera, su madre, que descubri\u00f3 cuando el peque\u00f1o ten\u00eda tres a\u00f1os que las corridas de toros le obnubilaban y puls\u00f3 el bot\u00f3n de grabar en el VHS para \u00abpon\u00e9rselas en bucle\u00bb y que \u00abno diese la murga\u00bb. \u00abGracias a mi padre por llevarme al Bat\u00e1n y a Las Ventas y buscar cada verano por toda la provincia de C\u00e1diz aunque fuese una (plaza) port\u00e1til\u00bb, a\u00f1adi\u00f3 el premiado, que apostill\u00f3, cari\u00f1oso, un similiar \u00abpara que no le diese la murga\u00bb.<\/p>\n<p><img decoding=\"async\" src=\"https:\/\/www.europesays.com\/es\/wp-content\/uploads\/2025\/08\/5a5e226c-71bd-4f6b-8c6e-7c56a109b89c_alta-libre-aspect-ratio_default_0.jpg\" width=\"1200\" height=\"901\" alt=\"La Pe\u00f1a Cocheras, ayer, en su palco de la plaza de El Bibio. | JUAN PLAZA\" class=\"ft-helper-img-rd\" loading=\"lazy\" hasdataaida=\"true\"\/><\/p>\n<p class=\"ft-helper-fontColor-quaternary ft-helper-fontSize-body-S ft-helper-spacer-t-xxs\">La Pe\u00f1a Cocheras, ayer, en su palco de la plaza de El Bibio.  \/ JUAN PLAZA<\/p>\n<p class=\"ft-text\">En su intervenci\u00f3n en el acto, que acogi\u00f3, como es tradici\u00f3n, el Real Club Astur de Regatas (RCAR), Pel\u00e1ez disfrut\u00f3 de una comida ante una veintena de pe\u00f1istas, autoridades, y personalidades del toreo. Adem\u00e1s de sus vivencias m\u00e1s personales, el homenajeado tambi\u00e9n transmiti\u00f3 un f\u00e9rreo mensaje en defensa de la fiesta nacional, aquella que, desde que entr\u00f3 en su vida \u00abno he encontrado nada que me haya hecho ser m\u00e1s feliz y sentir tantas cosas\u00bb.<\/p>\n<p class=\"ft-text\">\u00abHoy son buenos tiempos gracias al apoyo del Ayuntamiento, pero tambi\u00e9n ha habido momentos duros\u00bb, expres\u00f3, refiri\u00e9ndose al anterior mandato, durante el cual la Feria de Bego\u00f1a bail\u00f3 sobre la cuerda floja. \u00abY, si nos despistamos, volver\u00e1n a por nosotros. Sin perder el rigor ni el compromiso con mi profesi\u00f3n de periodista, aqu\u00ed les esperamos\u00bb, sentenci\u00f3, ante aquellos que amenazan su pasi\u00f3n.<\/p>\n<p>\u00abUna de las primeras voces\u00bb<\/p>\n<p class=\"ft-text\">Al respecto, la <a class=\"ft-link ft-link--decoration\" href=\"https:\/\/www.lne.es\/tags\/ana-gonzalez\/\" rel=\"nofollow noopener\" target=\"_blank\">alcaldesa de Gij\u00f3n<\/a>, Carmen Moriy\u00f3n, \u2013reconocida el a\u00f1o pasado con la misma distinci\u00f3n por recuperar las corridas en El Bibio nada m\u00e1s recuperar el bast\u00f3n de mando, en 2023\u2013, estuvo presente y ensalz\u00f3 la figura del delegado de la edici\u00f3n gijonesa de este diario. \u00abEs un profesional hecho a s\u00ed mismo y que siempre, y digo siempre, ha dado la cara por la tauromaquia\u00bb, afirm\u00f3 la Regidora, aludiendo al pasado conflicto antitaurino; la voz de Pel\u00e1ez fue \u00abuna de las primeras\u00bb que se levantaron \u00abcuando la ciudad necesit\u00f3 que se diera un paso al frente\u00bb para \u00abdefender la libertad de poder elegir\u00bb, remat\u00f3 en una cita en la que el empresario Carlos Z\u00fa\u00f1iga tambi\u00e9n dedic\u00f3 palabras cari\u00f1osas al distinguido con el Tranv\u00eda de Oro.<\/p>\n","protected":false},"excerpt":{"rendered":"\u00abNo s\u00e9 si estoy a la altura de este premio que han lucido figuras del toreo, ganaderos, empresarios&hellip;\n","protected":false},"author":2,"featured_media":45711,"comment_status":"","ping_status":"","sticky":false,"template":"","format":"standard","meta":{"footnotes":""},"categories":[277],"tags":[2513,373,168,25,24,21158,10619,8077,899,3371,21157,23,167,11057,625,374],"class_list":{"0":"post-45710","1":"post","2":"type-post","3":"status-publish","4":"format-standard","5":"has-post-thumbnail","7":"category-toreo","8":"tag-altura","9":"tag-bullfighting","10":"tag-deportes","11":"tag-es","12":"tag-espana","13":"tag-hechizo","14":"tag-ignacio","15":"tag-la-nueva-espana","16":"tag-nino","17":"tag-oro","18":"tag-pelaez","19":"tag-spain","20":"tag-sports","21":"tag-suerte","22":"tag-tauromaquia","23":"tag-toreo"},"share_on_mastodon":{"url":"","error":""},"_links":{"self":[{"href":"https:\/\/www.europesays.com\/es\/wp-json\/wp\/v2\/posts\/45710","targetHints":{"allow":["GET"]}}],"collection":[{"href":"https:\/\/www.europesays.com\/es\/wp-json\/wp\/v2\/posts"}],"about":[{"href":"https:\/\/www.europesays.com\/es\/wp-json\/wp\/v2\/types\/post"}],"author":[{"embeddable":true,"href":"https:\/\/www.europesays.com\/es\/wp-json\/wp\/v2\/users\/2"}],"replies":[{"embeddable":true,"href":"https:\/\/www.europesays.com\/es\/wp-json\/wp\/v2\/comments?post=45710"}],"version-history":[{"count":0,"href":"https:\/\/www.europesays.com\/es\/wp-json\/wp\/v2\/posts\/45710\/revisions"}],"wp:featuredmedia":[{"embeddable":true,"href":"https:\/\/www.europesays.com\/es\/wp-json\/wp\/v2\/media\/45711"}],"wp:attachment":[{"href":"https:\/\/www.europesays.com\/es\/wp-json\/wp\/v2\/media?parent=45710"}],"wp:term":[{"taxonomy":"category","embeddable":true,"href":"https:\/\/www.europesays.com\/es\/wp-json\/wp\/v2\/categories?post=45710"},{"taxonomy":"post_tag","embeddable":true,"href":"https:\/\/www.europesays.com\/es\/wp-json\/wp\/v2\/tags?post=45710"}],"curies":[{"name":"wp","href":"https:\/\/api.w.org\/{rel}","templated":true}]}}