{"id":457285,"date":"2026-03-20T17:56:11","date_gmt":"2026-03-20T17:56:11","guid":{"rendered":"https:\/\/www.europesays.com\/es\/457285\/"},"modified":"2026-03-20T17:56:11","modified_gmt":"2026-03-20T17:56:11","slug":"el-fmi-recorta-la-prevision-de-crecimiento-de-espana-hasta-el-21-este-ano-por-la-guerra-de-iran-economia","status":"publish","type":"post","link":"https:\/\/www.europesays.com\/es\/457285\/","title":{"rendered":"El FMI recorta la previsi\u00f3n de crecimiento de Espa\u00f1a hasta el 2,1% este a\u00f1o por la guerra de Ir\u00e1n | Econom\u00eda"},"content":{"rendered":"<p class=\"\">La guerra que Estados Unidos e Israel han declarado contra Ir\u00e1n ha despertado el fantasma de una crisis energ\u00e9tica. El bloqueo del estrecho de Ormuz, un paso estrat\u00e9gico global para las fuentes de energ\u00eda, y los ataques a infraestructuras energ\u00e9ticas en el Golfo han agitado los mercados financieros y disparado los precios del petr\u00f3leo y del gas. La econom\u00eda espa\u00f1ola no es inmune a esta convulsi\u00f3n, pero afronta esta perturbaci\u00f3n en mejor situaci\u00f3n que sus socios europeos. <\/p>\n<p class=\"\">El Fondo Monetario Internacional (FMI) ha recortado dos d\u00e9cimas su <a href=\"https:\/\/elpais.com\/economia\/2026-01-19\/el-fmi-eleva-la-prevision-de-crecimiento-de-espana-para-2026-hasta-el-23-y-situa-a-ee-uu-como-la-economia-avanzada-mas-dinamica.html\" target=\"_self\" rel=\"nofollow noopener\" title=\"https:\/\/elpais.com\/economia\/2026-01-19\/el-fmi-eleva-la-prevision-de-crecimiento-de-espana-para-2026-hasta-el-23-y-situa-a-ee-uu-como-la-economia-avanzada-mas-dinamica.html\">previsi\u00f3n de crecimiento para la econom\u00eda espa\u00f1ola, hasta situarla en el 2,1%<\/a> para este a\u00f1o y en el 1,7% para 2027. En su an\u00e1lisis, <a href=\"https:\/\/elpais.com\/noticias\/previsiones-economicas\/\" target=\"_self\" rel=\"nofollow noopener\" title=\"https:\/\/elpais.com\/noticias\/previsiones-economicas\/\">observa una paulatina ralentizaci\u00f3n <\/a>de la actividad como consecuencia del agotamiento de algunos motores, como los fondos europeos y la inmigraci\u00f3n, que en los \u00faltimos a\u00f1os han situado al pa\u00eds en <a href=\"https:\/\/elpais.com\/economia\/2025-04-10\/el-fmi-eleva-las-previsiones-de-crecimiento-de-espana-al-25-pese-a-la-guerra-comercial.html\" target=\"_self\" rel=\"nofollow noopener\" title=\"https:\/\/elpais.com\/economia\/2025-04-10\/el-fmi-eleva-las-previsiones-de-crecimiento-de-espana-al-25-pese-a-la-guerra-comercial.html\">el podio de las econom\u00edas m\u00e1s din\u00e1micas del mundo<\/a>.<\/p>\n<p class=\"\">\u201cA pesar del efecto adverso y la mayor incertidumbre por el conflicto en Oriente Medio, se espera que el crecimiento se mantenga s\u00f3lido este a\u00f1o, antes de ralentizarse gradualmente a medida que se moderen las entradas de inmigrantes y se intensifique el envejecimiento demogr\u00e1fico\u201d, apuntan los economistas del Fondo tras la misi\u00f3n para elaborar el Art\u00edculo IV de 2026, el prolijo documento que el FMI elabora sobre las fortalezas y debilidades de las econom\u00edas de cada pa\u00eds.<\/p>\n<p class=\"\">Los t\u00e9cnicos del organismo multilateral con sede en Washington consideran que la guerra de Ir\u00e1n \u201cafectar\u00e1 negativamente a la econom\u00eda espa\u00f1ola\u201d. Y explican que el principal shock procede <a href=\"https:\/\/elpais.com\/economia\/2026-03-19\/el-petroleo-se-dispara-mas-del-5-y-supera-los-113-dolares.html\" target=\"_self\" rel=\"nofollow noopener\" title=\"https:\/\/elpais.com\/economia\/2026-03-19\/el-petroleo-se-dispara-mas-del-5-y-supera-los-113-dolares.html\">del aumento de los precios del petr\u00f3leo<\/a>, que se han encarecido m\u00e1s de un 50% desde el inicio del conflicto hasta situarse en torno a los 110 d\u00f3lares el barril. El gas natural, por su parte, se ha disparado un 98% hasta situarse en los 60 d\u00f3lares por megavatio hora tras el bombardeo del campo iran\u00ed de South Pars, el mayor yacimiento de gas natural del mundo, y las represalias de Teher\u00e1n con ataques a instalaciones energ\u00e9ticas en Arabia Saud\u00ed, Kuwait y Qatar, especialmente la megaplanta de gas en Ras Laffan (Qatar), que produce y almacena casi una quinta parte del gas mundial.<\/p>\n<p>Riesgo si la guerra se prolonga<\/p>\n<p class=\"\">\u201cEl impacto de la subida de los precios del gas deber\u00eda verse atenuado por varios factores, entre ellos la gran proporci\u00f3n de energ\u00edas renovables en el mix el\u00e9ctrico de Espa\u00f1a\u201d, explica el organismo multilateral presidido por la b\u00falgara Kristalina Georgieva. En la \u00faltima d\u00e9cada, Espa\u00f1a ha apostado decididamente por la energ\u00eda renovable, concediendo licencias para construir huertos solares y campos de generadores e\u00f3licos, hasta situarse como uno de los pa\u00edses europeos con m\u00e1s proporci\u00f3n de energ\u00eda verde de Europa.<\/p>\n<p class=\"\">A pesar de esto, el Fondo advierte de que \u201cun conflicto prolongado en Oriente Medio podr\u00eda traducirse en un aumento m\u00e1s duradero de los precios de la energ\u00eda, un endurecimiento de las condiciones financieras y una mayor incertidumbre, lo que pesar\u00eda sobre la inversi\u00f3n, el consumo y el crecimiento\u201d. Espa\u00f1a no se librar\u00eda de una sacudida importante si la guerra se enquista. Las empresas y los hogares sufrir\u00e1n las consecuencias del conflicto en el golfo P\u00e9rsico: \u201cPodr\u00eda provocar mayores efectos de segunda ronda sobre los salarios y la inflaci\u00f3n, manteniendo la inflaci\u00f3n general por encima del 3% durante un tiempo\u201d. <\/p>\n<p class=\"\">El recrudecimiento de otras tensiones geopol\u00edticas y de las medidas comerciales es otro riesgo externo importante para Espa\u00f1a y para la econom\u00eda global, advierte el FMI.<\/p>\n<p class=\"\">El Gobierno de Pedro S\u00e1nchez acaba de aprobar este viernes <a href=\"https:\/\/elpais.com\/economia\/2026-03-20\/el-gobierno-rebajara-la-fiscalidad-de-los-combustibles-y-suspendera-el-impuesto-sobre-el-valor-de-produccion-electrica.html\" target=\"_self\" rel=\"nofollow noopener\" title=\"https:\/\/elpais.com\/economia\/2026-03-20\/el-gobierno-rebajara-la-fiscalidad-de-los-combustibles-y-suspendera-el-impuesto-sobre-el-valor-de-produccion-electrica.html\">un paquete de medidas valoradas en unos 5.000 millones <\/a>para afrontar la incipiente crisis energ\u00e9tica, entre las que se encuentran rebajas de impuestos de los combustibles, el gas y la producci\u00f3n el\u00e9ctrica, ayudas directas a sectores y hogares, y otras iniciativas para proteger a los trabajadores e impedir desahucios.<\/p>\n<p class=\"\">\u201dLas medidas fiscales para mitigar el impacto del shock de precios de la energ\u00eda tambi\u00e9n deben evitar amortiguar las se\u00f1ales de precios\u00bb, aconseja el FMI, que solo defiende las medidas extraordinarias si la situaci\u00f3n se agrava. \u201cUn apoyo discrecional temporal y focalizado debe considerarse, siempre que los costes de financiaci\u00f3n de la deuda soberana se mantengan bajos, solo en caso de un shock grave.<\/p>\n<p>Debilidad parlamentaria<\/p>\n<p class=\"\">El documento del FMI contiene una panoplia de recomendaciones para hacer m\u00e1s resistente la econom\u00eda espa\u00f1ola. Pero advierte de que \u201cla fragmentaci\u00f3n pol\u00edtica plantea dudas sobre la capacidad del Gobierno para llevar a cabo las importantes medidas de consolidaci\u00f3n fiscal y reformas\u201d. La debilidad parlamentaria del Ejecutivo, con serias dificultades para aprobar proyectos de ley y una incapacidad evidente para aprobar unos presupuestos durante la legislatura, alimenta las dudas de los funcionarios del Fondo sobre la capacidad del Gobierno de S\u00e1nchez de sacar adelante los planes de reformas pendientes.<\/p>\n<p>Eliminar control de alquileres<\/p>\n<p class=\"\">Uno de los mayores problemas que afronta la econom\u00eda espa\u00f1ola en la actualidad tiene que ver con la crisis de la vivienda por la falta de acceso de toda una generaci\u00f3n a un inmueble en condiciones dignas. \u201cEl deterioro de la asequibilidad de la vivienda exige una acci\u00f3n m\u00e1s contundente del Gobierno para aumentar la oferta de vivienda\u201d, apunta el FMI, que respalda la mayor parte de las medidas puestas en marcha por el ministerio para facilitar el acceso a una vivienda.<\/p>\n<p class=\"\">No obstante, el Fondo expresa sus dudas sobre una de las medidas m\u00e1s controvertidas del Gobierno, el control de precios del alquiler. \u201cA menos que una evaluaci\u00f3n rigurosa refute la evidencia preliminar de que los controles de alquiler han reducido de manera significativa la oferta de vivienda en alquiler, dichos controles deber\u00edan suspenderse tras su per\u00edodo inicial de tres a\u00f1os\u201d, se\u00f1ala el documento. <\/p>\n<p class=\"\">La <a href=\"https:\/\/elpais.com\/economia\/2025-06-17\/un-ano-de-regulacion-del-alquiler-en-cataluna-bajan-precios-y-nuevos-contratos-pero-se-dispara-el-alquiler-de-temporada.html\" rel=\"nofollow noopener\" title=\"https:\/\/elpais.com\/economia\/2025-06-17\/un-ano-de-regulacion-del-alquiler-en-cataluna-bajan-precios-y-nuevos-contratos-pero-se-dispara-el-alquiler-de-temporada.html\" target=\"_blank\">regulaci\u00f3n de los precios del alquiler<\/a> ha cumplido dos a\u00f1os en Catalu\u00f1a. As\u00ed que la propuesta del FMI tiene destinatario claro. La medida ha logrado frenar la subida descontrolada de los arrendamientos, pero ha tenido efectos secundarios. Se ha reducido la oferta de vivienda en alquiler y ha provocado <a href=\"https:\/\/elpais.com\/espana\/catalunya\/2025-12-18\/cataluna-aprueba-la-regulacion-del-alquiler-de-temporada-y-habitaciones-deberan-cumplir-con-el-limite-de-precio-del-indice-oficial.html\" rel=\"nofollow noopener\" title=\"https:\/\/elpais.com\/espana\/catalunya\/2025-12-18\/cataluna-aprueba-la-regulacion-del-alquiler-de-temporada-y-habitaciones-deberan-cumplir-con-el-limite-de-precio-del-indice-oficial.html\" target=\"_blank\">una desviaci\u00f3n de muchos pisos a otras finalidades, como el alquiler de temporada o la venta<\/a>.<\/p>\n<p class=\"\">Los economistas del organismo recomiendan pol\u00edticas para aumentar la oferta que tienen que ver con aumentar la construcci\u00f3n, acelerar los planes urban\u00edsticos, liberar m\u00e1s suelo para la construcci\u00f3n de vivienda, agilizar los tr\u00e1mites y permisos. \u201cY\u201d, apostilla el Fondo, \u201creducir la inseguridad jur\u00eddica de los proyectos reactivando la reforma de la Ley del Suelo\u201d.<\/p>\n<p class=\"\">La crisis de la vivienda ha provocado un aumento de los precios de las casas a tasas de dos d\u00edgitos, al tiempo que el alquiler se ha disparado en los \u00faltimos a\u00f1os. La irrupci\u00f3n de plataformas de alquiler tur\u00edstico en las grandes ciudades, el crecimiento de la poblaci\u00f3n, la inmigraci\u00f3n y otros factores, como los bajos tipos de inter\u00e9s y un d\u00e9ficit en la construcci\u00f3n, han alimentado el problema. <\/p>\n<p class=\"\">\u201cLa mayor\u00eda de las recientes iniciativas del Gobierno son bienvenidas\u201d, destaca el FMI, que recalca: \u201cSin embargo, la oferta de vivienda tiene que aumentar a un ritmo mucho m\u00e1s r\u00e1pido para hacer frente al gran d\u00e9ficit existente, sobre todo en las zonas de gran demanda\u201d.<\/p>\n<p class=\"\">El Fondo insta a reformar la Ley de Vivienda, que regula la declaraci\u00f3n de zonas tensionadas para permitir controlar los alquileres, a fin de imponer la condici\u00f3n de que las comunidades aut\u00f3nomas adopten medidas concretas y cuantificables para estimular la oferta, incluida la liberaci\u00f3n de nuevo suelo.<\/p>\n<p>Advierte sobre las hipotecas<\/p>\n<p class=\"\">La crisis de la vivienda est\u00e1 llevando a algunos bancos a flexibilizar la concesi\u00f3n de hipotecas. Para prevenir la acumulaci\u00f3n de vulnerabilidades financieras relacionadas con la vivienda en un contexto de r\u00e1pido aumento de los precios inmobiliarios y de primeros indicios de una relajaci\u00f3n de los criterios de concesi\u00f3n de pr\u00e9stamos bancarios, en el pr\u00f3ximo a\u00f1o deber\u00edan introducirse medidas hipotecarias basadas en la capacidad de pago de los prestatarios (BBM, por sus siglas en ingl\u00e9s)\u201d, plantea el FMI.<\/p>\n<p class=\"\">El<a href=\"https:\/\/elpais.com\/economia\/2025-11-07\/el-banco-de-espana-estudia-imponer-limites-a-la-concesion-de-hipotecas-de-riesgo-para-evitar-una-burbuja.html\" target=\"_self\" rel=\"nofollow noopener\" title=\"https:\/\/elpais.com\/economia\/2025-11-07\/el-banco-de-espana-estudia-imponer-limites-a-la-concesion-de-hipotecas-de-riesgo-para-evitar-una-burbuja.html\"> Banco de Espa\u00f1a lleva meses trabajando en imponer l\u00edmites <\/a>a la concesi\u00f3n de hipotecas para evitar una nueva burbuja inmobiliaria derivada del alza en los precios de la vivienda. \u201cAunque siguen siendo prudentes en t\u00e9rminos generales, los criterios de concesi\u00f3n de pr\u00e9stamos han empezado a relajarse en cierta medida, como lo denota el aumento reciente de la proporci\u00f3n de nuevas hipotecas constituidas con elevados ratios pr\u00e9stamo-valor\u201d, advierte la instituci\u00f3n. <\/p>\n<p class=\"\">\u201cLa introducci\u00f3n de estas hipotecas en funci\u00f3n de la capacidad de pago del prestatario basadas en garant\u00edas hipotecarias \u2014como las ratios pr\u00e9stamo-precio o pr\u00e9stamo-valor\u2014 ayudar\u00eda a prevenir una acumulaci\u00f3n de riesgos vinculados a la vivienda en el sector financiero\u00bb, apunta mientras apela al Banco de Espa\u00f1a a pasar de \u201cla orientaci\u00f3n supervisora a l\u00edmites de car\u00e1cter obligatorio\u201d en el caso de que los precios de la vivienda siguieran aumentando con rapidez y si las normas de concesi\u00f3n de pr\u00e9stamos se relajaran m\u00e1s de la cuenta.<\/p>\n<p>Tipos del IVA y reforma de pensiones<\/p>\n<p class=\"\">Aunque el Fondo alaba el esfuerzo de consolidaci\u00f3n fiscal que ha hecho Espa\u00f1a en los \u00faltimos a\u00f1os, hasta reducir el d\u00e9ficit p\u00fablico al 2,5% del PIB en 2025, recomienda no caer en la complacencia y percutir sobre el desfase presupuestario para hacer un colch\u00f3n que permita afrontar futuras perturbaciones. <\/p>\n<p class=\"\">Advierte de que en los pr\u00f3ximos a\u00f1os ser\u00e1 m\u00e1s dif\u00edcil rebajar la deuda p\u00fablica y que a partir de 2030 incluso volver\u00e1 a aumentar \u201cconsiderablemente\u201d por las tensiones de gasto derivadas del envejecimiento de la poblaci\u00f3n: m\u00e1s pensiones, gasto en sanidad y cuidados de larga duraci\u00f3n.<\/p>\n<p class=\"\">Para ampliar el espacio fiscal, propone armonizar los tipos del IVA, \u201celiminando los tipos reducidos sobre una amplia gama de productos; combinado con transferencias compensatorias a hogares de renta baja, podr\u00eda lograr gran parte de la restante consolidaci\u00f3n prevista\u201d en el plan de ajuste.<\/p>\n<p class=\"\">Pero tambi\u00e9n, apunta a la reforma de las pensiones, \u201cpara abordar el fuerte aumento futuro del gasto en pensiones, eventualmente ser\u00e1n necesarias medidas favorables al empleo \u2014entre otras, alternativas a la subida de los tipos de cotizaci\u00f3n, como alargar el per\u00edodo en base al cual se computan las prestaciones\u00bb, abunda.<\/p>\n","protected":false},"excerpt":{"rendered":"La guerra que Estados Unidos e Israel han declarado contra Ir\u00e1n ha despertado el fantasma de una crisis&hellip;\n","protected":false},"author":2,"featured_media":457286,"comment_status":"","ping_status":"","sticky":false,"template":"","format":"standard","meta":{"footnotes":""},"categories":[80],"tags":[82,13045,40208,8065,95,94,5509,25,24,8352,248,1847,50529,7100,40207,2959,8064,20772,20773,8038,8066,19314,71058,48576,23],"class_list":["post-457285","post","type-post","status-publish","format-standard","has-post-thumbnail","category-economia","tag-business","tag-carlos-cuerpo","tag-comercio-y-empresa","tag-crecimiento-economico","tag-economia","tag-economy","tag-empleo","tag-es","tag-espana","tag-fmi","tag-gobierno-de-espana","tag-inflacion","tag-kristalina-georgieva","tag-mercado-laboral","tag-ministerio-de-economia","tag-pedro-sanchez","tag-pib","tag-precio-carburantes","tag-precio-energia","tag-precios","tag-previsiones-economicas","tag-productividad-empresarial","tag-productividad-laboral","tag-renta-per-capita","tag-spain"],"share_on_mastodon":{"url":"https:\/\/pubeurope.com\/@es\/116262796485894305","error":""},"_links":{"self":[{"href":"https:\/\/www.europesays.com\/es\/wp-json\/wp\/v2\/posts\/457285","targetHints":{"allow":["GET"]}}],"collection":[{"href":"https:\/\/www.europesays.com\/es\/wp-json\/wp\/v2\/posts"}],"about":[{"href":"https:\/\/www.europesays.com\/es\/wp-json\/wp\/v2\/types\/post"}],"author":[{"embeddable":true,"href":"https:\/\/www.europesays.com\/es\/wp-json\/wp\/v2\/users\/2"}],"replies":[{"embeddable":true,"href":"https:\/\/www.europesays.com\/es\/wp-json\/wp\/v2\/comments?post=457285"}],"version-history":[{"count":0,"href":"https:\/\/www.europesays.com\/es\/wp-json\/wp\/v2\/posts\/457285\/revisions"}],"wp:featuredmedia":[{"embeddable":true,"href":"https:\/\/www.europesays.com\/es\/wp-json\/wp\/v2\/media\/457286"}],"wp:attachment":[{"href":"https:\/\/www.europesays.com\/es\/wp-json\/wp\/v2\/media?parent=457285"}],"wp:term":[{"taxonomy":"category","embeddable":true,"href":"https:\/\/www.europesays.com\/es\/wp-json\/wp\/v2\/categories?post=457285"},{"taxonomy":"post_tag","embeddable":true,"href":"https:\/\/www.europesays.com\/es\/wp-json\/wp\/v2\/tags?post=457285"}],"curies":[{"name":"wp","href":"https:\/\/api.w.org\/{rel}","templated":true}]}}