{"id":457578,"date":"2026-03-20T22:15:25","date_gmt":"2026-03-20T22:15:25","guid":{"rendered":"https:\/\/www.europesays.com\/es\/457578\/"},"modified":"2026-03-20T22:15:25","modified_gmt":"2026-03-20T22:15:25","slug":"agromuralla-y-opl-se-oponen-a-la-bajada-del-precio-de-la-leche","status":"publish","type":"post","link":"https:\/\/www.europesays.com\/es\/457578\/","title":{"rendered":"Agromuralla y OPL se oponen a la bajada del precio de la leche"},"content":{"rendered":"<p>            <a href=\"https:\/\/www.europesays.com\/es\/wp-content\/uploads\/2026\/03\/control_lechero.jpg\" data-caption=\"\"><img loading=\"lazy\" decoding=\"async\" width=\"567\" height=\"378\" class=\"entry-thumb td-modal-image\" src=\"https:\/\/www.europesays.com\/es\/wp-content\/uploads\/2026\/03\/control_lechero.jpg\"   alt=\"Agromuralla y OPL se oponen a la bajada del precio de la leche de vaca\" title=\"Agromuralla\"\/><\/a><\/p>\n<p>Las Asociaciones de ganaderos y ganaderas OPL y Agromuralla, que re\u00fanen cerca de 1.000 productores de leche de vaca en todo el territorio espa\u00f1ol, vienen a denunciar la bajada de precios de la leche en origen que traen las industrias en los contratos que est\u00e1n sacando estos d\u00edas para renovar, de cara a la inminente finalizaci\u00f3n de los contratos vigentes.<\/p>\n<p>Galicia es la Comunidad Aut\u00f3noma en la que se produce en torno al 40% del volumen de leche a nivel nacional y, a su vez, es la Comunidad Aut\u00f3noma en la que primero se renuevan los contratos l\u00e1cteos, por lo que los <a href=\"https:\/\/www.agropopular.com\/leche-vaca-180326\/\" rel=\"nofollow noopener\" target=\"_blank\">precios<\/a> que se firmen en Galicia van a marcar la tendencia de los precios que se van a pactar en el resto de Espa\u00f1a en los pr\u00f3ximos meses.<\/p>\n<p><strong>Seg\u00fan OPL y Agromuralla, la bajadas de precios no est\u00e1 justificada pues, si echamos un vistazo a los precios que se est\u00e1n pagando fuera de Espa\u00f1a, en los \u00faltimos dos meses han ido en aumento<\/strong><\/p>\n<p>Cierto es que las industrias ya anticiparon una bajada de los precios con las ofertas que hicieron hace dos meses, seg\u00fan prescripci\u00f3n legal, matizando que la bajada no iba a ser tan acusada como se anunciaba en las ofertas. La sorpresa del sector se da esta semana, cuando Leche R\u00edo, Lactalis o Naturleite dieron el paso de concretar precios con una bajada de entre 7 y 9 c\u00e9ntimos por litro. Bajada que, seg\u00fan OPL y Agromuralla, no est\u00e1 justificada pues, si echamos un vistazo a los precios que se est\u00e1n pagando fuera de Espa\u00f1a, tanto por leche l\u00edquida como por nata o mantequilla, en los \u00faltimos dos meses han ido en aumento, lo que no se corresponde con lo que ahora est\u00e1n argumentando las industrias a la hora de negociar los contratos.<\/p>\n<p>La preocupaci\u00f3n del sector va en aumento porque la bajada de precios de la leche en origen coincide con el aumento estrepitoso de los precios del gas\u00f3leo, luz, fertilizantes y dem\u00e1s insumos y materias primas que necesitan las granjas, a consecuencia de la guerra de Ir\u00e1n.<\/p>\n<p><strong>Desde ambas organizaciones se recomienda a los ganaderos que no firmen los contratos<\/strong><\/p>\n<p>Desde ambas organizaciones se recomienda a los ganaderos que no firmen los contratos, a\u00fan tenemos tiempo para negociar y es necesario presionar a la industria l\u00e1ctea para que no baje los precios, pues de llegar a materializarse, estar\u00edamos ante unas p\u00e9rdidas de entre 14 y 18 c\u00e9ntimos por litro, si sumamos la bajada del precio de la leche y la subida de costes de producci\u00f3n.<\/p>\n<p>En caso de que las industrias no reconsideren esta postura y las que faltan por entregar los contratos las secunden, desde el sector llevaremos a cabo acciones contundentes conducentes al desabastecimiento del mercado.<\/p>\n<p><a href=\"#\"><img decoding=\"async\" src=\"https:\/\/www.europesays.com\/es\/wp-content\/uploads\/2025\/10\/banner-agropopular-post.gif\"\/><\/a><\/p>\n<p>Todos los derechos reservados. Queda prohibido reproducir, distribuir, comunicar p\u00fablicamente o transformar, todo o parte del contenido de este sitio web, incluido, pero no limitado a, los textos, las fotos y los videos, sin el permiso previo y por escrito de Informativos Agrarios S.L.        <\/p>\n","protected":false},"excerpt":{"rendered":"Las Asociaciones de ganaderos y ganaderas OPL y Agromuralla, que re\u00fanen cerca de 1.000 productores de leche de&hellip;\n","protected":false},"author":2,"featured_media":457579,"comment_status":"","ping_status":"","sticky":false,"template":"","format":"standard","meta":{"footnotes":""},"categories":[8],"tags":[94999,17,18,95000,25,24,13,14,1949,11,19,20,3211,9,10,15,16,95001,23,12,21,22],"class_list":["post-457578","post","type-post","status-publish","format-standard","has-post-thumbnail","category-espana","tag-agromuralla","tag-breaking-news","tag-breakingnews","tag-contratos-lacteos","tag-es","tag-espana","tag-featured-news","tag-featurednews","tag-ganaderia","tag-headlines","tag-latest-news","tag-latestnews","tag-leche","tag-news","tag-noticias","tag-noticias-destacadas","tag-noticiasdestacadas","tag-opl","tag-spain","tag-titulares","tag-ultimas-noticias","tag-ultimasnoticias"],"share_on_mastodon":{"url":"https:\/\/pubeurope.com\/@es\/116263814863218230","error":""},"_links":{"self":[{"href":"https:\/\/www.europesays.com\/es\/wp-json\/wp\/v2\/posts\/457578","targetHints":{"allow":["GET"]}}],"collection":[{"href":"https:\/\/www.europesays.com\/es\/wp-json\/wp\/v2\/posts"}],"about":[{"href":"https:\/\/www.europesays.com\/es\/wp-json\/wp\/v2\/types\/post"}],"author":[{"embeddable":true,"href":"https:\/\/www.europesays.com\/es\/wp-json\/wp\/v2\/users\/2"}],"replies":[{"embeddable":true,"href":"https:\/\/www.europesays.com\/es\/wp-json\/wp\/v2\/comments?post=457578"}],"version-history":[{"count":0,"href":"https:\/\/www.europesays.com\/es\/wp-json\/wp\/v2\/posts\/457578\/revisions"}],"wp:featuredmedia":[{"embeddable":true,"href":"https:\/\/www.europesays.com\/es\/wp-json\/wp\/v2\/media\/457579"}],"wp:attachment":[{"href":"https:\/\/www.europesays.com\/es\/wp-json\/wp\/v2\/media?parent=457578"}],"wp:term":[{"taxonomy":"category","embeddable":true,"href":"https:\/\/www.europesays.com\/es\/wp-json\/wp\/v2\/categories?post=457578"},{"taxonomy":"post_tag","embeddable":true,"href":"https:\/\/www.europesays.com\/es\/wp-json\/wp\/v2\/tags?post=457578"}],"curies":[{"name":"wp","href":"https:\/\/api.w.org\/{rel}","templated":true}]}}