{"id":459010,"date":"2026-03-21T20:30:07","date_gmt":"2026-03-21T20:30:07","guid":{"rendered":"https:\/\/www.europesays.com\/es\/459010\/"},"modified":"2026-03-21T20:30:07","modified_gmt":"2026-03-21T20:30:07","slug":"se-incendia-un-camion-tras-chocar-con-otro-en-la-a-62-direccion-salamanca","status":"publish","type":"post","link":"https:\/\/www.europesays.com\/es\/459010\/","title":{"rendered":"Se incendia un cami\u00f3n tras chocar con otro en la A-62, direcci\u00f3n Salamanca"},"content":{"rendered":"<p class=\"paragraph-atom &#10;        A-500-300-700-N A-550-300-700-N--md  \">El Servicio de Emergencias 112 Castilla y Le\u00f3n ha recibido un aviso por una colisi\u00f3n entre dos camiones a las 10:30 horas de este s\u00e1bado 21 de marzo.<\/p>\n<p class=\"paragraph-atom &#10;        A-500-300-700-N A-550-300-700-N--md  \">Producto de tal choque, que se ha producido en el kil\u00f3metro 197 de la A-62, en Castrillo de la Guare\u00f1a direcci\u00f3n Salamanca, uno de los camiones ha comenzado a arder.<\/p>\n<p class=\"paragraph-atom &#10;        A-500-300-700-N A-550-300-700-N--md  \">Se ha dado aviso a los Bomberos de Toro y a la Guardia Civil de Tr\u00e1fico tanto de Zamora, como de Salamanca y Valladolid. La circulaci\u00f3n se ha abierto pasadas las 18:00 horas, aunque el carril derecho permanece a\u00fan cortado hasta que se limpie por completo la zona. <\/p>\n<p class=\"paragraph-atom &#10;        A-500-300-700-N A-550-300-700-N--md  \">Afortunadamente, nadie ha resultado herido.<\/p>\n","protected":false},"excerpt":{"rendered":"El Servicio de Emergencias 112 Castilla y Le\u00f3n ha recibido un aviso por una colisi\u00f3n entre dos camiones&hellip;\n","protected":false},"author":2,"featured_media":459011,"comment_status":"","ping_status":"","sticky":false,"template":"","format":"standard","meta":{"footnotes":""},"categories":[8],"tags":[95142,17,18,41318,13794,4796,25,24,13,14,11,16906,19,20,9,10,15,16,23,12,21,22],"class_list":["post-459010","post","type-post","status-publish","format-standard","has-post-thumbnail","category-espana","tag-95142","tag-breaking-news","tag-breakingnews","tag-camion","tag-chocar","tag-direccion","tag-es","tag-espana","tag-featured-news","tag-featurednews","tag-headlines","tag-incendia","tag-latest-news","tag-latestnews","tag-news","tag-noticias","tag-noticias-destacadas","tag-noticiasdestacadas","tag-spain","tag-titulares","tag-ultimas-noticias","tag-ultimasnoticias"],"share_on_mastodon":{"url":"https:\/\/pubeurope.com\/@es\/116269064376023261","error":""},"_links":{"self":[{"href":"https:\/\/www.europesays.com\/es\/wp-json\/wp\/v2\/posts\/459010","targetHints":{"allow":["GET"]}}],"collection":[{"href":"https:\/\/www.europesays.com\/es\/wp-json\/wp\/v2\/posts"}],"about":[{"href":"https:\/\/www.europesays.com\/es\/wp-json\/wp\/v2\/types\/post"}],"author":[{"embeddable":true,"href":"https:\/\/www.europesays.com\/es\/wp-json\/wp\/v2\/users\/2"}],"replies":[{"embeddable":true,"href":"https:\/\/www.europesays.com\/es\/wp-json\/wp\/v2\/comments?post=459010"}],"version-history":[{"count":0,"href":"https:\/\/www.europesays.com\/es\/wp-json\/wp\/v2\/posts\/459010\/revisions"}],"wp:featuredmedia":[{"embeddable":true,"href":"https:\/\/www.europesays.com\/es\/wp-json\/wp\/v2\/media\/459011"}],"wp:attachment":[{"href":"https:\/\/www.europesays.com\/es\/wp-json\/wp\/v2\/media?parent=459010"}],"wp:term":[{"taxonomy":"category","embeddable":true,"href":"https:\/\/www.europesays.com\/es\/wp-json\/wp\/v2\/categories?post=459010"},{"taxonomy":"post_tag","embeddable":true,"href":"https:\/\/www.europesays.com\/es\/wp-json\/wp\/v2\/tags?post=459010"}],"curies":[{"name":"wp","href":"https:\/\/api.w.org\/{rel}","templated":true}]}}