{"id":460073,"date":"2026-03-22T12:53:20","date_gmt":"2026-03-22T12:53:20","guid":{"rendered":"https:\/\/www.europesays.com\/es\/460073\/"},"modified":"2026-03-22T12:53:20","modified_gmt":"2026-03-22T12:53:20","slug":"pastora-soler-alcanza-el-numero-1-de-canal-fiesta","status":"publish","type":"post","link":"https:\/\/www.europesays.com\/es\/460073\/","title":{"rendered":"Pastora Soler alcanza el n\u00famero 1 de Canal Fiesta"},"content":{"rendered":"<p>Te hemos contado, en tiempo real, la nueva configuraci\u00f3n del Top50 de Canal Fiesta. Aqu\u00ed tienes a todos tus artistas en su sitio! Se incorporan a la lista Anto\u00f1ito Molina, Mesalla y Mar\u00eda Isabel.\u00a0<\/p>\n<p>Hemos llamado a Pastora Soler para felicitarla por ser n\u00famero 1 con la canci\u00f3n \u00abMi salvavidas\u00bb.<\/p>\n<tr>\n<td>TOP<\/td>\n<td>ARTISTA-CANCI\u00d3N<\/td>\n<\/tr>\n<tr>\n<td>50.<\/td>\n<td><strong>MAR\u00cdA ISABEL \u00abHora m\u00e1gica\u00bb<\/strong><\/td>\n<\/tr>\n<tr>\n<td>49.<\/td>\n<td><strong>MESALLA \u00abYa nos conocemos\u00bb<\/strong><\/td>\n<\/tr>\n<tr>\n<td>48.<\/td>\n<td>RASEL &amp; LA CEBOLLA \u00abPoderosa\u00bb<\/td>\n<\/tr>\n<tr>\n<td>47.<\/td>\n<td>ALBA LAMERCED \u00abPonte guapa\u00bb<\/td>\n<\/tr>\n<tr>\n<td>46.<\/td>\n<td>ANTONIO ROMERO &amp; ANTONIO JOS\u00c9 \u00abContigo\u00bb<\/td>\n<\/tr>\n<tr>\n<td>45.<\/td>\n<td>ANA MENA \u00abL\u00e1rgate\u00bb<\/td>\n<\/tr>\n<tr>\n<td>44.<\/td>\n<td>LUZ \u00abMe voy a permitir\u00bb<\/td>\n<\/tr>\n<tr>\n<td>43.<\/td>\n<td>MARLENA \u00abLa victoria\u00bb<\/td>\n<\/tr>\n<tr>\n<td>42.<\/td>\n<td>MELON DIESEL &amp; IV\u00c1N FERREIRO \u00abContracorriente\u00bb<\/td>\n<\/tr>\n<tr>\n<td>41.<\/td>\n<td>EFECTO PASILLO \u00abBuen caf\u00e9\u00bb<\/td>\n<\/tr>\n<tr>\n<td>40.<\/td>\n<td>GONZALO ALHAMBRA &amp; AMIGOS \u00abMe voy pa Andaluc\u00eda\u00bb<\/td>\n<\/tr>\n<tr>\n<td>39.<\/td>\n<td>SERGIO CONTRERAS \u00abDonde nace el amor\u00bb<\/td>\n<\/tr>\n<tr>\n<td>38.<\/td>\n<td>MELODY \u00abAlarma\u00bb<\/td>\n<\/tr>\n<tr>\n<td>37.<\/td>\n<td>SHAKIRA &amp; BE\u00c9LE \u00abAlgo t\u00fa\u00bb<\/td>\n<\/tr>\n<tr>\n<td>36.<\/td>\n<td>TONY GROX &amp; LUCYKALYS \u00abT amar\u00e9\u00bb<\/td>\n<\/tr>\n<tr>\n<td>35.<\/td>\n<td>ANDY \u00abSolo\u00bb<\/td>\n<\/tr>\n<tr>\n<td>34.<\/td>\n<td><strong>ANTO\u00d1ITO MOLINA \u00abImparable\u00bb<\/strong><\/td>\n<\/tr>\n<tr>\n<td>33.<\/td>\n<td>CURRO \u00abQue X bien no venga\u00bb<\/td>\n<\/tr>\n<tr>\n<td>32.<\/td>\n<td>WALLS &amp; DANI FERN\u00c1NDEZ \u00abVulnerable\u00bb<\/td>\n<\/tr>\n<tr>\n<td>31.<\/td>\n<td>BERET \u00abNadie m\u00e1s se la cree\u00bb<\/td>\n<\/tr>\n<tr>\n<td>30.<\/td>\n<td>DEYAV\u00da \u00abLoca\u00bb<\/td>\n<\/tr>\n<tr>\n<td>29.<\/td>\n<td>TR\u00c9BEDE \u00abPu\u00f1ales\u00bb<\/td>\n<\/tr>\n<tr>\n<td>28.<\/td>\n<td>MARTA SOTO \u00abNada bueno\u00bb<\/td>\n<\/tr>\n<tr>\n<td>27.<\/td>\n<td>VANESA MART\u00cdN &amp; CAMILO \u00abMaldita mudanza\u00bb<\/td>\n<\/tr>\n<tr>\n<td>26.<\/td>\n<td>\u00c1LVARO GARC\u00cdA \u00abMe vale\u00bb<\/td>\n<\/tr>\n<tr>\n<td>25.<\/td>\n<td>FRAN PEREA \u00abNos volveremos a ver\u00bb<\/td>\n<\/tr>\n<tr>\n<td>24.<\/td>\n<td>AITANA \u00abSuperestrella\u00bb<\/td>\n<\/tr>\n<tr>\n<td>23.<\/td>\n<td>EL ARREBATO &amp; ANTO\u00d1ITO MOLINA \u00abManual de instrucciones\u00bb<\/td>\n<\/tr>\n<tr>\n<td>22.<\/td>\n<td>ASL\u00c1NDTICOS \u00abQue trata de Andaluc\u00eda\u00bb<\/td>\n<\/tr>\n<tr>\n<td>21.<\/td>\n<td>ANTONIO OROZCO \u00abDespierta\u00bb<\/td>\n<\/tr>\n<tr>\n<td>20.<\/td>\n<td>LUIS FONSI &amp; FEID \u00abCambiar\u00e9\u00bb<\/td>\n<\/tr>\n<tr>\n<td>19.<\/td>\n<td>LA CORREDERA \u00abCamar\u00f3n\u00bb<\/td>\n<\/tr>\n<tr>\n<td>18.<\/td>\n<td>ALEJANDRO SANZ \u00abLas guapas\u00bb<\/td>\n<\/tr>\n<tr>\n<td>17.<\/td>\n<td>JAVI CRESPO \u00abRoto\u00bb<\/td>\n<\/tr>\n<tr>\n<td>16.<\/td>\n<td>DAVID DEMAR\u00cdA \u00abEnamorarme de ti\u00bb<\/td>\n<\/tr>\n<tr>\n<td>15.<\/td>\n<td>MELENDI \u00abFecha de caducidad\u00bb<\/td>\n<\/tr>\n<tr>\n<td>14.<\/td>\n<td>RA\u00daLE \u00abPasajero temporal\u00bb<\/td>\n<\/tr>\n<tr>\n<td>13.<\/td>\n<td>MARTA SANTOS \u00abNidito de amor\u00bb<\/td>\n<\/tr>\n<tr>\n<td>12.<\/td>\n<td>PABLO L\u00d3PEZ \u00abEl ni\u00f1o del espacio\u00bb<\/td>\n<\/tr>\n<tr>\n<td>11.<\/td>\n<td>\u00c1LVARO DE LUNA \u00abDime d\u00f3nde est\u00e1s\u00bb<\/td>\n<\/tr>\n<tr>\n<td>10.<\/td>\n<td>PABLO ALBOR\u00c1N \u00abAlgo de mi\u00bb<\/td>\n<\/tr>\n<tr>\n<td>09.<\/td>\n<td>ROSAL\u00cdA \u00abLa perla\u00bb<\/td>\n<\/tr>\n<tr>\n<td>08.<\/td>\n<td>GONZALO HERMIDA \u00abVivir es una fiesta\u00bb<\/td>\n<\/tr>\n<tr>\n<td>07.<\/td>\n<td>LA PLAZUELA \u00abSi miro patr\u00e1s\u00bb<\/td>\n<\/tr>\n<tr>\n<td>06.<\/td>\n<td>MERCHE \u00abLabios de rojo\u00bb<\/td>\n<\/tr>\n<tr>\n<td>05.<\/td>\n<td>CEPEDA \u00abTulipanes\u00bb<\/td>\n<\/tr>\n<tr>\n<td>04.<\/td>\n<td>LEIRE MART\u00cdNEZ &amp; EDURNE \u00abNo se me da bien odiarte\u00bb<\/td>\n<\/tr>\n<tr>\n<td>02.<\/td>\n<td>CARLOS RIVERA &amp; ALEJANDRO FERN\u00c1NDEZ \u00abSin despedida\u00bb<\/td>\n<\/tr>\n<tr>\n<td>01.<\/td>\n<td>PASTORA SOLER \u00abMi salvavidas\u00bb<\/td>\n<\/tr>\n<tr>\n<td\/>\n<td\/>\n<\/tr>\n<p><strong>\u00a0<\/strong><\/p>\n","protected":false},"excerpt":{"rendered":"Te hemos contado, en tiempo real, la nueva configuraci\u00f3n del Top50 de Canal Fiesta. Aqu\u00ed tienes a todos&hellip;\n","protected":false},"author":2,"featured_media":460074,"comment_status":"","ping_status":"","sticky":false,"template":"","format":"standard","meta":{"footnotes":""},"categories":[170],"tags":[259,87534,146,147,25,24,95267,184,185,41441,1448,23,95266],"class_list":["post-460073","post","type-post","status-publish","format-standard","has-post-thumbnail","category-musica","tag-andalucia","tag-canal-fiesta","tag-entertainment","tag-entretenimiento","tag-es","tag-espana","tag-mi-salvavidas","tag-music","tag-musica","tag-pastora-soler","tag-radio","tag-spain","tag-top-50"],"share_on_mastodon":{"url":"https:\/\/pubeurope.com\/@es\/116272929509247936","error":""},"_links":{"self":[{"href":"https:\/\/www.europesays.com\/es\/wp-json\/wp\/v2\/posts\/460073","targetHints":{"allow":["GET"]}}],"collection":[{"href":"https:\/\/www.europesays.com\/es\/wp-json\/wp\/v2\/posts"}],"about":[{"href":"https:\/\/www.europesays.com\/es\/wp-json\/wp\/v2\/types\/post"}],"author":[{"embeddable":true,"href":"https:\/\/www.europesays.com\/es\/wp-json\/wp\/v2\/users\/2"}],"replies":[{"embeddable":true,"href":"https:\/\/www.europesays.com\/es\/wp-json\/wp\/v2\/comments?post=460073"}],"version-history":[{"count":0,"href":"https:\/\/www.europesays.com\/es\/wp-json\/wp\/v2\/posts\/460073\/revisions"}],"wp:featuredmedia":[{"embeddable":true,"href":"https:\/\/www.europesays.com\/es\/wp-json\/wp\/v2\/media\/460074"}],"wp:attachment":[{"href":"https:\/\/www.europesays.com\/es\/wp-json\/wp\/v2\/media?parent=460073"}],"wp:term":[{"taxonomy":"category","embeddable":true,"href":"https:\/\/www.europesays.com\/es\/wp-json\/wp\/v2\/categories?post=460073"},{"taxonomy":"post_tag","embeddable":true,"href":"https:\/\/www.europesays.com\/es\/wp-json\/wp\/v2\/tags?post=460073"}],"curies":[{"name":"wp","href":"https:\/\/api.w.org\/{rel}","templated":true}]}}