{"id":460775,"date":"2026-03-22T22:34:12","date_gmt":"2026-03-22T22:34:12","guid":{"rendered":"https:\/\/www.europesays.com\/es\/460775\/"},"modified":"2026-03-22T22:34:12","modified_gmt":"2026-03-22T22:34:12","slug":"tu-riesgo-de-sufrir-cancer-es-mucho-menor","status":"publish","type":"post","link":"https:\/\/www.europesays.com\/es\/460775\/","title":{"rendered":"\u00abTu riesgo de sufrir c\u00e1ncer es mucho menor\u00bb"},"content":{"rendered":"<p style=\"\">La llegada de la primavera trae consigo una mala noticia: comienza la \u00e9poca de las alergias. A partir del mes de marzo aumenta el polen que circula por el aire por la floraci\u00f3n de plantas, \u00e1rboles y gram\u00edneas. Las condiciones de temperaturas y viento tambi\u00e9n  &#8230; dispersan estas part\u00edculas que, al ser respiradas, causan rinitis, estornudos y picor.<\/p>\n<p class=\"v-d-p\" style=\"\">La alergia al polen -polinosis- afecta a aproximadamente el 15% de la poblaci\u00f3n general, cifra que aumenta hasta el 30% en j\u00f3venes. En Espa\u00f1a, se estima que <strong>m\u00e1s de 8 millones de personas <\/strong>sufren esta alergia y cada a\u00f1o tiene una mayor incidencia, seg\u00fan datos de la Sociedad Espa\u00f1ola de Alergolog\u00eda e Inmunolog\u00eda Cl\u00ednica (SEAIC).<\/p>\n<p class=\"v-d-p\" style=\"\">Sin embargo, todas estas personas tienen una raz\u00f3n de alergrarse por su alergia. Tienen <strong>menos probabilidad de desarrollar un c\u00e1ncer<\/strong>, tal y como afirma Jos\u00e9 Manuel Felices Farias.<\/p>\n<ul class=\"v-cmp-rld__u\">\n<li class=\"v-cmp-rld__l\">\n<p><a class=\"v-a-lnk\" href=\"http:\/\/www.abc.es\/recreo\/andres-millan-abogado-euros-cabeza-efectivo-contexto-20260317173658-nt.html#vtm_modulosEngag=noticiasrelacionadas-cmp-uno:bienestar:noticia:1\" title=\"Andr\u00e9s Mill\u00e1n, abogado: \u00abYo tendr\u00eda m\u00e1s de 90 euros por cabeza en efectivo en casa\u00bb\" data-voc-vtm-id=\"in-text-traffic\" rel=\"nofollow noopener\" target=\"_blank\"><br \/>\n<img decoding=\"async\" loading=\"lazy\" src=\"https:\/\/www.europesays.com\/es\/wp-content\/uploads\/2026\/03\/senior-man-holds-wallet-with-euro-banknotes-his-hand-euro-banknotes-wallet-wallet-with-money-man-s-h.jpeg\" class=\"v-a-img\" width=\"258\" height=\"180\" alt=\"Andr\u00e9s Mill\u00e1n, abogado: \u00abYo tendr\u00eda m\u00e1s de 90 euros por cabeza en efectivo en casa\u00bb\"\/><br \/>\n<\/a><\/p>\n<\/li>\n<\/ul>\n<p class=\"v-d-p\" style=\"\">El m\u00e9dico experto en radiolog\u00eda, docente y divulgador en las redes sociales comparte esta conclusi\u00f3n en su perfil de Intagram. \u00abTu riesgo de sufrir ciertos tumores es mucho menor\u00bb, asegura.<\/p>\n<p class=\"v-d-p\" style=\"\">\u00abNo es un premio de consolaci\u00f3n, es ciencia pura, es la teor\u00eda de la inmunovigilancia\u00bb, afirma. El sistema inmunol\u00f3gico de los al\u00e9rgicos es \u00abcomo un guardia de vigilancia hiperactivo y un poco paranoico\u00bb, que detecta igual una anomal\u00eda en los pulmones como en las c\u00e9lulas cancer\u00edgenas.<\/p>\n<p>\nEl sistema inmunol\u00f3gico de un al\u00e9rgico es m\u00e1s activo, para bien\n<\/p>\n<p class=\"v-d-p\" style=\"\">\u00abEst\u00e1 tan alerta que igual que reacciona frente a un inofensivo granito de polen, tu guardia de seguridad se vuelve mucho m\u00e1s activo y eficaz detectando c\u00e9lulas anormales. Y las elimina antes de que se conviertan en un tumor\u00bb, insiste. <\/p>\n<p class=\"v-d-p\" style=\"\">Esta condici\u00f3n, asegura, \u00abno te hace inmortal\u00bb, pero s\u00ed reduce significativamente las tasas de los al\u00e9rgicos con c\u00e1ncer de colon, de p\u00e1ncreas y tumores cerebrales.<\/p>\n<p class=\"v-d-p\" style=\"\">El picor de nariz y los estornudos son un mal menor ante el riesgo de desarrollar la primera causa de muerte en Espa\u00f1a. \u00abTu cuerpo sacrifica tu comodidad primaveral por un escudo antitumoral de alta energ\u00eda, as\u00ed que la pr\u00f3xima vez que maldigas la primavera, dale las gracias a tus defensas por hacer horas extra\u00bb, declara el m\u00e9dico con algo de humor. \u00abNo volver\u00e1s a mirar los pa\u00f1uelos de la misma forma\u00bb.<\/p>\n","protected":false},"excerpt":{"rendered":"La llegada de la primavera trae consigo una mala noticia: comienza la \u00e9poca de las alergias. A partir&hellip;\n","protected":false},"author":2,"featured_media":460776,"comment_status":"","ping_status":"","sticky":false,"template":"","format":"standard","meta":{"footnotes":""},"categories":[92],"tags":[95349,2136,1066,6289,25,24,48704,165,2467,841,2126,7080,1288,166,23,18389],"class_list":["post-460775","post","type-post","status-publish","format-standard","has-post-thumbnail","category-salud","tag-alergicos","tag-buena","tag-cancer","tag-doctor","tag-es","tag-espana","tag-felices","tag-health","tag-jose","tag-manuel","tag-menor","tag-noticia","tag-riesgo","tag-salud","tag-spain","tag-sufrir"],"share_on_mastodon":{"url":"https:\/\/pubeurope.com\/@es\/116275214415849203","error":""},"_links":{"self":[{"href":"https:\/\/www.europesays.com\/es\/wp-json\/wp\/v2\/posts\/460775","targetHints":{"allow":["GET"]}}],"collection":[{"href":"https:\/\/www.europesays.com\/es\/wp-json\/wp\/v2\/posts"}],"about":[{"href":"https:\/\/www.europesays.com\/es\/wp-json\/wp\/v2\/types\/post"}],"author":[{"embeddable":true,"href":"https:\/\/www.europesays.com\/es\/wp-json\/wp\/v2\/users\/2"}],"replies":[{"embeddable":true,"href":"https:\/\/www.europesays.com\/es\/wp-json\/wp\/v2\/comments?post=460775"}],"version-history":[{"count":0,"href":"https:\/\/www.europesays.com\/es\/wp-json\/wp\/v2\/posts\/460775\/revisions"}],"wp:featuredmedia":[{"embeddable":true,"href":"https:\/\/www.europesays.com\/es\/wp-json\/wp\/v2\/media\/460776"}],"wp:attachment":[{"href":"https:\/\/www.europesays.com\/es\/wp-json\/wp\/v2\/media?parent=460775"}],"wp:term":[{"taxonomy":"category","embeddable":true,"href":"https:\/\/www.europesays.com\/es\/wp-json\/wp\/v2\/categories?post=460775"},{"taxonomy":"post_tag","embeddable":true,"href":"https:\/\/www.europesays.com\/es\/wp-json\/wp\/v2\/tags?post=460775"}],"curies":[{"name":"wp","href":"https:\/\/api.w.org\/{rel}","templated":true}]}}