{"id":461156,"date":"2026-03-23T03:49:22","date_gmt":"2026-03-23T03:49:22","guid":{"rendered":"https:\/\/www.europesays.com\/es\/461156\/"},"modified":"2026-03-23T03:49:22","modified_gmt":"2026-03-23T03:49:22","slug":"asi-queda-el-unicaja-en-la-clasificacion-de-la-liga-endesa-despues-de-la-jornada-23","status":"publish","type":"post","link":"https:\/\/www.europesays.com\/es\/461156\/","title":{"rendered":"As\u00ed queda el Unicaja en la clasificaci\u00f3n de la Liga Endesa despu\u00e9s de la jornada 23"},"content":{"rendered":"<p class=\"ft-text\"><strong>El Unicaja perdi\u00f3 este fin de semana un par de puestos en la clasificaci\u00f3n de la Liga Endesa<\/strong>, tras su derrota del s\u00e1bado en el Mart\u00edn Carpena contra <a class=\"ft-link ft-link--decoration\" href=\"https:\/\/www.laopiniondemalaga.es\/unicaja\/2026\/03\/21\/unicaja-gana-laguna-tenerife-sigue-acb-liga-cronica-128259479.html\" rel=\"nofollow noopener\" target=\"_blank\">La Laguna Tenerife (70-95)<\/a>. Los verdes siguen asentados en la zona noble de la tabla, muy cerca del segundo puesto, aunque tambi\u00e9n es verdad que el<strong> Surne Bilbao Basket, noveno, viene con fuerza desde atr\u00e1s<\/strong> y es una amenaza para cualquiera de los que luchan por estar en el play off por el t\u00edtulo. Se salva de ese peligro el l\u00edder destacado, Real Madrid, que salvo debacle inesperada ser\u00e1 el campe\u00f3n de la Liga Regular. El <strong>Unicaja cierra la jornada 23 en el s\u00e9ptimo puesto, con 15 victorias y 8 derrotas<\/strong>, mismo n\u00famero de victorias que Baskonia (4\u00ba), Bar\u00e7a (5\u00ba) y Joventut (6\u00ba).<\/p>\n<p>Real Madrid, l\u00edder; Valencia, segundo<\/p>\n<p class=\"ft-text\"><strong>El Real Madrid sigue siendo l\u00edder destacado<\/strong>. Gan\u00f3 en el Palau Blaugrana en el partido que cerr\u00f3 la jornada y firma un espectacular 21-2 en la clasificaci\u00f3n. Los de Sergio Scariolo<strong> aventajan al Valencia Basket, segundo, en 4 triunfos<\/strong>. Con solo 11 jornadas por delante, se puede dar por casi seguro el primer puesto de la Fase Regular para el equipo merengue.<\/p>\n<p><img decoding=\"async\" src=\"https:\/\/www.europesays.com\/es\/wp-content\/uploads\/2026\/03\/e5953308-7cd2-4fe1-a9f4-884be1ea07c7_alta-libre-aspect-ratio_default_0_x434y192.jpg\" width=\"1200\" height=\"800\" alt=\"El Real Madrid se pase\u00f3 por el Palau Blaugrana.\" class=\"ft-helper-img-rd\" loading=\"lazy\"\/><\/p>\n<p class=\"ft-helper-fontColor-quaternary ft-helper-fontSize-body-S ft-helper-spacer-t-xxs\">El Real Madrid se pase\u00f3 por el Palau Blaugrana.  \/ VICTOR SALGADO<\/p>\n<p>UCAM, tercero<\/p>\n<p class=\"ft-text\">Sigue <strong>el UCAM Murcia de Sito Alonso siendo la gran revelaci\u00f3n de la temporada<\/strong>. Ganaron los universitarios un partido complicad\u00edsimo en Manresa y suman ya 16 victorias ligueras, cinco menos que el l\u00edder y solo una por debajo que el equipo taronja. Los murcianos son terceros en solitario de la tabla.<\/p>\n<p>Unicaja, empatado con cuatro equipos a 15 victorias<\/p>\n<p class=\"ft-text\"><strong>Baskonia, Bar\u00e7a, Joventut y Unicaja tienen el mismo n\u00famero de victorias. <\/strong>Como quiera que no se han disputado todav\u00eda los dos partidos de Liga entre esos cuatro equipos, se colocan en la clasificaci\u00f3n por su<strong> average general<\/strong>. Y ah\u00ed, el Unicaja es el peor de los cuatro, por lo que est\u00e1 s\u00e9ptimo, aunque empatado con el cuarto, un Baskonia que tiene, eso s\u00ed, un partido todav\u00eda pendiente.<\/p>\n<p><img decoding=\"async\" src=\"https:\/\/www.europesays.com\/es\/wp-content\/uploads\/2026\/03\/4602869c-a517-459e-9066-f8542c89026e_alta-libre-aspect-ratio_default_0_x1000y444.jpg\" width=\"1200\" height=\"800\" alt=\"21-03-26, M\u00e1laga, palacio de los deportes Mart\u00edn Carpena. Unicaja vs La Laguna Tenerife. (Fotografia : Gregorio Marrero)\" class=\"ft-helper-img-rd\" loading=\"lazy\"\/><\/p>\n<p class=\"ft-helper-fontColor-quaternary ft-helper-fontSize-body-S ft-helper-spacer-t-xxs\">El Unicaja perdi\u00f3 con La Laguna Tenerife.  \/ Gregorio Marrero \/ LMA<\/p>\n<p>La Laguna Tenerife cierra el play off<\/p>\n<p class=\"ft-text\">El equipo canario, que gan\u00f3 este fin de semana en M\u00e1laga, es el octavo, cerrando la zona del play off. <strong>Los de Txus Vidorreta suman 14 victorias, una menos que el Unicaja<\/strong> y el resto de equipos empatados con los verdes.<\/p>\n<p>Surne Bilbao, gran amenaza para todos<\/p>\n<p class=\"ft-text\">El \u00fanico equipo que podr\u00eda sacar a alguno de los 8 primeros de la zona de play off de aqu\u00ed al final de temporada es el <strong>Surne Bilbao, <\/strong>que este fin de semana volvi\u00f3 a ganar su partido liguero, en este caso en la pista del MoraBanc Andorra (98-102). <strong>Los vascos tienen tambi\u00e9n 14 victorias,<\/strong> las mismas que el Tenerife, pero en el caso del equipo bilba\u00edno, disfruta de un partido m\u00e1s que el resto de aspirantes, al tener adelantada una fecha del calendario liguero.<\/p>\n<p>Esprint final por la Liga<\/p>\n<p class=\"ft-text\"><strong>A falta de 11 jornadas para que la Fase Regular eche el cierre<\/strong>, la clasificaci\u00f3n est\u00e1 muy igualada. Solo el Real Madrid parece tener su posici\u00f3n garantizada. Del segundo al noveno, cualquier cosa puede pasar todav\u00eda. <a class=\"ft-link ft-link--decoration\" href=\"https:\/\/www.laopiniondemalaga.es\/unicaja\/2026\/03\/21\/ibon-navarro-tenerife-entrenador-unicaja-128261865.html\" target=\"_blank\" rel=\"nofollow noopener\">El Unicaja no se puede descuidar <\/a>con lo que viene detr\u00e1s, pero tampoco hay que descartarlo para la lucha por el Top 4 liguero, previo al play off por el t\u00edtulo.<\/p>\n","protected":false},"excerpt":{"rendered":"El Unicaja perdi\u00f3 este fin de semana un par de puestos en la clasificaci\u00f3n de la Liga Endesa,&hellip;\n","protected":false},"author":2,"featured_media":461157,"comment_status":"","ping_status":"","sticky":false,"template":"","format":"standard","meta":{"footnotes":""},"categories":[269],"tags":[299,298,4616,168,2917,25,24,95389,2918,1044,3041,3048,8777,23,167,2246],"class_list":["post-461156","post","type-post","status-publish","format-standard","has-post-thumbnail","category-baloncesto","tag-baloncesto","tag-basketball","tag-clasificacion","tag-deportes","tag-endesa","tag-es","tag-espana","tag-jornada-23","tag-la-liga","tag-liga","tag-queda","tag-real-madrid","tag-septimo","tag-spain","tag-sports","tag-unicaja"],"share_on_mastodon":{"url":"https:\/\/pubeurope.com\/@es\/116276452855072394","error":""},"_links":{"self":[{"href":"https:\/\/www.europesays.com\/es\/wp-json\/wp\/v2\/posts\/461156","targetHints":{"allow":["GET"]}}],"collection":[{"href":"https:\/\/www.europesays.com\/es\/wp-json\/wp\/v2\/posts"}],"about":[{"href":"https:\/\/www.europesays.com\/es\/wp-json\/wp\/v2\/types\/post"}],"author":[{"embeddable":true,"href":"https:\/\/www.europesays.com\/es\/wp-json\/wp\/v2\/users\/2"}],"replies":[{"embeddable":true,"href":"https:\/\/www.europesays.com\/es\/wp-json\/wp\/v2\/comments?post=461156"}],"version-history":[{"count":0,"href":"https:\/\/www.europesays.com\/es\/wp-json\/wp\/v2\/posts\/461156\/revisions"}],"wp:featuredmedia":[{"embeddable":true,"href":"https:\/\/www.europesays.com\/es\/wp-json\/wp\/v2\/media\/461157"}],"wp:attachment":[{"href":"https:\/\/www.europesays.com\/es\/wp-json\/wp\/v2\/media?parent=461156"}],"wp:term":[{"taxonomy":"category","embeddable":true,"href":"https:\/\/www.europesays.com\/es\/wp-json\/wp\/v2\/categories?post=461156"},{"taxonomy":"post_tag","embeddable":true,"href":"https:\/\/www.europesays.com\/es\/wp-json\/wp\/v2\/tags?post=461156"}],"curies":[{"name":"wp","href":"https:\/\/api.w.org\/{rel}","templated":true}]}}