{"id":462069,"date":"2026-03-23T16:38:10","date_gmt":"2026-03-23T16:38:10","guid":{"rendered":"https:\/\/www.europesays.com\/es\/462069\/"},"modified":"2026-03-23T16:38:10","modified_gmt":"2026-03-23T16:38:10","slug":"relacionan-sequia-y-resistencia-a-los-antibioticos-en-bacterias","status":"publish","type":"post","link":"https:\/\/www.europesays.com\/es\/462069\/","title":{"rendered":"Relacionan sequ\u00eda y resistencia a los antibi\u00f3ticos en bacterias"},"content":{"rendered":"<p>Este trabajo colaborativo entre centros de investigaci\u00f3n y universidades de California dirigido por la investigadora\u00a0Dianne\u00a0K.\u00a0Newmann\u00a0se centra en la relevancia de las sequ\u00edas en la generaci\u00f3n de bacteria resistentes a los antibi\u00f3ticos, el mayor problema sanitario al que se enfrenta la humanidad actualmente. El estudio se apoya en una combinaci\u00f3n excepcionalmente s\u00f3lida de datos y metodolog\u00edas, integrando metagen\u00f3mica a escala global, experimentaci\u00f3n en sistemas controlados y an\u00e1lisis epidemiol\u00f3gicos en m\u00e1s de 100 pa\u00edses, lo que le confiere una gran coherencia interna y externa. Uno de sus principales aciertos es ir m\u00e1s all\u00e1 de la cl\u00e1sica narrativa centrada en el uso cl\u00ednico de antibi\u00f3ticos, para demostrar que los cambios ambientales \u2014en este caso la sequ\u00eda\u2014 pueden actuar como un motor directo de la resistencia. De forma particularmente convincente, los autores muestran que la reducci\u00f3n del contenido de agua en el suelo concentra los antibi\u00f3ticos naturales, intensificando la presi\u00f3n selectiva y favoreciendo bacterias resistentes. Adem\u00e1s, la consistencia de los resultados en distintos ecosistemas y regiones, junto con la correlaci\u00f3n global entre aridez y resistencia en hospitales, sit\u00faa este trabajo como una aportaci\u00f3n innovadora que conecta ecolog\u00eda microbiana, cambio clim\u00e1tico y salud p\u00fablica, ampliando de forma significativa el marco conceptual existente.\u00a0<\/p>\n<p>La relevancia pr\u00e1ctica del trabajo es enorme, especialmente para pa\u00edses como Espa\u00f1a, donde el aumento de sequ\u00edas es ya una realidad. Este estudio refuerza la necesidad de abordar la resistencia antimicrobiana desde un enfoque\u00a0One\u00a0Health, que reconoce que la salud del ser humano es completamente dependiente de la salud de los animales y de la salud del medio ambiente, incorporando la gesti\u00f3n ambiental y clim\u00e1tica a este problema. En la pr\u00e1ctica, implica avanzar hacia pol\u00edticas que integren vigilancia ambiental de resistencias, uso prudente de antibi\u00f3ticos en todos los sectores y estrategias de adaptaci\u00f3n al cambio clim\u00e1tico, porque la lucha contra la resistencia ya no es solo cl\u00ednica, sino tambi\u00e9n ecol\u00f3gica.<\/p>\n","protected":false},"excerpt":{"rendered":"Este trabajo colaborativo entre centros de investigaci\u00f3n y universidades de California dirigido por la investigadora\u00a0Dianne\u00a0K.\u00a0Newmann\u00a0se centra en la&hellip;\n","protected":false},"author":2,"featured_media":462070,"comment_status":"","ping_status":"","sticky":false,"template":"","format":"standard","meta":{"footnotes":""},"categories":[92],"tags":[2215,25,24,165,24898,166,33579,23],"class_list":["post-462069","post","type-post","status-publish","format-standard","has-post-thumbnail","category-salud","tag-antibioticos","tag-es","tag-espana","tag-health","tag-microbiologia","tag-salud","tag-sequia","tag-spain"],"share_on_mastodon":{"url":"https:\/\/pubeurope.com\/@es\/116279476697284302","error":""},"_links":{"self":[{"href":"https:\/\/www.europesays.com\/es\/wp-json\/wp\/v2\/posts\/462069","targetHints":{"allow":["GET"]}}],"collection":[{"href":"https:\/\/www.europesays.com\/es\/wp-json\/wp\/v2\/posts"}],"about":[{"href":"https:\/\/www.europesays.com\/es\/wp-json\/wp\/v2\/types\/post"}],"author":[{"embeddable":true,"href":"https:\/\/www.europesays.com\/es\/wp-json\/wp\/v2\/users\/2"}],"replies":[{"embeddable":true,"href":"https:\/\/www.europesays.com\/es\/wp-json\/wp\/v2\/comments?post=462069"}],"version-history":[{"count":0,"href":"https:\/\/www.europesays.com\/es\/wp-json\/wp\/v2\/posts\/462069\/revisions"}],"wp:featuredmedia":[{"embeddable":true,"href":"https:\/\/www.europesays.com\/es\/wp-json\/wp\/v2\/media\/462070"}],"wp:attachment":[{"href":"https:\/\/www.europesays.com\/es\/wp-json\/wp\/v2\/media?parent=462069"}],"wp:term":[{"taxonomy":"category","embeddable":true,"href":"https:\/\/www.europesays.com\/es\/wp-json\/wp\/v2\/categories?post=462069"},{"taxonomy":"post_tag","embeddable":true,"href":"https:\/\/www.europesays.com\/es\/wp-json\/wp\/v2\/tags?post=462069"}],"curies":[{"name":"wp","href":"https:\/\/api.w.org\/{rel}","templated":true}]}}