{"id":462130,"date":"2026-03-23T17:29:14","date_gmt":"2026-03-23T17:29:14","guid":{"rendered":"https:\/\/www.europesays.com\/es\/462130\/"},"modified":"2026-03-23T17:29:14","modified_gmt":"2026-03-23T17:29:14","slug":"la-huelga-de-medicos-de-marzo-en-extremadura-cancela-mas-de-48-000-consultas-y-600-operaciones","status":"publish","type":"post","link":"https:\/\/www.europesays.com\/es\/462130\/","title":{"rendered":"La huelga de m\u00e9dicos de marzo en Extremadura cancela m\u00e1s de 48.000 consultas y 600 operaciones"},"content":{"rendered":"<p>La <a href=\"https:\/\/www.hoy.es\/extremadura\/medicos-extremenos-huelga-politico-podemos-trabajar-horas-20260318130802-nt.html\" target=\"_self\" data-voc-vtm-id=\"in-text-traffic\" title=\"huelga de m\u00e9dicos\" data-mrf-link=\"www.hoy.es\" rel=\"nofollow noopener\">huelga de m\u00e9dicos<\/a> de marzo contra el Estatuto Marco del Ministerio de Sanidad ha provocado la cancelaci\u00f3n de 48.713 consultas y 602  &#8230; intervenciones quir\u00fargicas en Extremadura, seg\u00fan el balance de la Consejer\u00eda de Salud en funciones.<\/p>\n<p class=\"v-p\">Es el tercer paro que los m\u00e9dicos extreme\u00f1os protagonizan desde el pasado mes de diciembre y, desde entonces, se han suspendido un total de 159.293 consultas y 1.618 operaciones en el SES, todas ellas no demorables ni urgentes, que han estado cubiertas por los servicios m\u00ednimos.<\/p>\n<p class=\"v-p\">En la <a href=\"https:\/\/www.hoy.es\/extremadura\/tercera-huelga-medicos-ano-empieza-seguimiento-extremadura-20260316175612-nt.html\" target=\"_self\" data-voc-vtm-id=\"in-text-traffic\" title=\"huelga del 16 20 al 20 de marzo\" data-mrf-link=\"www.hoy.es\" rel=\"nofollow noopener\">huelga del 16 20 al 20 de marzo<\/a> el seguimiento oscil\u00f3 entre el 18% y el 24%, una cifra similar a la de las anteriores protestas, aunque el Sindicato M\u00e9dico Independiente de Extremadura (Simex) eleva el apoyo por encima del 60%.<\/p>\n<p>\nLa consejera de Salud ha escrito a la ministra para pedirle que tome medidas ante \u00abeste conflicto nacional sin precedentes\u00bb\n<\/p>\n<p class=\"v-p\">Los facultativos ya han avanzado que continuar\u00e1n haciendo huelgas en los pr\u00f3ximos meses si no se abre la negociaci\u00f3n con el Ministerio y se producen cambios que atiendan sus reivindicaciones para lograr mejoras laborales. Los paros est\u00e1n previstos del 27 al 30 de abril, del 18 al 22 de mayo y del 15 al 19 de junio.<\/p>\n<p class=\"v-p\">Ante esta situaci\u00f3n, la consejera de Salud en funciones, Sara Garc\u00eda Espada, ha escrito este lunes a la ministra de Sanidad, M\u00f3nica Garc\u00eda, para pedirle de forma expresa que en el Consejo Interterritorial del pr\u00f3ximo viernes se incluya como punto inicial del orden del d\u00eda el impacto de la huelga y la toma de medidas para \u00abeste conflicto nacional sin precedentes\u00bb. Insta as\u00ed a que \u00abtiene que resolverse sin m\u00e1s dilaci\u00f3n porque est\u00e1 impactando en los profesionales y en los usuarios\u00bb. Insiste en que \u00abhay que tomar decisiones y parece que el Ministerio no est\u00e1 dispuesto\u00bb.<\/p>\n<p class=\"v-p\">Es una petici\u00f3n que, adem\u00e1s de Extremadura, han hecho otras comunidades. El Ministerio ya ha indicado que en ese encuentro se tratar\u00e1n con car\u00e1cter monogr\u00e1fico las movilizaciones de los facultativos.<\/p>\n<p class=\"v-p\">El comit\u00e9 de huelga, integrado por la Confederaci\u00f3n Espa\u00f1ola de Sindicatos M\u00e9dicos, el Sindicato M\u00e9dico Andaluz, Metges de Catalunya, la Asociaci\u00f3n de M\u00e9dicos y Titulados Superiores de Madrid, el Sindicato M\u00e9dico de Euskadi y el Sindicato de Facultativos de Galicia Independientes, promete que no van a parar hasta conseguir una norma propia que regule las <a href=\"https:\/\/www.hoy.es\/extremadura\/reivindicaciones-medicos-iran-huelga-extremadura-20251209131729-nt.html\" target=\"_self\" data-voc-vtm-id=\"in-text-traffic\" title=\"condiciones laborales\" data-mrf-link=\"www.hoy.es\" rel=\"nofollow noopener\">condiciones laborales<\/a> espec\u00edficas que el personal facultativo reivindica. <\/p>\n<p class=\"v-p\">Piden una nueva categor\u00eda profesional denominada A1+ acorde a su formaci\u00f3n acad\u00e9mica y responsabilidad profesional, jornadas laborales de 35 horas y que cualquier exceso que supere ese l\u00edmite sea voluntario, pactado y retribuido de forma espec\u00edfica con unas garant\u00edas de descanso y conciliaci\u00f3n, o que los excesos horarios se tengan en cuenta en su jubilaci\u00f3n.<\/p>\n<p class=\"v-p\">La huelga de marzo ha sido m\u00e1s tensa que las anteriores porque la ministra M\u00f3nica Garc\u00eda ha acusado a los m\u00e9dicos de utilizar como \u00abrehenes\u00bb a los pacientes y asegura que las protestas tienen \u00abmotivaciones pol\u00edticas\u00bb, algo que niegan los facultativos y, de hecho, en las manifestaciones en Extremadura han indicado que no necesiten que les abandere ning\u00fan partido, afirmaciones que han realizado ante la presencia de participantes en las protestas de dirigentes del PP y Vox.<\/p>\n<p class=\"v-p\">Desde las movilizaciones celebradas en febrero, el comit\u00e9 de huelga asegura que no ha habido \u00abcontactos formales\u00bb con el Ministerio de Sanidad, mientras que la ministra M\u00f3nica Garc\u00eda se ha dirigido a las organizaciones sindicales a trav\u00e9s de declaraciones a los medios y ha tratado de paralizar las huelgas mediante un acuerdo alcanzado el pasado 4 de marzo con el Foro de la Profesi\u00f3n M\u00e9dica.<\/p>\n<p class=\"v-p\">Sin embargo, el comit\u00e9 de huelga sostiene que ese acuerdo \u00abno existe\u00bb como tal y que se trata \u00fanicamente de una \u00abpropuesta\u00bb. Adem\u00e1s, subraya que, en caso de haberse firmado, \u00abcarecer\u00eda de valor jur\u00eddico\u00bb.<\/p>\n<p class=\"v-p\">El Ministerio defiende las mejoras laborales de su propuesta, entre ellas, que limita la jornada a 45 horas semanales y reduce las guardias de 24 a 17, e insiste en que el nuevo estatuto recoge un cap\u00edtulo dedicado a la profesi\u00f3n m\u00e9dica.<\/p>\n","protected":false},"excerpt":{"rendered":"La huelga de m\u00e9dicos de marzo contra el Estatuto Marco del Ministerio de Sanidad ha provocado la cancelaci\u00f3n&hellip;\n","protected":false},"author":2,"featured_media":462131,"comment_status":"","ping_status":"","sticky":false,"template":"","format":"standard","meta":{"footnotes":""},"categories":[8],"tags":[95466,38579,17,18,13639,18732,25,24,7234,13,14,11,13181,19,20,15094,6016,9,10,15,16,19368,23,12,21,22],"class_list":["post-462130","post","type-post","status-publish","format-standard","has-post-thumbnail","category-espana","tag-95466","tag-38579","tag-breaking-news","tag-breakingnews","tag-cancela","tag-consultas","tag-es","tag-espana","tag-extremadura","tag-featured-news","tag-featurednews","tag-headlines","tag-huelga","tag-latest-news","tag-latestnews","tag-marzo","tag-medicos","tag-news","tag-noticias","tag-noticias-destacadas","tag-noticiasdestacadas","tag-operaciones","tag-spain","tag-titulares","tag-ultimas-noticias","tag-ultimasnoticias"],"share_on_mastodon":{"url":"https:\/\/pubeurope.com\/@es\/116279677149148431","error":""},"_links":{"self":[{"href":"https:\/\/www.europesays.com\/es\/wp-json\/wp\/v2\/posts\/462130","targetHints":{"allow":["GET"]}}],"collection":[{"href":"https:\/\/www.europesays.com\/es\/wp-json\/wp\/v2\/posts"}],"about":[{"href":"https:\/\/www.europesays.com\/es\/wp-json\/wp\/v2\/types\/post"}],"author":[{"embeddable":true,"href":"https:\/\/www.europesays.com\/es\/wp-json\/wp\/v2\/users\/2"}],"replies":[{"embeddable":true,"href":"https:\/\/www.europesays.com\/es\/wp-json\/wp\/v2\/comments?post=462130"}],"version-history":[{"count":0,"href":"https:\/\/www.europesays.com\/es\/wp-json\/wp\/v2\/posts\/462130\/revisions"}],"wp:featuredmedia":[{"embeddable":true,"href":"https:\/\/www.europesays.com\/es\/wp-json\/wp\/v2\/media\/462131"}],"wp:attachment":[{"href":"https:\/\/www.europesays.com\/es\/wp-json\/wp\/v2\/media?parent=462130"}],"wp:term":[{"taxonomy":"category","embeddable":true,"href":"https:\/\/www.europesays.com\/es\/wp-json\/wp\/v2\/categories?post=462130"},{"taxonomy":"post_tag","embeddable":true,"href":"https:\/\/www.europesays.com\/es\/wp-json\/wp\/v2\/tags?post=462130"}],"curies":[{"name":"wp","href":"https:\/\/api.w.org\/{rel}","templated":true}]}}