{"id":462341,"date":"2026-03-23T20:09:11","date_gmt":"2026-03-23T20:09:11","guid":{"rendered":"https:\/\/www.europesays.com\/es\/462341\/"},"modified":"2026-03-23T20:09:11","modified_gmt":"2026-03-23T20:09:11","slug":"el-acuerdo-comercial-de-la-ue-con-mercosur-entrara-en-vigor-de-forma-provisional-el-proximo-1-de-mayo-economia","status":"publish","type":"post","link":"https:\/\/www.europesays.com\/es\/462341\/","title":{"rendered":"El acuerdo comercial de la UE con Mercosur entrar\u00e1 en vigor de forma provisional el pr\u00f3ximo 1 de mayo | Econom\u00eda"},"content":{"rendered":"<p class=\"\">M\u00e1s de 25 a\u00f1os de negociaciones desembocar\u00e1n el pr\u00f3ximo 1 de mayo en la entrada en vigor provisional del acuerdo comercial entre la Uni\u00f3n Europea y Mercosur. <a href=\"https:\/\/elpais.com\/argentina\/2026-03-13\/socios-de-mercosur-piden-integracion-interna-ante-la-entrada-en-vigor-del-acuerdo-con-la-ue.html\" target=\"_self\" rel=\"nofollow noopener\" title=\"https:\/\/elpais.com\/argentina\/2026-03-13\/socios-de-mercosur-piden-integracion-interna-ante-la-entrada-en-vigor-del-acuerdo-con-la-ue.html\">Despu\u00e9s de la ratificaci\u00f3n de Uruguay y Argentina \u2212posteriormente lleg\u00f3 la de Brasil y Paraguay<\/a>, los otros dos miembros del bloque latinoamericano\u2212 y la decisi\u00f3n de la Comisi\u00f3n Europea de ponerlo en marcha de forma interina, solo faltaba que se cumplieran unos tr\u00e1mites oficiales. Ya se han cumplido y el pacto se activar\u00e1 en poco m\u00e1s de un mes, seg\u00fan la Comisi\u00f3n Europea.<\/p>\n<p class=\"\">Dice el texto pactado que el acuerdo ten\u00eda que entrar en vigor el primer d\u00eda del segundo mes posterior a que las dos partes se hubieran comunicado oficialmente que estaban listas para dar el paso. Todos estos procesos se han ido cumpliendo y este lunes se han completado con el env\u00edo por parte del Ejecutivo de la UE de la llamada \u201cnota verbal\u201d a los pa\u00edses sudamericanos. \u201cLa aplicaci\u00f3n provisional garantiza la eliminaci\u00f3n de los aranceles sobre determinados productos desde el primer d\u00eda\u201d, ha anunciado Bruselas. <\/p>\n<p class=\"\">La entrada en vigor provisional tiene mucho de simb\u00f3lico en un momento en que Europa quiere estrechar lazos comerciales con otros territorios del mundo ante el repliegue estadounidense. Pero eso <a href=\"https:\/\/elpais.com\/economia\/2026-02-28\/el-largo-camino-para-que-el-acuerdo-comercial-ue-mercosur-pase-de-la-aplicacion-provisional-a-la-definitiva.html\" target=\"_self\" rel=\"nofollow noopener\" title=\"https:\/\/elpais.com\/economia\/2026-02-28\/el-largo-camino-para-que-el-acuerdo-comercial-ue-mercosur-pase-de-la-aplicacion-provisional-a-la-definitiva.html\">no implica que, por parte de la UE, se hayan dado todos los pasos para que el pacto est\u00e9 plenamente consolidado.<\/a> De hecho, la ratificaci\u00f3n del Parlamento Europeo est\u00e1 paralizada hasta que el Tribunal de Justicia de la UE se pronuncie sobre las dudas jur\u00eddicas que elevaron los eurodiputados el pasado enero. En principio hay pocas dudas en Bruselas de que los jueces de Luxemburgo fallar\u00e1n en favor de la legalidad del acuerdo, como ha sucedido en otras ocasiones. Entonces tendr\u00e1 que retomarse el proceso de ratificaci\u00f3n parlamentaria que se presume muy ajustado, como ya demostr\u00f3 la elevaci\u00f3n de la dudas jur\u00eddicas al tribunal europeo, un movimiento que muchos, entre ellos el comisario de Comercio, Maros Sefcovic, vieron como una t\u00e1ctica dilatoria de quienes rechazan el acuerdo comercial con Mercosur. <\/p>\n<blockquote class=\"twitter-tweet\">\n<p lang=\"en\" dir=\"ltr\">Formal notification: A key step in proving our credibility as a trading partner. Now we must turn the \ud83c\uddea\ud83c\uddfa <a href=\"https:\/\/twitter.com\/mercosur?ref_src=twsrc%5Etfw\" rel=\"nofollow noopener\" target=\"_blank\">@mercosur<\/a> deal into real outcomes, boosting trade, growth, jobs. Provisional application from May gets us moving while we complete democratic steps. \ud83d\udc49 <a href=\"https:\/\/t.co\/epHGJDQGaE\" rel=\"nofollow\">https:\/\/t.co\/epHGJDQGaE<\/a> <a href=\"https:\/\/t.co\/h43fmVKxFn\" rel=\"nofollow\">pic.twitter.com\/h43fmVKxFn<\/a><\/p>\n<p>\u2014 Maro\u0161 \u0160ef\u010dovi\u010d\ud83c\uddea\ud83c\uddfa (@MarosSefcovic) <a href=\"https:\/\/twitter.com\/MarosSefcovic\/status\/2036062196988354628?ref_src=twsrc%5Etfw\" rel=\"nofollow noopener\" target=\"_blank\">March 23, 2026<\/a><\/p><\/blockquote>\n<p class=\"\">\u201cDamos un paso importante para demostrar nuestra credibilidad como socio comercial de primer orden. La prioridad ahora es convertir este acuerdo UE-Mercosur en resultados concretos, proporcionando a los exportadores de la UE la plataforma que necesitan para aprovechar nuevas oportunidades de comercio, crecimiento y empleo. La aplicaci\u00f3n provisional nos permitir\u00e1 empezar a cumplir esa promesa. Espero con inter\u00e9s que este acuerdo alcance su pleno potencial, fortaleciendo nuestra econom\u00eda y reforzando nuestra posici\u00f3n en el comercio mundial, mientras completamos todos los procedimientos democr\u00e1ticos\u201d, ha declarado Sefcovic. <\/p>\n<p class=\"\">La firma de acuerdos comerciales se ha convertido en una de las prioridades de la Comisi\u00f3n Europea desde que estuvo claro el regreso a la Casa Blanca de Donald Trump a finales de 2024. El resultado electoral estadounidense fue clave para impulsar los \u00faltimos compases de la negociaci\u00f3n entre Bruselas y el bloque sudamericano, pero tambi\u00e9n lo ha sido para que se alcancen acuerdos con la India, Indonesia, M\u00e9xico, Singapur o Corea del Sur.<\/p>\n<p class=\"\">Precisamente este lunes, la presidenta de la Comisi\u00f3n Europea, Ursula von der Leyen, est\u00e1 en Australia tratando de cerrar otro pacto comercial. Este acuerdo, si se alcanza, es un ejemplo claro de c\u00f3mo ha cambiado el escenario comercial y geopol\u00edtico con el segundo mandato de Trump. En 2023 la UE y Australia no fueron capaces de alcanzar un punto de encuentro por las exigencias agr\u00edcolas australianas y la negativa europea. Dos a\u00f1os y medio despu\u00e9s, Camberra parece estar rebajando esas demandas y Bruselas est\u00e1 dispuesta a aceptar cesiones. Es decir, el impacto de lo que sucede en Estados Unidos no solo ha ablandado posiciones negociadoras en Europa, tambi\u00e9n lo ha hecho en otros lugares del mundo. <\/p>\n<p><script async src=\"https:\/\/platform.twitter.com\/widgets.js\" charset=\"utf-8\"><\/script><\/p>\n","protected":false},"excerpt":{"rendered":"M\u00e1s de 25 a\u00f1os de negociaciones desembocar\u00e1n el pr\u00f3ximo 1 de mayo en la entrada en vigor provisional&hellip;\n","protected":false},"author":2,"featured_media":462342,"comment_status":"","ping_status":"","sticky":false,"template":"","format":"standard","meta":{"footnotes":""},"categories":[42],"tags":[4135,17,18,3903,5853,95,629,700,13,14,11,61,62,63,64,19,20,28069,9,10,15,16,12,21,22,1617,65,66,67],"class_list":["post-462341","post","type-post","status-publish","format-standard","has-post-thumbnail","category-internacional","tag-aranceles","tag-breaking-news","tag-breakingnews","tag-comercio","tag-comercio-internacional","tag-economia","tag-estados-unidos","tag-europa","tag-featured-news","tag-featurednews","tag-headlines","tag-internacional","tag-international","tag-international-news","tag-internationalnews","tag-latest-news","tag-latestnews","tag-mercosur","tag-news","tag-noticias","tag-noticias-destacadas","tag-noticiasdestacadas","tag-titulares","tag-ultimas-noticias","tag-ultimasnoticias","tag-union-europea","tag-world","tag-world-news","tag-worldnews"],"share_on_mastodon":{"url":"","error":"Validation failed: Text character limit of 500 exceeded"},"_links":{"self":[{"href":"https:\/\/www.europesays.com\/es\/wp-json\/wp\/v2\/posts\/462341","targetHints":{"allow":["GET"]}}],"collection":[{"href":"https:\/\/www.europesays.com\/es\/wp-json\/wp\/v2\/posts"}],"about":[{"href":"https:\/\/www.europesays.com\/es\/wp-json\/wp\/v2\/types\/post"}],"author":[{"embeddable":true,"href":"https:\/\/www.europesays.com\/es\/wp-json\/wp\/v2\/users\/2"}],"replies":[{"embeddable":true,"href":"https:\/\/www.europesays.com\/es\/wp-json\/wp\/v2\/comments?post=462341"}],"version-history":[{"count":0,"href":"https:\/\/www.europesays.com\/es\/wp-json\/wp\/v2\/posts\/462341\/revisions"}],"wp:featuredmedia":[{"embeddable":true,"href":"https:\/\/www.europesays.com\/es\/wp-json\/wp\/v2\/media\/462342"}],"wp:attachment":[{"href":"https:\/\/www.europesays.com\/es\/wp-json\/wp\/v2\/media?parent=462341"}],"wp:term":[{"taxonomy":"category","embeddable":true,"href":"https:\/\/www.europesays.com\/es\/wp-json\/wp\/v2\/categories?post=462341"},{"taxonomy":"post_tag","embeddable":true,"href":"https:\/\/www.europesays.com\/es\/wp-json\/wp\/v2\/tags?post=462341"}],"curies":[{"name":"wp","href":"https:\/\/api.w.org\/{rel}","templated":true}]}}