{"id":462671,"date":"2026-03-24T00:15:12","date_gmt":"2026-03-24T00:15:12","guid":{"rendered":"https:\/\/www.europesays.com\/es\/462671\/"},"modified":"2026-03-24T00:15:12","modified_gmt":"2026-03-24T00:15:12","slug":"a-mi-ex-la-respeto-y-le-soy-leal","status":"publish","type":"post","link":"https:\/\/www.europesays.com\/es\/462671\/","title":{"rendered":"A mi ex la respeto y le soy leal"},"content":{"rendered":"<p class=\"c-paragraph\">Arkano no atraviesa su mejor momento en el panorama sentimental. El rapero ha confirmado la <b>ruptura con su novia Miriam <\/b>durante una batalla de rap durante su participaci\u00f3n en la Freestyle Master Series Espa\u00f1a 2025\/2026, conocida como FMS.<\/p>\n<p class=\"c-paragraph\">Fue el pasado domingo cuando el freestyler se bati\u00f3 en duelo con Sweet Pain.\u00a0\u00ab<b>Se ve que en su cama han cambiado algo m\u00e1s que peluches\u00bb<\/b>, expres\u00f3 su rival en una de sus intervenciones, haciendo alusi\u00f3n a la separaci\u00f3n.<\/p>\n<p class=\"c-paragraph\">En su r\u00e9plica, el que fuera concursante de Supervivientes\u00a0no ha dudado en responder a su contrincante y confirmar as\u00ed su ruptura. \u00abHabla de mi ex y eso es profundo;<b> yo la respeto, aunque no estemos junto<\/b>s\u00bb, apunt\u00f3 en una primera instancia.<\/p>\n<p class=\"c-paragraph\">\u00ab<b>A mi exnovia yo le soy leal, algo que t\u00fa no eres con tu mujer actual\u00bb, <\/b>a\u00f1adi\u00f3 a su alegato, que concluy\u00f3 con lo siguiente: \u00ab<b\/>\u00bfQu\u00e9 me cuentas de mi ex, si en realidad sabes que lo voy a perder? El dolor m\u00e1s dulce es el ajeno\u00bb.<\/p>\n<p class=\"c-paragraph\">Tras esta confirmaci\u00f3n, el artista no ha ofrecido m\u00e1s declaraciones al respecto sobre su ruptura con Miriam. Una de las \u00faltimas publicaciones juntos se encuentra en el perfil de Instagram de ella y su fecha es de <b>noviembre de 2025.<\/b><\/p>\n<p class=\"c-paragraph\">El post en cuesti\u00f3n es un v\u00eddeo en el que ella se graba entre el p\u00fablico de una de las competiciones de \u00e9l, a la cual asisti\u00f3 para apoyarle. \u00ab<b>Orgullosa de lo que estamos construyendo<\/b>\u00ab, fue el texto que a\u00f1adi\u00f3 para acompa\u00f1ar la secuencia.<\/p>\n","protected":false},"excerpt":{"rendered":"Arkano no atraviesa su mejor momento en el panorama sentimental. El rapero ha confirmado la ruptura con su&hellip;\n","protected":false},"author":2,"featured_media":462672,"comment_status":"","ping_status":"","sticky":false,"template":"","format":"standard","meta":{"footnotes":""},"categories":[170],"tags":[1733,676,146,147,25,24,184,185,6270,213,24555,23],"class_list":["post-462671","post","type-post","status-publish","format-standard","has-post-thumbnail","category-musica","tag-amor","tag-arkano","tag-entertainment","tag-entretenimiento","tag-es","tag-espana","tag-music","tag-musica","tag-novia","tag-rap","tag-ruptura","tag-spain"],"share_on_mastodon":{"url":"https:\/\/pubeurope.com\/@es\/116281273616409553","error":""},"_links":{"self":[{"href":"https:\/\/www.europesays.com\/es\/wp-json\/wp\/v2\/posts\/462671","targetHints":{"allow":["GET"]}}],"collection":[{"href":"https:\/\/www.europesays.com\/es\/wp-json\/wp\/v2\/posts"}],"about":[{"href":"https:\/\/www.europesays.com\/es\/wp-json\/wp\/v2\/types\/post"}],"author":[{"embeddable":true,"href":"https:\/\/www.europesays.com\/es\/wp-json\/wp\/v2\/users\/2"}],"replies":[{"embeddable":true,"href":"https:\/\/www.europesays.com\/es\/wp-json\/wp\/v2\/comments?post=462671"}],"version-history":[{"count":0,"href":"https:\/\/www.europesays.com\/es\/wp-json\/wp\/v2\/posts\/462671\/revisions"}],"wp:featuredmedia":[{"embeddable":true,"href":"https:\/\/www.europesays.com\/es\/wp-json\/wp\/v2\/media\/462672"}],"wp:attachment":[{"href":"https:\/\/www.europesays.com\/es\/wp-json\/wp\/v2\/media?parent=462671"}],"wp:term":[{"taxonomy":"category","embeddable":true,"href":"https:\/\/www.europesays.com\/es\/wp-json\/wp\/v2\/categories?post=462671"},{"taxonomy":"post_tag","embeddable":true,"href":"https:\/\/www.europesays.com\/es\/wp-json\/wp\/v2\/tags?post=462671"}],"curies":[{"name":"wp","href":"https:\/\/api.w.org\/{rel}","templated":true}]}}