{"id":462743,"date":"2026-03-24T01:06:10","date_gmt":"2026-03-24T01:06:10","guid":{"rendered":"https:\/\/www.europesays.com\/es\/462743\/"},"modified":"2026-03-24T01:06:10","modified_gmt":"2026-03-24T01:06:10","slug":"cientificos-descubren-que-la-tierra-ha-perdido-su-estabilidad-natural-y-las-estaciones-se-estan-desplazando","status":"publish","type":"post","link":"https:\/\/www.europesays.com\/es\/462743\/","title":{"rendered":"Cient\u00edficos descubren que la Tierra ha perdido su estabilidad natural y las estaciones se est\u00e1n \u00abdesplazando\u00bb"},"content":{"rendered":"<p class=\"c-paragraph\">Cient\u00edficos han descubierto que la estabilidad natural de las <a href=\"https:\/\/computerhoy.20minutos.es\/recomendados\/estaciones-climatologicas-debes-tener-cuenta-cuales-son-mejores-1421180\" title=\"Estaciones climatol\u00f3gicas: qu\u00e9 debes tener en cuenta y cu\u00e1les son las mejores\" rel=\"nofollow noopener\" target=\"_blank\">estaciones climatol\u00f3gicas<\/a> est\u00e1 desvaneci\u00e9ndose. Ya no se limitan a adelantar o retrasarse unas semanas, sino que se fragmentan, se desplazan y se vuelven distintas en zonas muy pr\u00f3ximas.\u00a0\u00a0<\/p>\n<p class=\"c-paragraph\">Gracias a dos d\u00e9cadas de <a href=\"https:\/\/computerhoy.20minutos.es\/ciencia\/satelite-noaa-captura-dia-completo-impresionante-panoramica-tierra-1179696\" title=\"Esta es la impresionante foto panor\u00e1mica de un d\u00eda completo en la Tierra hecha por el sat\u00e9lite NOAA\" rel=\"nofollow noopener\" target=\"_blank\">datos de sat\u00e9lite<\/a> sobre vegetaci\u00f3n y clima, se observ\u00f3 un planeta donde el calendario de primaveras, veranos, oto\u00f1os e inviernos deja de ser homog\u00e9neo, con consecuencias directas en agricultura, biodiversidad y en la forma en que las sociedades organizan el tiempo.<\/p>\n<p>Un planeta que se ha desincronizado<\/p>\n<p class=\"c-paragraph\">Hasta ahora, se asum\u00eda que las estaciones marcaban bloques de tiempo relativamente previsibles en cada latitud y cada regi\u00f3n. Un ciclo casi coreografiado por la inclinaci\u00f3n del eje terrestre y la traslaci\u00f3n alrededor del Sol.\u00a0 <\/p>\n<p class=\"c-paragraph\"><b>Los nuevos an\u00e1lisis muestran, sin embargo, que ese ritmo se ha vuelto m\u00e1s irregular y m\u00e1s local<\/b>. En algunos lugares, <a href=\"https:\/\/computerhoy.20minutos.es\/life\/febrero-nueva-primavera-ha-marcado-nuevo-record-temperatura-1371180\" title=\"Febrero es la nueva primavera: ha marcado un nuevo r\u00e9cord de temperatura\" rel=\"nofollow noopener\" target=\"_blank\">la primavera se adelanta varias semanas<\/a>; en otros, el verano se alarga y el invierno dura menos.\u00a0 <\/p>\n<p class=\"c-paragraph\">Y en zonas colindantes, los ecosistemas reaccionan a la vez a est\u00edmulos clim\u00e1ticos distintos, como si cada valle, ciudad o reservorio tuviera su propio calendario interno.<\/p>\n<p class=\"c-paragraph\">Ese desplazamiento de las estaciones no solo se mide en d\u00edas, sino en patrones de crecimiento vegetal, floraci\u00f3n, migraciones de aves, extensi\u00f3n de la nieve o intensidad de las lluvias.\u00a0 <\/p>\n<p class=\"c-paragraph\"><b>Lo que antes era un conjunto de cuatro tiempos climatol\u00f3gicos claramente distinguibles se est\u00e1 transformando en un mosaico de mini estaciones<\/b>, donde un mismo fen\u00f3meno clim\u00e1tico no coincide espacialmente ni temporalmente en lugares cercanos.<\/p>\n<p class=\"c-paragraph\">Durante alrededor de veinte a\u00f1os, sat\u00e9lites han medido con regularidad el \u00edndice de vegetaci\u00f3n y de reflectividad de la superficie, lo que permite reconstruir el pulso de cada ecosistema: cu\u00e1ndo entra en crecimiento, en m\u00e1ximo y en reposo.\u00a0 <\/p>\n<p class=\"c-paragraph\">Con esa informaci\u00f3n, los investigadores han construido <a href=\"https:\/\/computerhoy.20minutos.es\/life\/mapa-nuevas-maravillas-mundo-moderno-cada-pais-1311172\" title=\"El mapa de las nuevas maravillas del mundo moderno, una por cada pa\u00eds\" rel=\"nofollow noopener\" target=\"_blank\">mapas globales<\/a> donde se observan zonas de alta desincronizaci\u00f3n, especialmente en latitudes medias y en regiones de alta biodiversidad, donde el cambio de patr\u00f3n resulta m\u00e1s sensible y m\u00e1s peligroso.<\/p>\n<p class=\"c-paragraph\">En muchos de estos mapas, <b>se aprecia un adelanto de la primavera verde, un verano m\u00e1s largo y un invierno m\u00e1s corto en zonas templadas<\/b>, con un patr\u00f3n claro de inviernos menos intensos pero puntuados por episodios de fr\u00edo o de <a href=\"https:\/\/www.20minutos.es\/nacional\/olas-calor-duplican-ultimos-25-anos-2050-40-dias-calor-extremo-ano_6235219_0.html\" title=\"Las olas de calor se duplican en los \u00faltimos 25 a\u00f1os: &quot;Para 2050 podr\u00edamos tener 40 d\u00edas m\u00e1s de calor extremo al a\u00f1o&quot;\" rel=\"nofollow noopener\" target=\"_blank\">calor extremos<\/a>.\u00a0 <\/p>\n<p class=\"c-paragraph\">Adem\u00e1s, se observa que la estacionalidad de la vegetaci\u00f3n y del clima se rompe en escalas menores. Es decir, zonas muy pr\u00f3ximas tienden a reaccionar de forma dispar a la misma tendencia de calentamiento, lo que genera un paisaje temporal fragmentado.<\/p>\n<p>De las estaciones cl\u00e1sicas a las artificiales<\/p>\n<p class=\"c-paragraph\">Cabe se\u00f1alar que, junto a la desincronizaci\u00f3n natural, los estudios se\u00f1alan el surgimiento de nuevas estaciones creadas en buena medida por la actividad humana.\u00a0 <\/p>\n<p class=\"c-paragraph\">En el sudeste asi\u00e1tico, por ejemplo, una combinaci\u00f3n de quemas de bosque, agricultura y patrones de viento ha generado una estaci\u00f3n de niebla t\u00f3xica anual, que se repite de forma casi predecible en varias regiones y se ha convertido en parte del calendario ambiental de sus habitantes.\u00a0 <\/p>\n<p class=\"c-paragraph\">En el sur de Indonesia, la acumulaci\u00f3n de <a href=\"https:\/\/computerhoy.20minutos.es\/noticias\/life\/todo-plastico-flota-ahora-mismo-mediterraneo-952839\" title=\"Este es todo el pl\u00e1stico que flota ahora mismo en el Mediterr\u00e1neo\" rel=\"nofollow noopener\" target=\"_blank\">pl\u00e1sticos en playas<\/a> se ha consolidado en una estaci\u00f3n de basura, que se repite entre los meses de noviembre y marzo, con corrientes y mareas que dejan tras de s\u00ed cantidades importantes de residuos cada a\u00f1o.<\/p>\n<p class=\"c-paragraph\">Por otro lado, en el norte de Tailandia, la combinaci\u00f3n de embalses, cambios en el patr\u00f3n de lluvias y quemas controladas ha alargado los periodos de sequ\u00eda, concentrado la lluvia en episodios m\u00e1s intensos y generado temporadas de incendios y humo que se han integrado en el calendario agr\u00edcola y de gesti\u00f3n h\u00eddrica local.\u00a0 <\/p>\n<p class=\"c-paragraph\">Estos fen\u00f3menos no son simples episodios espor\u00e1dicos, sino bloques temporales casi regulares, predecibles y recurrentes, que funcionan como nuevas estaciones en el d\u00eda a d\u00eda de la poblaci\u00f3n afectada.<\/p>\n<p class=\"c-paragraph\">El cambio de ritmo estacional tiene un impacto directo en la vida silvestre. Plantas y animales basan su reproducci\u00f3n, migraci\u00f3n o alimentaci\u00f3n en se\u00f1ales de temperatura, luz y precipitaci\u00f3n que se est\u00e1n desplazando o volviendo m\u00e1s err\u00e1ticas.\u00a0 <\/p>\n<p class=\"c-paragraph\">En muchos ecosistemas, flores que antes coincid\u00edan con la llegada de polinizadores ahora se adelantan o retrasan lo suficiente como para que la polinizaci\u00f3n quede incompleta, lo que afecta a la producci\u00f3n de semillas y a la supervivencia de especies dependientes.\u00a0 <\/p>\n<p class=\"c-paragraph\">Aves que migran en fechas concretas pueden encontrarse con falta de alimento o de condiciones clim\u00e1ticas adecuadas, debilitando poblaciones enteras.<\/p>\n<p class=\"c-paragraph\">En el \u00e1mbito agr\u00edcola, el problema es de planificaci\u00f3n y riesgo, donde muchas campa\u00f1as agr\u00edcolas, pesqueras o forestales se organizan en torno a estaciones estables.\u00a0 <\/p>\n<p class=\"c-paragraph\">Siembra, trilla, cosecha, pesca o aprovechamiento de agua superficial responden a calendarios que asumen un patr\u00f3n de lluvias y temperaturas relativamente constante.\u00a0 <\/p>\n<p class=\"c-paragraph\">Cuando esos patrones se desplazan, <a href=\"https:\/\/computerhoy.20minutos.es\/tecnologia\/ocurriria-polos-terrestres-invirtieran-respuesta-ia-chatgpt-no-te-dejara-dormir-1471809\" title=\"\u00bfQu\u00e9 ocurrir\u00eda si los polos terrestres se invirtieran? La respuesta de la IA de ChatGPT no te dejar\u00e1 dormir\" rel=\"nofollow noopener\" target=\"_blank\">se fragmentan o se vuelven m\u00e1s extremos<\/a>, aumenta la probabilidad de p\u00e9rdidas, plagas, sequ\u00edas o inundaciones que afectan a la seguridad alimentaria y al ingreso de comunidades rurales.\u00a0 <\/p>\n<p class=\"c-paragraph\">Adem\u00e1s, muchos modelos de gesti\u00f3n de recursos h\u00eddricos y de riesgos clim\u00e1ticos siguen asumiendo estaciones r\u00edgidas, por lo que se quedan cortos al prever fen\u00f3menos ligados a estos nuevos patrones estacionales.<\/p>\n<p>Las ciudades y la salud frente a nuevas estaciones de riesgo<\/p>\n<p class=\"c-paragraph\">Es importante mencionar que el desplazamiento de las estaciones tambi\u00e9n se traduce en nuevos <a href=\"https:\/\/computerhoy.20minutos.es\/internet\/internet-peligros-salud-di-adios-doctor-google-1289350\" title=\"Internet y los peligros para tu salud: di adi\u00f3s al Doctor Google\" rel=\"nofollow noopener\" target=\"_blank\">riesgos para la salud<\/a> en entornos urbanos.\u00a0 <\/p>\n<p class=\"c-paragraph\">En zonas donde se repite una \u00e9poca de niebla t\u00f3xica, aumentan los problemas respiratorios, las <a href=\"https:\/\/computerhoy.20minutos.es\/noticias\/life\/factores-riesgo-enfermedades-cardiacas-como-controlarlos-292771\" title=\"Factores de riesgo para las enfermedades card\u00edacas y c\u00f3mo controlarlos\" rel=\"nofollow noopener\" target=\"_blank\">enfermedades cardiovasculares<\/a>, as\u00ed como la presi\u00f3n sobre los sistemas sanitarios durante esos meses, sin que la planificaci\u00f3n p\u00fablica est\u00e9 pensada para esa temporalidad artificial.\u00a0 <\/p>\n<p class=\"c-paragraph\">Del mismo modo, <b>periodos de calor extremo m\u00e1s largos o m\u00e1s precoces pueden generar oleadas de calor en fechas menos habituales<\/b>, poniendo a prueba sistemas de alerta y a personas mayores o vulnerables que no esperan esas condiciones tan temprano en el a\u00f1o.<\/p>\n<p class=\"c-paragraph\">Para la ciudadan\u00eda, esto significa que la idea de estaci\u00f3n segura se vuelve m\u00e1s difusa. El invierno parece m\u00e1s suave, pero puede traer picos de fr\u00edo intenso.<\/p>\n<p class=\"c-paragraph\">Por otro lado, el verano se alarga, pero con episodios de calor extremo que se repiten a\u00f1o tras a\u00f1o; y nuevas temporadas de contaminaci\u00f3n, humo o sequ\u00eda se consolidan en el calendario sin que existan estrategias espec\u00edficas para esas nuevas estaciones de riesgo.<\/p>\n<p>Un calendario natural en transici\u00f3n<\/p>\n<p class=\"c-paragraph\">El hallazgo de que <a href=\"https:\/\/computerhoy.20minutos.es\/ciencia\/que-pasaria-tierra-deja-girar-1242726\" title=\"\u00bfQu\u00e9 pasar\u00eda si la Tierra dejase de girar?\" rel=\"nofollow noopener\" target=\"_blank\">la Tierra<\/a> est\u00e1 perdiendo la estabilidad de sus estaciones no implica que el planeta se vuelva ca\u00f3tico, sino que el calendario natural con el que se han organizado ecosistemas durante siglos pasa a ser m\u00e1s fr\u00e1gil, m\u00e1s fragmentado y m\u00e1s local.\u00a0 <\/p>\n<p class=\"c-paragraph\">La estabilidad se desplaza de la escala global a la escala regional o incluso local, y se entremezcla con estaciones artificiales provocadas por la actividad humana. <b>Ese cambio obliga a repensar buena parte de la planificaci\u00f3n ambiental, agr\u00edcola y de salud p\u00fablica<\/b>.<\/p>\n<p class=\"c-paragraph\">Modelos de clima, calendarios de cultivo, estrategias de prevenci\u00f3n de riesgos y pol\u00edticas de adaptaci\u00f3n al <a href=\"https:\/\/computerhoy.20minutos.es\/ciencia\/cambio-climatico-avanza-nasa-union-europea-confirman-2024-ha-sido-ano-caluroso-historia-1435133\" title=\"El cambio clim\u00e1tico avanza: la NASA y la Uni\u00f3n Europea confirman que 2024 ha sido el a\u00f1o m\u00e1s caluroso de la historia\" rel=\"nofollow noopener\" target=\"_blank\">cambio clim\u00e1tico<\/a> deben integrar la idea de que las estaciones ya no son bloques de tiempo r\u00edgidos, sino patrones m\u00f3viles, desincronizados y a veces inventados por la propia humanidad.\u00a0 <\/p>\n<p class=\"c-paragraph\">Si el mundo logra adaptarse a este nuevo ritmo, puede mitigar muchos de los da\u00f1os sobre la biodiversidad y la seguridad alimentaria; si no, se enfrentar\u00e1 a un calendario natural que se descompone justo cuando m\u00e1s lo necesita para ordenar la vida sobre la Tierra.<\/p>\n","protected":false},"excerpt":{"rendered":"Cient\u00edficos han descubierto que la estabilidad natural de las estaciones climatol\u00f3gicas est\u00e1 desvaneci\u00e9ndose. Ya no se limitan a&hellip;\n","protected":false},"author":2,"featured_media":462744,"comment_status":"","ping_status":"","sticky":false,"template":"","format":"standard","meta":{"footnotes":""},"categories":[81],"tags":[119,123,124,645,5213,25,24,1080,2074,117,121,122,23,118,120,1934],"class_list":["post-462743","post","type-post","status-publish","format-standard","has-post-thumbnail","category-ciencia-y-tecnologia","tag-ciencia","tag-ciencia-y-tecnologia","tag-cienciaytecnologia","tag-cientificos","tag-descubren","tag-es","tag-espana","tag-ha","tag-que","tag-science","tag-science-and-technology","tag-scienceandtechnology","tag-spain","tag-technology","tag-tecnologia","tag-tierra"],"share_on_mastodon":{"url":"https:\/\/pubeurope.com\/@es\/116281474010348469","error":""},"_links":{"self":[{"href":"https:\/\/www.europesays.com\/es\/wp-json\/wp\/v2\/posts\/462743","targetHints":{"allow":["GET"]}}],"collection":[{"href":"https:\/\/www.europesays.com\/es\/wp-json\/wp\/v2\/posts"}],"about":[{"href":"https:\/\/www.europesays.com\/es\/wp-json\/wp\/v2\/types\/post"}],"author":[{"embeddable":true,"href":"https:\/\/www.europesays.com\/es\/wp-json\/wp\/v2\/users\/2"}],"replies":[{"embeddable":true,"href":"https:\/\/www.europesays.com\/es\/wp-json\/wp\/v2\/comments?post=462743"}],"version-history":[{"count":0,"href":"https:\/\/www.europesays.com\/es\/wp-json\/wp\/v2\/posts\/462743\/revisions"}],"wp:featuredmedia":[{"embeddable":true,"href":"https:\/\/www.europesays.com\/es\/wp-json\/wp\/v2\/media\/462744"}],"wp:attachment":[{"href":"https:\/\/www.europesays.com\/es\/wp-json\/wp\/v2\/media?parent=462743"}],"wp:term":[{"taxonomy":"category","embeddable":true,"href":"https:\/\/www.europesays.com\/es\/wp-json\/wp\/v2\/categories?post=462743"},{"taxonomy":"post_tag","embeddable":true,"href":"https:\/\/www.europesays.com\/es\/wp-json\/wp\/v2\/tags?post=462743"}],"curies":[{"name":"wp","href":"https:\/\/api.w.org\/{rel}","templated":true}]}}