{"id":462797,"date":"2026-03-24T01:47:11","date_gmt":"2026-03-24T01:47:11","guid":{"rendered":"https:\/\/www.europesays.com\/es\/462797\/"},"modified":"2026-03-24T01:47:11","modified_gmt":"2026-03-24T01:47:11","slug":"celine-dion-volvera-a-los-escenarios-tras-su-retirada-en-2023-por-el-sindrome-de-la-persona-rigida","status":"publish","type":"post","link":"https:\/\/www.europesays.com\/es\/462797\/","title":{"rendered":"C\u00e9line Dion volver\u00e1 a los escenarios tras su retirada en 2023 por el s\u00edndrome de la persona r\u00edgida"},"content":{"rendered":"<p>C\u00e9line Dion volver\u00e1 a subirse a los escenarios. La canadiense actuar\u00e1 en oto\u00f1o de este 2026 en Par\u00eds, volviendo as\u00ed a dar conciertos despu\u00e9s de que se viera obligada en 2023 a cancelar su gira Courage World Tour por su diagn\u00f3stico del<a href=\"https:\/\/www.huffingtonpost.es\/entry\/el-sindrome-de-la-persona-rigida-la-dolencia-neurologica-rara-que-sufre-celine-dion_es_6392254ae4b019c696203247.html\" title=\"El s\u00edndrome de la persona r\u00edgida: la dolencia neurol\u00f3gica rara que sufre C\u00e9line Dion\" rel=\"nofollow noopener\" target=\"_blank\"> s\u00edndrome de la persona r\u00edgida<\/a>, una rara condici\u00f3n neurol\u00f3gica que afecta a una persona entre un mill\u00f3n, y que afecta al sistema nervioso central causando rigidez muscular.<\/p>\n<p>Desde entonces, Dion ha reaparecido en un par de ocasiones, recibiendo el cari\u00f1o del p\u00fablico. Lo hizo en la <a href=\"https:\/\/www.huffingtonpost.es\/life\/cultura\/pues-si-celine-dion-reaparecido-paris-protagonizar-emocionante-final.html\" title=\"Pues s\u00ed, C\u00e9line Dion ha reaparecido en Par\u00eds para protagonizar un emocionante final\" rel=\"nofollow noopener\" target=\"_blank\">ceremonia inaugural de los Juegos Ol\u00edmpicos de Par\u00eds en 2024<\/a>, donde ni la lluvia ni el mal tiempo pudieron frenar su potencia esc\u00e9nica interpretando\u00a0Hymne a l&#8217;amour, de \u00c9dith Piaf, en un enclave como la Torre Eiffel de la capital gala.<\/p>\n<p>Tambi\u00e9n lo hizo en los premios Grammy 2024 cuando entreg\u00f3 el galard\u00f3n a \u00c1lbum del a\u00f1o a Taylor Swift, recibiendo una calurosa ovaci\u00f3n de los espectadores. La artista se ha mostrado relativamente optimista en todo su tratamiento y siempre ha tenido la voluntad de seguir <a href=\"https:\/\/www.huffingtonpost.es\/life\/influencers-celebrities\/celine-dion-sobre-enfermedad-apartado-escenarios-nada-pararme.html\" rel=\"nofollow noopener\" target=\"_blank\">las recomendaciones m\u00e9dicas y las indicaciones para poder recuperarse lo antes posible.<\/a><\/p>\n<p>\u00abDe la manera en la que lo veo, tengo dos opciones. Puedo entrar como un atleta y trabajar muy duro, o apagarme y que todo termine, quedarme en casa, escuchar mis canciones, ponerme delante del espejo y cantar para m\u00ed misma. He elegido trabajar con todo mi cuerpo y mi alma, de la cabeza a los pies, con un equipo m\u00e9dico. Quiero estar lo mejor posible\u00bb, declar\u00f3 en una entrevista a Vogue tras su diagn\u00f3stico.<\/p>\n<p>Una serie de carteles que daban las pistas y unas fechas a\u00fan sin confirmar<\/p>\n<p>Seg\u00fan ha recogido el diario franc\u00e9s <a href=\"https:\/\/www.leparisien.fr\/culture-loisirs\/musique\/celine-dion-enfin-de-retour-des-concerts-a-paris-la-defense-arena-bientot-annonces-23-03-2026-33HD5RNHFJDQVN56S3DZEDVDEI.php?at_variant=photo&amp;at_creation=Le%20Parisien%20%7C%2094&amp;at_campaign=Partage%20Twitter%20CM&amp;at_medium=Social%20media\" rel=\"nofollow noopener\" target=\"_blank\">Le Parisien<\/a>, la noticia de estos conciertos han llegado de la mano de unos misteriosos carteles que han aparecido por Par\u00eds con los t\u00edtulos de algunas de sus canciones m\u00e1s reconocidas como Power Of Love o Pour Que tu M&#8217;aimes Encore.<\/p>\n<p>No obstante, las fechas no han sido anunciadas a\u00fan, solamente el recinto, ya que los conciertos tendr\u00e1n lugar en\u00a0La D\u00e9fense Arena (con capacidad para 40.000 espectadores). Por su parte, medios de Qu\u00e9bec apuntan a que los conciertos tendr\u00e1n lugar entre septiembre y octubre pr\u00f3ximos.<\/p>\n<p>La ganadora de dos Oscar y varios Grammy ha estado someti\u00e9ndose durante estos dos a\u00f1os a un arduo tratamiento para poder volver, tanto a los escenarios, como para poder realizar tareas cotidianas e incluso moverse con normalidad, ya que el s\u00edndrome de la persona r\u00edgida, entre otros s\u00edntomas, provoca espasmos musculares.<\/p>\n<p>Entre su tratamiento, adem\u00e1s de un estilo de vida saludable se encontraban terapia vocal, f\u00edsica y deportiva, con ejercicios que abordan todas las partes del cuerpo, incluida su voz.<\/p>\n","protected":false},"excerpt":{"rendered":"C\u00e9line Dion volver\u00e1 a subirse a los escenarios. La canadiense actuar\u00e1 en oto\u00f1o de este 2026 en Par\u00eds,&hellip;\n","protected":false},"author":2,"featured_media":462798,"comment_status":"","ping_status":"","sticky":false,"template":"","format":"standard","meta":{"footnotes":""},"categories":[170],"tags":[77612,208,146,147,25,24,184,185,23],"class_list":["post-462797","post","type-post","status-publish","format-standard","has-post-thumbnail","category-musica","tag-celine-dion","tag-conciertos","tag-entertainment","tag-entretenimiento","tag-es","tag-espana","tag-music","tag-musica","tag-spain"],"share_on_mastodon":{"url":"https:\/\/pubeurope.com\/@es\/116281635367444225","error":""},"_links":{"self":[{"href":"https:\/\/www.europesays.com\/es\/wp-json\/wp\/v2\/posts\/462797","targetHints":{"allow":["GET"]}}],"collection":[{"href":"https:\/\/www.europesays.com\/es\/wp-json\/wp\/v2\/posts"}],"about":[{"href":"https:\/\/www.europesays.com\/es\/wp-json\/wp\/v2\/types\/post"}],"author":[{"embeddable":true,"href":"https:\/\/www.europesays.com\/es\/wp-json\/wp\/v2\/users\/2"}],"replies":[{"embeddable":true,"href":"https:\/\/www.europesays.com\/es\/wp-json\/wp\/v2\/comments?post=462797"}],"version-history":[{"count":0,"href":"https:\/\/www.europesays.com\/es\/wp-json\/wp\/v2\/posts\/462797\/revisions"}],"wp:featuredmedia":[{"embeddable":true,"href":"https:\/\/www.europesays.com\/es\/wp-json\/wp\/v2\/media\/462798"}],"wp:attachment":[{"href":"https:\/\/www.europesays.com\/es\/wp-json\/wp\/v2\/media?parent=462797"}],"wp:term":[{"taxonomy":"category","embeddable":true,"href":"https:\/\/www.europesays.com\/es\/wp-json\/wp\/v2\/categories?post=462797"},{"taxonomy":"post_tag","embeddable":true,"href":"https:\/\/www.europesays.com\/es\/wp-json\/wp\/v2\/tags?post=462797"}],"curies":[{"name":"wp","href":"https:\/\/api.w.org\/{rel}","templated":true}]}}