{"id":462940,"date":"2026-03-24T03:44:19","date_gmt":"2026-03-24T03:44:19","guid":{"rendered":"https:\/\/www.europesays.com\/es\/462940\/"},"modified":"2026-03-24T03:44:19","modified_gmt":"2026-03-24T03:44:19","slug":"espectaculo-y-exito-de-publico-en-el-torneo-autonomico-de-minibasket-celebrado-en-arevalo","status":"publish","type":"post","link":"https:\/\/www.europesays.com\/es\/462940\/","title":{"rendered":"Espect\u00e1culo y \u00e9xito de p\u00fablico en el Torneo Auton\u00f3mico de Minibasket celebrado en Ar\u00e9valo"},"content":{"rendered":"<p>El campeonato ha servido a los seis conjuntos -dos de cada comunidad, masculinos y femeninos- como preparaci\u00f3n para el Campeonato de Espa\u00f1a que se celebra la pr\u00f3xima semana en Salou (Tarragona). Adem\u00e1s de la disputa de los partidos en la capital mora\u00f1ega, la selecci\u00f3n masculina de Castilla y Le\u00f3n llev\u00f3 a cabo una sesi\u00f3n de entrenamiento en Madrigal de las Altas Torres.<\/p>\n<p>Sobre la pista, los partidos demostraron el gran nivel del baloncesto de cantera y se desarrollaron en un gran ambiente, tanto por la presencia de arevalenses como de las familias acompa\u00f1antes de los jugadores participantes. Los encuentros tuvieron una media de m\u00e1s de 300 espectadores.<\/p>\n<p>En la jornada del s\u00e1bado, el primer partido, femenino, enfrent\u00f3 a Madrid con Canarias y las madrile\u00f1as impusieron su ley yendo por delante durante todo el encuentro con un resultado final de 62-37. El segundo enfrentamiento, masculino, midi\u00f3 a Madrid con Castilla y Le\u00f3n, con victoria para los madrile\u00f1os por 76 a 72. Ya por la tarde, disputaron su partido las selecciones femeninas de Canarias y Castilla y Le\u00f3n, en el que las anfitrionas ganaron por 45 a 68. El \u00faltimo encuentro de la jornada puso sobre la pista a los combinados masculinos de Castilla y Le\u00f3n y Canarias, en el que se impusieron los castellanoleoneses por 68-61, superando el cansancio del partido que ya hab\u00edan disputado por la ma\u00f1ana.<\/p>\n<p>Ya el domingo por la ma\u00f1ana se vivi\u00f3 uno de los platos fuertes del torneo. El choque femenino entre Madrid y Castilla y Le\u00f3n congreg\u00f3 a cerca de 500 aficionados en la grada y las jugadoras respondieron brindando un gran espect\u00e1culo de canastas r\u00e1pidas y triples en el que finalmente fueron las madrile\u00f1as las que vencieron (65-55).<\/p>\n<p>Antes del partido de cierre del campeonato se efectu\u00f3 la entrega de trofeos a las federaciones participantes, que estuvieron representadas por un ni\u00f1o y una ni\u00f1a de cada selecci\u00f3n. Lo hicieron el diputado provincial, F\u00e9lix \u00c1lvarez, y la concejala de Deportes del Ayuntamiento de Ar\u00e9valo, Amelia Sampedro. Previamente fue el delegado provincial y vicepresidente tercero de la FBCyL, Ra\u00fal \u00c1lvarez, quien entreg\u00f3 un obsequio en agradecimiento a las dos instituciones.<\/p>\n<p>Y como colof\u00f3n, el partido de clausura del torneo enfrent\u00f3 a las selecciones masculinas de Madrid y Canarias, un entretenido encuentro que se llevaron los madrile\u00f1os por un claro 82-56.<\/p>\n<p class=\"leer\">Volver a las noticias&#13;\n\t\t<\/p>\n","protected":false},"excerpt":{"rendered":"El campeonato ha servido a los seis conjuntos -dos de cada comunidad, masculinos y femeninos- como preparaci\u00f3n para&hellip;\n","protected":false},"author":2,"featured_media":462941,"comment_status":"","ping_status":"","sticky":false,"template":"","format":"standard","meta":{"footnotes":""},"categories":[93],"tags":[19480,19479,19500,19499,19478,19471,7607,19485,19484,19473,19472,19494,168,19481,19469,7821,19470,25,24,19493,19492,19491,19490,19483,19482,19489,19496,19495,19475,19474,19477,19476,19504,19503,19497,19498,23,167,19502,19501,4664,10481,19488,19487,19486,13129],"class_list":["post-462940","post","type-post","status-publish","format-standard","has-post-thumbnail","category-deportes","tag-agencia-provincial-energia-vila","tag-agencia-provincial-energia-avila","tag-alojamientos-rurales-vila","tag-alojamientos-rurales-avila","tag-apea","tag-av","tag-avila","tag-biodiversidad-vila","tag-biodiversidad-avila","tag-boletin-oficial-de-vila","tag-boletin-oficial-de-avila","tag-castros-y-verracos","tag-deportes","tag-desarrollo-rural","tag-diputacin","tag-diputacion","tag-diputacionavila","tag-es","tag-espana","tag-fundacin-cultural-santa-teresa","tag-fundacion-cultural-santa-teresa","tag-institucin-gran-duque-de-alba","tag-institucion-gran-duque-de-alba","tag-medio-ambiente-vila","tag-medio-ambiente-avila","tag-naturavila","tag-organismo-recaudacim-de-vila","tag-organismo-recaudacion-de-avila","tag-patronato-turismo-vila","tag-patronato-turismo-avila","tag-provincia-vila","tag-provincia-avila","tag-pueblos-vila","tag-pueblos-avila","tag-servicios-sociales","tag-servicios-sociales-vila","tag-spain","tag-sports","tag-tiempo-en-vila","tag-tiempo-en-avila","tag-turismo","tag-uned","tag-unidad-promocin-desarrollo-vila","tag-unidad-promocion-desarrollo-avila","tag-upd","tag-vila"],"share_on_mastodon":{"url":"","error":"Validation failed: Text character limit of 500 exceeded"},"_links":{"self":[{"href":"https:\/\/www.europesays.com\/es\/wp-json\/wp\/v2\/posts\/462940","targetHints":{"allow":["GET"]}}],"collection":[{"href":"https:\/\/www.europesays.com\/es\/wp-json\/wp\/v2\/posts"}],"about":[{"href":"https:\/\/www.europesays.com\/es\/wp-json\/wp\/v2\/types\/post"}],"author":[{"embeddable":true,"href":"https:\/\/www.europesays.com\/es\/wp-json\/wp\/v2\/users\/2"}],"replies":[{"embeddable":true,"href":"https:\/\/www.europesays.com\/es\/wp-json\/wp\/v2\/comments?post=462940"}],"version-history":[{"count":0,"href":"https:\/\/www.europesays.com\/es\/wp-json\/wp\/v2\/posts\/462940\/revisions"}],"wp:featuredmedia":[{"embeddable":true,"href":"https:\/\/www.europesays.com\/es\/wp-json\/wp\/v2\/media\/462941"}],"wp:attachment":[{"href":"https:\/\/www.europesays.com\/es\/wp-json\/wp\/v2\/media?parent=462940"}],"wp:term":[{"taxonomy":"category","embeddable":true,"href":"https:\/\/www.europesays.com\/es\/wp-json\/wp\/v2\/categories?post=462940"},{"taxonomy":"post_tag","embeddable":true,"href":"https:\/\/www.europesays.com\/es\/wp-json\/wp\/v2\/tags?post=462940"}],"curies":[{"name":"wp","href":"https:\/\/api.w.org\/{rel}","templated":true}]}}