{"id":463095,"date":"2026-03-24T05:43:10","date_gmt":"2026-03-24T05:43:10","guid":{"rendered":"https:\/\/www.europesays.com\/es\/463095\/"},"modified":"2026-03-24T05:43:10","modified_gmt":"2026-03-24T05:43:10","slug":"herramientas-de-creatividad-para-mejorar-y-transformar-tus-fotos-samsung-newsroom-peru","status":"publish","type":"post","link":"https:\/\/www.europesays.com\/es\/463095\/","title":{"rendered":"Herramientas de creatividad para mejorar y transformar tus fotos \u2013 Samsung Newsroom Per\u00fa"},"content":{"rendered":"<p>Con el reciente lanzamiento de la <a href=\"https:\/\/www.samsung.com\/pe\/smartphones\/galaxy-s26\/?source=newsroom\" target=\"_blank\" rel=\"noreferrer noopener nofollow\">serie Galaxy S26<\/a>, Samsung presenta nuevas experiencias impulsadas por <a href=\"https:\/\/www.samsung.com\/pe\/galaxy-ai\/\" target=\"_blank\" rel=\"noreferrer noopener nofollow\">Galaxy AI<\/a>, entre ellas Photo Assist y Creative Studio, herramientas que ampl\u00edan las posibilidades creativas m\u00e1s all\u00e1 de la captura de im\u00e1genes. Gracias a su entorno intuitivo basado en inteligencia artificial, los usuarios pueden mejorar y editar fotograf\u00edas con mayor precisi\u00f3n, as\u00ed como transformar ideas, fotos en stickers y contenido visual listo para compartir en cuesti\u00f3n de segundos, facilitando nuevas formas de expresi\u00f3n directamente desde el dispositivo m\u00f3vil.<\/p>\n<p><img loading=\"lazy\" decoding=\"async\" width=\"1024\" height=\"575\" src=\"https:\/\/www.europesays.com\/es\/wp-content\/uploads\/2026\/03\/Creative-Studio_S26-series-1024x575.jpg\" alt=\"\" class=\"wp-image-27665\"\/><\/p>\n<p><strong>\u00bfC\u00f3mo acceder a Creative Studio?<\/strong><\/p>\n<p>Para comenzar a utilizar Creative Studio, los usuarios pueden deslizar el panel Edge o simplemente deslizar hacia arriba desde la pantalla de inicio para acceder a la lista de aplicaciones. All\u00ed encontrar\u00e1n el \u00edcono de Creative Studio, desde donde podr\u00e1n iniciar el proceso creativo.<\/p>\n<ul class=\"wp-block-list\">\n<li><strong>Dise\u00f1ar stickers con IA:<\/strong> Dentro de Design Studio, los usuarios pueden crear stickers completamente personalizados. Solo deben pulsar el \u00edcono de imagen, seleccionar entre diferentes estilos visuales y escribir una frase corta. A partir de esa indicaci\u00f3n, la inteligencia artificial generar\u00e1 autom\u00e1ticamente un sticker \u00fanico que puede guardarse o compartirse f\u00e1cilmente.<\/li>\n<li><strong>M\u00e1s opciones creativas en un solo lugar:<\/strong> Creative Studio no se limita solo a los stickers. La herramienta tambi\u00e9n permite crear invitaciones digitales, tarjetas de perfil y fondos de pantalla personalizados, ampliando las posibilidades creativas del d\u00eda a d\u00eda. De esta forma, los usuarios pueden convertir sus ideas en piezas visuales listas para compartir en cuesti\u00f3n de segundos.<\/li>\n<\/ul>\n<p><img loading=\"lazy\" decoding=\"async\" width=\"1000\" height=\"622\" src=\"https:\/\/www.europesays.com\/es\/wp-content\/uploads\/2026\/03\/Camara_S26.jpg\" alt=\"\" class=\"wp-image-27666\"\/><\/p>\n<p><strong>\u00bfC\u00f3mo utilizar la funci\u00f3n Photo Assist?<\/strong><\/p>\n<p>El mejorado Photo Assist va a\u00fan m\u00e1s lejos: elimina objetos no deseados y a\u00f1ade nuevos elementos de forma natural. Cuando se le pide restaurar un pastel con un mordisco, la AI lo reconstruye de manera impecable como si estuviera intacto. La funci\u00f3n tambi\u00e9n puede transformar el d\u00eda en noche o ajustar detalles del vestuario para que coincidan con el ambiente, permitiendo una edici\u00f3n m\u00e1s r\u00e1pida y sencilla.<\/p>\n<p>Con la <a href=\"https:\/\/www.samsung.com\/pe\/smartphones\/galaxy-s26\/?source=newsroom\" target=\"_blank\" rel=\"noreferrer noopener nofollow\">serie Galaxy S26<\/a>, Samsung presenta su tercera generaci\u00f3n de dispositivos con AI, ofreciendo experiencias personalizadas que van m\u00e1s all\u00e1 del reconocimiento de intenci\u00f3n. Con el rendimiento m\u00e1s potente y <a href=\"https:\/\/www.samsung.com\/pe\/galaxy-ai\/\" target=\"_blank\" rel=\"noreferrer noopener nofollow\">Galaxy AI<\/a> m\u00e1s intuitivo hasta la fecha, la serie Galaxy S26 abre un nuevo cap\u00edtulo en la innovaci\u00f3n m\u00f3vil.<\/p>\n<p>Para obtener mayor informaci\u00f3n sobre la serie Galaxy S26, visita <a href=\"http:\/\/samsung.com\/pe\" target=\"_blank\" rel=\"noreferrer noopener nofollow\">samsung.com\/pe<\/a> o la <a href=\"https:\/\/news.samsung.com\/pe\/\" rel=\"nofollow noopener\" target=\"_blank\">Sala de Prensa de Samsung Per\u00fa<\/a>.\u00a0<\/p>\n","protected":false},"excerpt":{"rendered":"Con el reciente lanzamiento de la serie Galaxy S26, Samsung presenta nuevas experiencias impulsadas por Galaxy AI, entre&hellip;\n","protected":false},"author":2,"featured_media":463096,"comment_status":"","ping_status":"","sticky":false,"template":"","format":"standard","meta":{"footnotes":""},"categories":[81],"tags":[119,123,124,95571,25,24,2895,90462,95572,117,121,122,23,118,120],"class_list":["post-463095","post","type-post","status-publish","format-standard","has-post-thumbnail","category-ciencia-y-tecnologia","tag-ciencia","tag-ciencia-y-tecnologia","tag-cienciaytecnologia","tag-creative-studio","tag-es","tag-espana","tag-galaxy-ai","tag-galaxy-s26-series","tag-photo-assist","tag-science","tag-science-and-technology","tag-scienceandtechnology","tag-spain","tag-technology","tag-tecnologia"],"share_on_mastodon":{"url":"https:\/\/pubeurope.com\/@es\/116282563411247824","error":""},"_links":{"self":[{"href":"https:\/\/www.europesays.com\/es\/wp-json\/wp\/v2\/posts\/463095","targetHints":{"allow":["GET"]}}],"collection":[{"href":"https:\/\/www.europesays.com\/es\/wp-json\/wp\/v2\/posts"}],"about":[{"href":"https:\/\/www.europesays.com\/es\/wp-json\/wp\/v2\/types\/post"}],"author":[{"embeddable":true,"href":"https:\/\/www.europesays.com\/es\/wp-json\/wp\/v2\/users\/2"}],"replies":[{"embeddable":true,"href":"https:\/\/www.europesays.com\/es\/wp-json\/wp\/v2\/comments?post=463095"}],"version-history":[{"count":0,"href":"https:\/\/www.europesays.com\/es\/wp-json\/wp\/v2\/posts\/463095\/revisions"}],"wp:featuredmedia":[{"embeddable":true,"href":"https:\/\/www.europesays.com\/es\/wp-json\/wp\/v2\/media\/463096"}],"wp:attachment":[{"href":"https:\/\/www.europesays.com\/es\/wp-json\/wp\/v2\/media?parent=463095"}],"wp:term":[{"taxonomy":"category","embeddable":true,"href":"https:\/\/www.europesays.com\/es\/wp-json\/wp\/v2\/categories?post=463095"},{"taxonomy":"post_tag","embeddable":true,"href":"https:\/\/www.europesays.com\/es\/wp-json\/wp\/v2\/tags?post=463095"}],"curies":[{"name":"wp","href":"https:\/\/api.w.org\/{rel}","templated":true}]}}