{"id":464110,"date":"2026-03-24T19:43:12","date_gmt":"2026-03-24T19:43:12","guid":{"rendered":"https:\/\/www.europesays.com\/es\/464110\/"},"modified":"2026-03-24T19:43:12","modified_gmt":"2026-03-24T19:43:12","slug":"feijoo-dice-que-ira-a-ver-torrente-presidente-y-confunde-a-almodovar-con-amenabar","status":"publish","type":"post","link":"https:\/\/www.europesays.com\/es\/464110\/","title":{"rendered":"Feij\u00f3o dice que ir\u00e1 a ver &#8216;Torrente Presidente&#8217; y confunde a Almod\u00f3var con Amen\u00e1bar"},"content":{"rendered":"<p class=\"c-paragraph\">El presidente del PP, <b>Alberto N\u00fa\u00f1ez Feij\u00f3o, ha asegurado este jueves que ver\u00e1 la pel\u00edcula de Santiago Segura<\/b> <a href=\"https:\/\/www.heraldo.es\/noticias\/ocio-y-cultura\/2026\/03\/19\/santiago-segura-confirma-cuando-podra-torrente-presidente-netflix-2004914.html\" title=\"Santiago Segura confirma cu\u00e1ndo se podr\u00e1 ver &#039;Torrente Presidente&#039; en Netflix\" rel=\"nofollow noopener\" target=\"_blank\">&#8216;Torrente Presidente&#8217;<\/a> por que es una \u00abbuena s\u00e1tira de la pol\u00edtica actual\u00bb y ha tenido un lapsus con la\u00faltima pel\u00edcula de Almod\u00f3var que ha atribu\u00eddo a Amen\u00e1bar durante una entrevista en Antena 3.<\/p>\n<p class=\"c-paragraph\">Al finalizar la citada entrevista, el l\u00edder popular ha sido preguntado por las dos \u00faltimas pel\u00edculas de cine espa\u00f1ol que se han estrenado recientemente y est\u00e1n en cartelera. Se ha mostrado dispuesto a ir a ver la de Santiago Segura &#8216;Torrente Presidente&#8217;, la nueva entrega de su saga &#8216;Torrente&#8217;, por ser<b> \u00abun \u00e9xito de taquilla y una buena s\u00e1tira de la pol\u00edtica actual\u00bb.\u00a0<\/b><\/p>\n<p class=\"c-paragraph\">De hecho, ha explicado que<b> las de &#8216;Torrente&#8217; las tiene que ver en casa porque su hijo \u00abse ha visto casi todas\u00bb, citando \u00abPadre no hay m\u00e1s que uno o algo as\u00ed\u00bb,<\/b> aunque esta pel\u00edcula es tambi\u00e9n de Santiago Segura pero no forma parte de la saga &#8216;Torrente&#8217;.\u00a0<\/p>\n<p class=\"c-paragraph\">En cuanto a la pel\u00edcula que acaba de estrenar Almod\u00f3var, Amarga Navidad, el presidente del PP<b> ha tenido un lapsus y le ha confundido con Amen\u00e1bar. \u00abY Amen\u00e1bar yo creo que tambi\u00e9n ha estrenado ahora\u00bb, <\/b>ha dicho.\u00a0<\/p>\n<p class=\"c-paragraph\">Tras ser corregido por la entrevistadora, puesto que el \u00faltimo estreno del director que gan\u00f3 el \u00d3scar a mejor pel\u00edcula extranjera en 2005 con &#8216;Mar adentro&#8217; fue en 2025<b>, afirm\u00f3 hasta en cuatro ocasiones no haber visto todav\u00eda Amarga Navidad, agregando que la ver\u00e1 si puede.<\/b><\/p>\n","protected":false},"excerpt":{"rendered":"El presidente del PP, Alberto N\u00fa\u00f1ez Feij\u00f3o, ha asegurado este jueves que ver\u00e1 la pel\u00edcula de Santiago Segura&hellip;\n","protected":false},"author":2,"featured_media":464111,"comment_status":"","ping_status":"","sticky":false,"template":"","format":"standard","meta":{"footnotes":""},"categories":[91],"tags":[6727,146,147,25,24,9860,15902,2074,23,809],"class_list":["post-464110","post","type-post","status-publish","format-standard","has-post-thumbnail","category-entretenimiento","tag-dice","tag-entertainment","tag-entretenimiento","tag-es","tag-espana","tag-feijoo","tag-ira","tag-que","tag-spain","tag-ver"],"share_on_mastodon":{"url":"","error":""},"_links":{"self":[{"href":"https:\/\/www.europesays.com\/es\/wp-json\/wp\/v2\/posts\/464110","targetHints":{"allow":["GET"]}}],"collection":[{"href":"https:\/\/www.europesays.com\/es\/wp-json\/wp\/v2\/posts"}],"about":[{"href":"https:\/\/www.europesays.com\/es\/wp-json\/wp\/v2\/types\/post"}],"author":[{"embeddable":true,"href":"https:\/\/www.europesays.com\/es\/wp-json\/wp\/v2\/users\/2"}],"replies":[{"embeddable":true,"href":"https:\/\/www.europesays.com\/es\/wp-json\/wp\/v2\/comments?post=464110"}],"version-history":[{"count":0,"href":"https:\/\/www.europesays.com\/es\/wp-json\/wp\/v2\/posts\/464110\/revisions"}],"wp:featuredmedia":[{"embeddable":true,"href":"https:\/\/www.europesays.com\/es\/wp-json\/wp\/v2\/media\/464111"}],"wp:attachment":[{"href":"https:\/\/www.europesays.com\/es\/wp-json\/wp\/v2\/media?parent=464110"}],"wp:term":[{"taxonomy":"category","embeddable":true,"href":"https:\/\/www.europesays.com\/es\/wp-json\/wp\/v2\/categories?post=464110"},{"taxonomy":"post_tag","embeddable":true,"href":"https:\/\/www.europesays.com\/es\/wp-json\/wp\/v2\/tags?post=464110"}],"curies":[{"name":"wp","href":"https:\/\/api.w.org\/{rel}","templated":true}]}}