{"id":464176,"date":"2026-03-24T20:30:07","date_gmt":"2026-03-24T20:30:07","guid":{"rendered":"https:\/\/www.europesays.com\/es\/464176\/"},"modified":"2026-03-24T20:30:07","modified_gmt":"2026-03-24T20:30:07","slug":"samsung-incorpora-soporte-de-airdrop-para-quick-share-con-la-linea-galaxy-s26-samsung-newsroom-peru","status":"publish","type":"post","link":"https:\/\/www.europesays.com\/es\/464176\/","title":{"rendered":"Samsung incorpora soporte de AirDrop para Quick Share con la l\u00ednea Galaxy S26 \u2013 Samsung Newsroom Per\u00fa"},"content":{"rendered":"<p>Samsung est\u00e1 introduciendo el soporte de AirDrop en la l\u00ednea <a href=\"https:\/\/www.samsung.com\/pe\/smartphones\/galaxy-s26\/?source=newsroom\" target=\"_blank\" rel=\"noreferrer noopener nofollow\">Galaxy S26<\/a>, facilitando el intercambio de contenido entre dispositivos por medio de Quick Share.<\/p>\n<p>La funci\u00f3n se viene implementando desde del 23 de marzo<a href=\"#54bf9681-8ab4-4925-ae27-af9ec83d5a84\" id=\"54bf9681-8ab4-4925-ae27-af9ec83d5a84-link\">1<\/a>, iniciando por Corea y expandi\u00e9ndose a otras regiones, incluyendo Europa, Hong Kong, Jap\u00f3n, Am\u00e9rica Latina, Am\u00e9rica del Norte, el Sudeste Asi\u00e1tico y Taiw\u00e1n. El soporte de AirDrop<a href=\"#de62208a-69a6-4525-b479-155c574191a2\" id=\"de62208a-69a6-4525-b479-155c574191a2-link\">2<\/a> estar\u00e1 disponible inicialmente en la l\u00ednea Galaxy S26, y la expansi\u00f3n a dispositivos adicionales se anunciar\u00e1 en una fecha posterior.<\/p>\n<p><img loading=\"lazy\" decoding=\"async\" width=\"1000\" height=\"600\" src=\"https:\/\/www.europesays.com\/es\/wp-content\/uploads\/2026\/03\/Galaxy-S26.jpg\" alt=\"\" class=\"wp-image-27670\"\/><\/p>\n","protected":false},"excerpt":{"rendered":"Samsung est\u00e1 introduciendo el soporte de AirDrop en la l\u00ednea Galaxy S26, facilitando el intercambio de contenido entre&hellip;\n","protected":false},"author":2,"featured_media":464177,"comment_status":"","ping_status":"","sticky":false,"template":"","format":"standard","meta":{"footnotes":""},"categories":[81],"tags":[23017,119,123,124,25,24,72807,95741,117,121,122,23,118,120],"class_list":["post-464176","post","type-post","status-publish","format-standard","has-post-thumbnail","category-ciencia-y-tecnologia","tag-airdrop","tag-ciencia","tag-ciencia-y-tecnologia","tag-cienciaytecnologia","tag-es","tag-espana","tag-galaxy-s26","tag-quick-share","tag-science","tag-science-and-technology","tag-scienceandtechnology","tag-spain","tag-technology","tag-tecnologia"],"share_on_mastodon":{"url":"","error":""},"_links":{"self":[{"href":"https:\/\/www.europesays.com\/es\/wp-json\/wp\/v2\/posts\/464176","targetHints":{"allow":["GET"]}}],"collection":[{"href":"https:\/\/www.europesays.com\/es\/wp-json\/wp\/v2\/posts"}],"about":[{"href":"https:\/\/www.europesays.com\/es\/wp-json\/wp\/v2\/types\/post"}],"author":[{"embeddable":true,"href":"https:\/\/www.europesays.com\/es\/wp-json\/wp\/v2\/users\/2"}],"replies":[{"embeddable":true,"href":"https:\/\/www.europesays.com\/es\/wp-json\/wp\/v2\/comments?post=464176"}],"version-history":[{"count":0,"href":"https:\/\/www.europesays.com\/es\/wp-json\/wp\/v2\/posts\/464176\/revisions"}],"wp:featuredmedia":[{"embeddable":true,"href":"https:\/\/www.europesays.com\/es\/wp-json\/wp\/v2\/media\/464177"}],"wp:attachment":[{"href":"https:\/\/www.europesays.com\/es\/wp-json\/wp\/v2\/media?parent=464176"}],"wp:term":[{"taxonomy":"category","embeddable":true,"href":"https:\/\/www.europesays.com\/es\/wp-json\/wp\/v2\/categories?post=464176"},{"taxonomy":"post_tag","embeddable":true,"href":"https:\/\/www.europesays.com\/es\/wp-json\/wp\/v2\/tags?post=464176"}],"curies":[{"name":"wp","href":"https:\/\/api.w.org\/{rel}","templated":true}]}}