{"id":464419,"date":"2026-03-24T23:36:14","date_gmt":"2026-03-24T23:36:14","guid":{"rendered":"https:\/\/www.europesays.com\/es\/464419\/"},"modified":"2026-03-24T23:36:14","modified_gmt":"2026-03-24T23:36:14","slug":"abril-llega-con-festival-de-guitarra-de-madrid","status":"publish","type":"post","link":"https:\/\/www.europesays.com\/es\/464419\/","title":{"rendered":"Abril llega con Festival de Guitarra de Madrid"},"content":{"rendered":"<p>En el anuncio este martes, el director art\u00edstico de la cita, Antonio Benamargo, destac\u00f3 las cuatro galas \u00fanicas a cargo de los guitarristas Francisco Vinuesa, Manolo Franco, Chicuelo y Jos\u00e9 Antonio Rodr\u00edguez.<\/p>\n<p>Asimismo, la programaci\u00f3n incluye un espacio paralelo dedicada al \u2018Ricardismo\u2019, que rinde homenaje al creador de una de las m\u00e1s importantes escuelas guitarr\u00edsticas de Espa\u00f1a, conocido como Ni\u00f1o Ricardo.<\/p>\n<p>Actividades sobre su figura, conversatorios, charlas y las actuaciones de Jos\u00e9 Acedo &amp; Joselito Acedo, Alejandro Hurtado y Rafael Rodr\u00edguez, se incluyen en las jornadas de abril, recordando a Manuel Serrap\u00ed, el verdadero nombre de Ni\u00f1o Ricardo, \u201cllamado as\u00ed por las cosas de nosotros los andaluces, coment\u00f3 sonriente Benamargo.<\/p>\n<p>\u201cLa afici\u00f3n en Madrid por la sonanta flamenca es sobresaliente. Hace 36 a\u00f1os, program\u00e9 en el Centro Cultural de la Villa de Madrid dentro de un ciclo llamado \u20186 Noches Flamencas\u2019 un espect\u00e1culo con cuatro guitarras en concierto, con Rafael Riqueni, Pepe Habichuela, Gerardo N\u00fa\u00f1ez y Jer\u00f3nimo Maya, y fue un lleno absoluto las dos noches\u201d, record\u00f3 el director art\u00edstico del festival.<\/p>\n<p>El cantaor sevillano Ismael de la Rosa y el bailaor Alfonso Losa; el guitarrista Manolo Franco, con la cantaora \u00c1ngeles Toledano y el bailaor Javier Bar\u00f3n, son algunas de las atracciones del encuentro con el g\u00e9nero por excelencia de Andaluc\u00eda, y posiblemente de toda Espa\u00f1a.<\/p>\n<p>Tambi\u00e9n estar\u00e1n la cantaora Mayte Mart\u00edn y el bailaor Juan Tom\u00e1s de la Mol\u00eda como invitados; y la la cantaora Carmen Linares y el bailaor Marco Flores, entre otros.<\/p>\n<p>Luis Mart\u00edn Izquierdo, viceconsejero de Cultura, Turismo y Deporte de la Comunidad de Madrid, resalt\u00f3 que m\u00e1s de una veintena de festivales art\u00edsticos, adem\u00e1s de la variedad de espect\u00e1culos en centros nocturnos, hacen de la capital espa\u00f1ola una ciudad muy cotizada actualmente por el turismo internacional.<\/p>\n<p>jha\/ft<\/p>\n","protected":false},"excerpt":{"rendered":"En el anuncio este martes, el director art\u00edstico de la cita, Antonio Benamargo, destac\u00f3 las cuatro galas \u00fanicas&hellip;\n","protected":false},"author":2,"featured_media":464420,"comment_status":"","ping_status":"","sticky":false,"template":"","format":"standard","meta":{"footnotes":""},"categories":[91],"tags":[209,146,147,25,24,3931,11925,33221,12536,23],"class_list":["post-464419","post","type-post","status-publish","format-standard","has-post-thumbnail","category-entretenimiento","tag-cultura","tag-entertainment","tag-entretenimiento","tag-es","tag-espana","tag-festival","tag-flamenco","tag-guitarra","tag-nota-informativa","tag-spain"],"share_on_mastodon":{"url":"https:\/\/pubeurope.com\/@es\/116286782472698679","error":""},"_links":{"self":[{"href":"https:\/\/www.europesays.com\/es\/wp-json\/wp\/v2\/posts\/464419","targetHints":{"allow":["GET"]}}],"collection":[{"href":"https:\/\/www.europesays.com\/es\/wp-json\/wp\/v2\/posts"}],"about":[{"href":"https:\/\/www.europesays.com\/es\/wp-json\/wp\/v2\/types\/post"}],"author":[{"embeddable":true,"href":"https:\/\/www.europesays.com\/es\/wp-json\/wp\/v2\/users\/2"}],"replies":[{"embeddable":true,"href":"https:\/\/www.europesays.com\/es\/wp-json\/wp\/v2\/comments?post=464419"}],"version-history":[{"count":0,"href":"https:\/\/www.europesays.com\/es\/wp-json\/wp\/v2\/posts\/464419\/revisions"}],"wp:featuredmedia":[{"embeddable":true,"href":"https:\/\/www.europesays.com\/es\/wp-json\/wp\/v2\/media\/464420"}],"wp:attachment":[{"href":"https:\/\/www.europesays.com\/es\/wp-json\/wp\/v2\/media?parent=464419"}],"wp:term":[{"taxonomy":"category","embeddable":true,"href":"https:\/\/www.europesays.com\/es\/wp-json\/wp\/v2\/categories?post=464419"},{"taxonomy":"post_tag","embeddable":true,"href":"https:\/\/www.europesays.com\/es\/wp-json\/wp\/v2\/tags?post=464419"}],"curies":[{"name":"wp","href":"https:\/\/api.w.org\/{rel}","templated":true}]}}