{"id":465038,"date":"2026-03-25T09:16:10","date_gmt":"2026-03-25T09:16:10","guid":{"rendered":"https:\/\/www.europesays.com\/es\/465038\/"},"modified":"2026-03-25T09:16:10","modified_gmt":"2026-03-25T09:16:10","slug":"scottie-scheffler-baja-de-ultima-hora-en-el-houston-open","status":"publish","type":"post","link":"https:\/\/www.europesays.com\/es\/465038\/","title":{"rendered":"Scottie Scheffler, baja de \u00faltima hora en el Houston Open"},"content":{"rendered":"<p>Fue este mismo martes cuando el PGA Tour anunci\u00f3 la retirada de Scottie Scheffler del pen\u00faltimo torneo antes del Masters de Augusta<img fetchpriority=\"high\" decoding=\"async\" class=\"size-full wp-image-326908\" src=\"https:\/\/www.europesays.com\/es\/wp-content\/uploads\/2026\/03\/PGA-Tour-Travelers-24-j2-TPC-River-Highlands-Scottie-Scheffler-1500.jpg\" alt=\"Houston Open, Scottie Scheffler, Texas Children\u2019s Houston Open,\" width=\"1500\" height=\"999\"  \/>El inminente nacimiento de su segundo hijo, motivo de la ausencia de Scottie Scheffler en Houston<\/p>\n<p style=\"text-align: justify;\">El n\u00famero uno del mundo, <strong>Scottie Scheffler<\/strong>, no estar\u00e1 finalmente en el <strong>Texas Children\u2019s Houston Open<\/strong>, una de las citas clave en la antesala del <strong>Masters de Augusta<\/strong>. La retirada del estadounidense, anunciada a solo dos d\u00edas del inicio del torneo, ha sorprendido al Circuito, aunque responde a un motivo estrictamente personal.<\/p>\n<p style=\"text-align: justify;\"><strong>Scheffler<\/strong> ha decidido permanecer junto a su familia ante el inminente nacimiento de su segundo hijo; priorizando as\u00ed un momento vital fuera de los campos de golf. Una decisi\u00f3n que, lejos de cualquier problema f\u00edsico o de rendimiento; refleja el compromiso del jugador texano con su vida personal en un momento especialmente significativo.<\/p>\n<p style=\"text-align: justify;\">Su ausencia supone un contratiempo importante para el torneo; que pierde a su principal reclamo medi\u00e1tico y a uno de los grandes favoritos al triunfo. Adem\u00e1s, altera el escenario competitivo de una prueba que tradicionalmente sirve como preparaci\u00f3n directa para el Masters de Augusta, <strong>primer Major<\/strong> de la temporada.<\/p>\n<p style=\"text-align: justify;\">Pese a esta baja, todo apunta a que <strong>Scottie Scheffler<\/strong> llegar\u00e1 sin problemas a Augusta; donde partir\u00e1 nuevamente como uno de los grandes aspirantes a la <strong>Chaqueta Verde<\/strong>. Su inicio de temporada y su condici\u00f3n de l\u00edder del ranking mundial lo sit\u00faan; una vez m\u00e1s, en el centro de todas las miradas de cara al gran objetivo de la primavera.<\/p>\n<p style=\"text-align: justify;\"><strong>Puede seguir a OpenGolf en <\/strong><a style=\"color: #008000;\" href=\"https:\/\/www.facebook.com\/opengolfes.es\/\" rel=\"nofollow noopener\" target=\"_blank\"><strong>Facebook<\/strong><\/a><strong>; <\/strong><a style=\"color: #008000;\" href=\"https:\/\/twitter.com\/opengolf_news\" rel=\"nofollow noopener\" target=\"_blank\"><strong>Twitter<\/strong><\/a><strong>; <\/strong><a style=\"color: #008000;\" href=\"https:\/\/www.linkedin.com\/in\/fernando-molina-b1455a14\/\" rel=\"nofollow noopener\" target=\"_blank\"><strong>LinkedIn<\/strong><\/a><strong> y suscribi\u00e9ndose a trav\u00e9s de este enlace a nuestra <\/strong><a style=\"color: #008000;\" href=\"https:\/\/opengolf.es\/newsletters.php\" rel=\"nofollow noopener\" target=\"_blank\"><strong>Newsletter Semanal<\/strong><\/a><\/p>\n<p><script async src=\"https:\/\/platform.twitter.com\/widgets.js\" charset=\"utf-8\"><\/script><\/p>\n","protected":false},"excerpt":{"rendered":"Fue este mismo martes cuando el PGA Tour anunci\u00f3 la retirada de Scottie Scheffler del pen\u00faltimo torneo antes&hellip;\n","protected":false},"author":2,"featured_media":465039,"comment_status":"","ping_status":"","sticky":false,"template":"","format":"standard","meta":{"footnotes":""},"categories":[275],"tags":[168,25,24,329,95880,604,23,167,95881],"class_list":["post-465038","post","type-post","status-publish","format-standard","has-post-thumbnail","category-golf","tag-deportes","tag-es","tag-espana","tag-golf","tag-houston-open","tag-scottie-scheffler","tag-spain","tag-sports","tag-texas-childrens-houston-open"],"share_on_mastodon":{"url":"https:\/\/pubeurope.com\/@es\/116289063304104629","error":""},"_links":{"self":[{"href":"https:\/\/www.europesays.com\/es\/wp-json\/wp\/v2\/posts\/465038","targetHints":{"allow":["GET"]}}],"collection":[{"href":"https:\/\/www.europesays.com\/es\/wp-json\/wp\/v2\/posts"}],"about":[{"href":"https:\/\/www.europesays.com\/es\/wp-json\/wp\/v2\/types\/post"}],"author":[{"embeddable":true,"href":"https:\/\/www.europesays.com\/es\/wp-json\/wp\/v2\/users\/2"}],"replies":[{"embeddable":true,"href":"https:\/\/www.europesays.com\/es\/wp-json\/wp\/v2\/comments?post=465038"}],"version-history":[{"count":0,"href":"https:\/\/www.europesays.com\/es\/wp-json\/wp\/v2\/posts\/465038\/revisions"}],"wp:featuredmedia":[{"embeddable":true,"href":"https:\/\/www.europesays.com\/es\/wp-json\/wp\/v2\/media\/465039"}],"wp:attachment":[{"href":"https:\/\/www.europesays.com\/es\/wp-json\/wp\/v2\/media?parent=465038"}],"wp:term":[{"taxonomy":"category","embeddable":true,"href":"https:\/\/www.europesays.com\/es\/wp-json\/wp\/v2\/categories?post=465038"},{"taxonomy":"post_tag","embeddable":true,"href":"https:\/\/www.europesays.com\/es\/wp-json\/wp\/v2\/tags?post=465038"}],"curies":[{"name":"wp","href":"https:\/\/api.w.org\/{rel}","templated":true}]}}