{"id":465548,"date":"2026-03-25T16:32:10","date_gmt":"2026-03-25T16:32:10","guid":{"rendered":"https:\/\/www.europesays.com\/es\/465548\/"},"modified":"2026-03-25T16:32:10","modified_gmt":"2026-03-25T16:32:10","slug":"deberian-dar-un-goya-a-la-pelicula-mas-taquillera","status":"publish","type":"post","link":"https:\/\/www.europesays.com\/es\/465548\/","title":{"rendered":"Deber\u00edan dar un Goya a la pel\u00edcula m\u00e1s taquillera"},"content":{"rendered":"<p class=\"article-text\">\n        <strong>Carmen Maura<\/strong> acudi\u00f3 este martes a <strong>El Hormiguero<\/strong> para presentar<strong> <\/strong><strong>Calle M\u00e1laga<\/strong>, su nueva pel\u00edcula. Una cinta que no lo tendr\u00e1 f\u00e1cil para hacer taquilla, pues le va a tocar competir con el nuevo largometraje de <strong>Pedro<\/strong> <strong>Almod\u00f3var<\/strong>, <a href=\"https:\/\/www.eldiario.es\/cultura\/cine\/pedro-almodovar-analiza-escenas-clave-amarga-navidad_1_13088679.html\" target=\"_blank\" data-mrf-recirculation=\"links-noticia\" class=\"link\" rel=\"nofollow noopener\">Amarga Navidad<\/a>, y con la comedia que est\u00e1 arrasando en estos momentos, <a href=\"https:\/\/www.eldiario.es\/cultura\/cine\/torrente-presidente-convierte-cuarto-mejor-estreno-espanol-historia_1_13071296.html\" target=\"_blank\" data-mrf-recirculation=\"links-noticia\" class=\"link\" rel=\"nofollow noopener\">Torrente presidente<\/a>. Aun as\u00ed, la actriz no se mostr\u00f3 preocupada por ello, sino contenta por el poder de convocatoria que sigue teniendo la saga protagonizada por <strong>Santiago Segura<\/strong>.\n    <\/p>\n<p>    <a href=\"https:\/\/www.eldiario.es\/vertele\/videos\/actualidad\/reproche-susanna-griso-santiago-segura-torrente-presidente-ana-rosa-si-no_7_13081447.html\" data-mrf-recirculation=\"saber-mas\" data-dl-event=\"saber-mas\" rel=\"nofollow noopener\" target=\"_blank\"><\/p>\n<p class=\"know-more__title\">El reproche de Susanna Griso a Santiago Segura por &#8216;Torrente, presidente&#8217;: \u00ab\u00bfPor qu\u00e9 Ana Rosa s\u00ed y yo no?\u00bb<\/p>\n<p>            <img decoding=\"async\" class=\"lazy\" loading=\"lazy\" data-src=\"https:\/\/static.eldiario.es\/clip\/5348e376-c64c-4471-9331-ea6b1cbf4272_16-9-aspect-ratio_default_0.jpg\" src=\"data:image\/svg+xml,%3Csvg xmlns=\" http:=\"\" viewbox=\"0 0 880 495\" alt=\"El reproche de Susanna Griso a Santiago Segura por 'Torrente, presidente': &quot;\u00bfPor qu\u00e9 Ana Rosa s\u00ed y yo no?&quot;\"\/><\/p>\n<p>                            <img decoding=\"async\" class=\"ni-multimedia\" src=\"https:\/\/www.eldiario.es\/assets\/img\/svg\/icons\/gallery-video.h-2e826467718e0ad0cb33a0bdb174f603.svg\" alt=\"El reproche de Susanna Griso a Santiago Segura por 'Torrente, presidente': &quot;\u00bfPor qu\u00e9 Ana Rosa s\u00ed y yo no?&quot;\"\/><br \/>\n                        <\/a><\/p>\n<p class=\"article-text\">\n        \u201cMe encantan que las pel\u00edculas sean negocio. Admiro profundamente a Santiago Segura, me cae genial. Le conozco, <strong>es buen\u00edsima persona y un t\u00edo encantador<\/strong>. Me encanta que est\u00e9 ah\u00ed ganando millones y millones. Entonces, no me importa nada esa competencia, yo se que siempre estar\u00e1 en el primer puesto ganando y ganando\u201d, reconoci\u00f3 la int\u00e9rprete en este sentido.\n    <\/p>\n<p class=\"article-text\">\n        De hecho, seg\u00fan Maura, Torrente presidente ha pegado tan fuerte entre el p\u00fablico que est\u00e1 conquistando hasta a los que no eran seguidores del personaje: \u201cUna se\u00f1ora me la ha recomendado hoy en el gimnasio. Me ha dicho que es menos ordinaria (risas). Me ha hecho una buena propaganda, y no era una se\u00f1ora aficionada a los Torrente\u201d.\n    <\/p>\n<p class=\"article-text\">\n        La actriz tambi\u00e9n reconoci\u00f3 ante <strong>Pablo Motos<\/strong> el \u201cm\u00e9rito\u201d que tienen las pel\u00edculas de Torrente por haber alcanzado cifras hist\u00f3ricas de recaudaci\u00f3n. \u201cEso s\u00ed que tiene un Oscar\u201d, se\u00f1al\u00f3 antes de exponer una idea al respecto: \u201cYo estoy todos los a\u00f1os diciendo que deber\u00edan dar <strong>un Goya a la pel\u00edcula m\u00e1s taquillera<\/strong> y nadie me hace caso. Deber\u00edamos convertir ir al cine una vez a la semana en &#8216;el plan&#8217;. Eso tiene que volver, porque si no&#8230;\u201d\n    <\/p>\n<p>    <a href=\"https:\/\/www.eldiario.es\/vertele\/noticias\/supervivientes-2026-salvo-nominados-dio-pista-nuevo-concursante-llega-jueves_1_13095351.html\" data-mrf-recirculation=\"saber-mas-abajo\" data-dl-event=\"saber-mas-abajo\" rel=\"nofollow noopener\" target=\"_blank\"><\/p>\n<p class=\"know-more__title\">&#8216;Supervivientes 2026&#8217; salv\u00f3 a uno de sus nominados y dio una pista sobre el nuevo concursante que llega el jueves\n<\/p>\n<p>            <img decoding=\"async\" class=\"lazy\" loading=\"lazy\" data-src=\"https:\/\/static.eldiario.es\/clip\/d2f769d5-3751-45de-a7e7-7ba336e40445_16-9-aspect-ratio_default_0.jpg\" src=\"data:image\/svg+xml,%3Csvg xmlns=\" http:=\"\" viewbox=\"0 0 880 495\" alt=\"'Supervivientes 2026' salv\u00f3 a uno de sus nominados y dio una pista sobre el nuevo concursante que llega el jueves\"\/><\/p>\n<p>                        <\/a><\/p>\n<p class=\"article-text\">\n        Aunque ese Goya no existe \u2014de momento\u2014, la idea de Carmen Maura no es descabellada. De hecho, los Globos de Oro introdujeron en 2024 el premio al <strong>Mejor logro cinematogr\u00e1fico y de taquilla<\/strong>, destinado a premiar cada a\u00f1o a la pel\u00edcula m\u00e1s taquillera o popular entre el p\u00fablico general. En sus tres primeros a\u00f1os, este galard\u00f3n ha reca\u00eddo sobre <strong>Barbie<\/strong> (2024), <strong>Wicked<\/strong> (2025) y <strong>Los pecadores<\/strong> (2026), respectivamente. Veremos si los Goya o los Oscar siguen los pasos de la Asociaci\u00f3n de la Prensa Internacional de Hollywood y tambi\u00e9n lo incluyen pr\u00f3ximamente entre sus reconocimientos anuales, o todo lo contrario.\n    <\/p>\n","protected":false},"excerpt":{"rendered":"Carmen Maura acudi\u00f3 este martes a El Hormiguero para presentar Calle M\u00e1laga, su nueva pel\u00edcula. Una cinta que&hellip;\n","protected":false},"author":2,"featured_media":465549,"comment_status":"","ping_status":"","sticky":false,"template":"","format":"standard","meta":{"footnotes":""},"categories":[171],"tags":[15203,2527,19622,5813,146,147,25,24,3980,1257,9137,23,59453,79935,214],"class_list":["post-465548","post","type-post","status-publish","format-standard","has-post-thumbnail","category-tv","tag-carmen-maura","tag-dar","tag-deberian","tag-el-hormiguero","tag-entertainment","tag-entretenimiento","tag-es","tag-espana","tag-goya","tag-pelicula","tag-reivindica","tag-spain","tag-taquillera","tag-torrente-presidente","tag-tv"],"share_on_mastodon":{"url":"https:\/\/pubeurope.com\/@es\/116290777902941306","error":""},"_links":{"self":[{"href":"https:\/\/www.europesays.com\/es\/wp-json\/wp\/v2\/posts\/465548","targetHints":{"allow":["GET"]}}],"collection":[{"href":"https:\/\/www.europesays.com\/es\/wp-json\/wp\/v2\/posts"}],"about":[{"href":"https:\/\/www.europesays.com\/es\/wp-json\/wp\/v2\/types\/post"}],"author":[{"embeddable":true,"href":"https:\/\/www.europesays.com\/es\/wp-json\/wp\/v2\/users\/2"}],"replies":[{"embeddable":true,"href":"https:\/\/www.europesays.com\/es\/wp-json\/wp\/v2\/comments?post=465548"}],"version-history":[{"count":0,"href":"https:\/\/www.europesays.com\/es\/wp-json\/wp\/v2\/posts\/465548\/revisions"}],"wp:featuredmedia":[{"embeddable":true,"href":"https:\/\/www.europesays.com\/es\/wp-json\/wp\/v2\/media\/465549"}],"wp:attachment":[{"href":"https:\/\/www.europesays.com\/es\/wp-json\/wp\/v2\/media?parent=465548"}],"wp:term":[{"taxonomy":"category","embeddable":true,"href":"https:\/\/www.europesays.com\/es\/wp-json\/wp\/v2\/categories?post=465548"},{"taxonomy":"post_tag","embeddable":true,"href":"https:\/\/www.europesays.com\/es\/wp-json\/wp\/v2\/tags?post=465548"}],"curies":[{"name":"wp","href":"https:\/\/api.w.org\/{rel}","templated":true}]}}