{"id":46566,"date":"2025-08-14T09:28:10","date_gmt":"2025-08-14T09:28:10","guid":{"rendered":"https:\/\/www.europesays.com\/es\/46566\/"},"modified":"2025-08-14T09:28:10","modified_gmt":"2025-08-14T09:28:10","slug":"and-just-like-that-fecha-y-hora-de-estreno-del-capitulo-final","status":"publish","type":"post","link":"https:\/\/www.europesays.com\/es\/46566\/","title":{"rendered":"\u201cAnd Just Like That\u201d: Fecha y hora de estreno del cap\u00edtulo final"},"content":{"rendered":"<p>Siempre puede ocurrir algo nuevo e inesperado. La tercera temporada del spin-off de \u00abSexo en la ciudad\u00bb vuelve con m\u00e1s personajes e historias de amor<\/p>\n<p class=\"paragraph\">Despu\u00e9s de casi tres d\u00e9cadas marcando la cultura pop, lleg\u00f3 el momento de decir adi\u00f3s al universo de Sex and the City. Su serie derivada, <b>And Just Like That<\/b>, concluir\u00e1 oficialmente tras su tercera temporada, seg\u00fan confirm\u00f3 el showrunner <b>Michael Patrick King<\/b> en un mensaje publicado en redes sociales el pasado 1 de agosto.<\/p>\n<p class=\"paragraph\">El revival, protagonizado por <b>Sarah Jessica Parker<\/b> en el ic\u00f3nico papel de Carrie Bradshaw, se estren\u00f3 en HBO Max a finales de 2021.<\/p>\n<p class=\"paragraph\">La producci\u00f3n reuni\u00f3 a tres de las cuatro estrellas originales \u2014Parker, Cynthia Nixon y Kristin Davis\u2014, sin la participaci\u00f3n de <b>Kim Cattrall<\/b> como la irreverente Samantha Jones, aunque la actriz hizo un breve cameo en la segunda temporada.<\/p>\n<p class=\"paragraph\">Ambientada 11 a\u00f1os despu\u00e9s del final de la serie original, And Just Like That retom\u00f3 las vidas, desaf\u00edos y relaciones de las protagonistas neoyorquinas.<\/p>\n<p><img alt=\"&quot;And Just Like That&quot; sucede\" class=\"global-image\" decoding=\"async\" fetchpriority=\"low\" height=\"1280\" loading=\"lazy\" src=\"https:\/\/www.europesays.com\/es\/wp-content\/uploads\/2025\/08\/JWW2INFXGRCKPPHNZLDOBKYKWQ.jpeg\" width=\"1920\"\/>\u00abAnd Just Like That\u00bb sucede 11 a\u00f1os despu\u00e9s del final de \u00abSex And The City\u00bb (HBO)<\/p>\n<p class=\"paragraph\">Lo que comenz\u00f3 como una miniserie de una sola temporada termin\u00f3 gan\u00e1ndose la renovaci\u00f3n para dos entregas m\u00e1s, alimentando tanto la nostalgia como la conversaci\u00f3n sobre la evoluci\u00f3n de sus personajes en un Nueva York contempor\u00e1neo.<\/p>\n<p class=\"paragraph\">En un emotivo mensaje compartido en Instagram, <b>Sarah Jessica Parker<\/b> expres\u00f3 lo que signific\u00f3 este cierre para ella.<\/p>\n<p class=\"paragraph\">\u201cCarrie Bradshaw<b> ha dominado mi lado profesional durante 27 a\u00f1os. Creo que la he amado m\u00e1s que a ning\u00fan otro personaje.<\/b> S\u00e9 que otros la han amado como yo. Gracias a todos. Los quiero tanto. Espero que amen estos dos \u00faltimos episodios tanto como nosotros\u201d, escribi\u00f3.<\/p>\n<p><img alt=\"Sarah Jessica Parker se despidi\u00f3\" class=\"global-image\" decoding=\"async\" fetchpriority=\"low\" height=\"522\" loading=\"lazy\" src=\"https:\/\/www.europesays.com\/es\/wp-content\/uploads\/2025\/08\/WGFO4PQXD5BUNH25PHGYFXN55Y.jpeg\" width=\"677\"\/>Sarah Jessica Parker se despidi\u00f3 de su personaje como Carrie Bradshaw. (Instagram\/Sarah Jessica Parker)<\/p>\n<p class=\"paragraph\">La serie cerrar\u00e1 con un final dividido en dos partes. La primera ya se emiti\u00f3, mientras que la segunda \u2014y \u00faltima\u2014 llegar\u00e1 el jueves 14 de agosto, a las 9 p.m. ET \/ 6 p.m. PT, exclusivamente por HBO Max. <\/p>\n<p class=\"paragraph\">En el caso de Am\u00e9rica Latina, los fan\u00e1ticos podr\u00e1n ver los \u00faltimos cap\u00edtulos en el siguiente horario<\/p>\n<ul data-icon=\"\u2b24\" class=\"list\">\n<li data-icon=\"\u2b24\"><b>M\u00e9xico<\/b> \u2013 20:00 horas<\/li>\n<li data-icon=\"\u2b24\"><b>Guatemala<\/b> \u2013 19:00 horas<\/li>\n<li data-icon=\"\u2b24\"><b>Nicaragua<\/b> \u2013 19:00 horas<\/li>\n<li data-icon=\"\u2b24\"><b>Costa Rica<\/b> \u2013 19:00 horas<\/li>\n<li data-icon=\"\u2b24\"><b>Panam\u00e1<\/b> \u2013 20:00 horas<\/li>\n<li data-icon=\"\u2b24\"><b>Colombia<\/b> \u2013 20:00 horas<\/li>\n<li data-icon=\"\u2b24\"><b>Per\u00fa<\/b> \u2013 20:00 horas<\/li>\n<li data-icon=\"\u2b24\"><b>Venezuela<\/b> \u2013 21:00 horas<\/li>\n<li data-icon=\"\u2b24\"><b>Paraguay<\/b> \u2013 22:00 horas<\/li>\n<li data-icon=\"\u2b24\"><b>Chile<\/b> \u2013 22:00 horas<\/li>\n<li data-icon=\"\u2b24\"><b>Argentina<\/b> \u2013 22:00 horas<\/li>\n<li data-icon=\"\u2b24\"><b>Uruguay<\/b> \u2013 22:00 horas<\/li>\n<li data-icon=\"\u2b24\"><b>Puerto Rico<\/b> \u2013 21:00 horas <\/li>\n<\/ul>\n<p><img alt=\"El episodio final de &quot;And\" class=\"global-image\" decoding=\"async\" fetchpriority=\"low\" height=\"1280\" loading=\"lazy\" src=\"https:\/\/www.europesays.com\/es\/wp-content\/uploads\/2025\/08\/7CYDDL4MHVGGLLGZT3FEDGULIM.jpg\" width=\"1920\"\/>El episodio final de \u00abAnd Just Like That\u00bb llegar\u00e1 a Latinoam\u00e9rica la tarde del jueves 14 de agosto. (Craig Blankenhorn\/HBO via AP)<\/p>\n<p class=\"paragraph\"><b>Sarah Jessica Parker <\/b>alz\u00f3 la voz sobre el trato desigual que reciben los personajes femeninos frente a los masculinos en el cine y la televisi\u00f3n.<\/p>\n<p class=\"paragraph\">En una entrevista con HuffPost U.K., la actriz reflexion\u00f3 sobre la persistente ola de cr\u00edticas hacia Carrie, tanto en la serie original como en su nueva etapa.<\/p>\n<p class=\"paragraph\">\u201cSiempre me parece interesante que se le condene tanto, pero que <b>un protagonista masculino pueda ser un asesino\u2026 y la gente lo adore<\/b>. Si una mujer tiene una aventura, se comporta mal o gasta dinero de manera fr\u00edvola, hay una especie de respuesta punitiva hacia ella. A los hombres se les perdona todo, a las mujeres no\u201d, expres\u00f3.<\/p>\n<p><img alt=\"Sarah Jessica Parker afirm\u00f3 que\" class=\"global-image\" decoding=\"async\" fetchpriority=\"low\" height=\"2241\" loading=\"lazy\" src=\"https:\/\/www.europesays.com\/es\/wp-content\/uploads\/2025\/08\/6XV454W5N5EKLKFJA45AECPMJ4.jpg\" width=\"3985\"\/>Sarah Jessica Parker afirm\u00f3 que los personajes femeninos son m\u00e1s criticados que los masculinos. (EFE\/Archivo\/ Etienne Laurent)<\/p>\n<p class=\"paragraph\">Desde su debut en 1998, Carrie Bradshaw ha sido una figura celebrada por su estilo y franqueza sexual, pero tambi\u00e9n criticada por sus decisiones impulsivas, sus romances ca\u00f3ticos y su narcisismo ocasional.<\/p>\n<p class=\"paragraph\">Con el regreso del personaje en And Just Like That, los debates se han reactivado, y las redes sociales se han convertido en un nuevo campo de juicio constante.<\/p>\n<p class=\"paragraph\">Sin embargo, <b>Sarah Jessica Parker<\/b> no se muestra molesta por la intensidad de las reacciones. Al contrario, asegur\u00f3 que ese tipo de respuestas revelan algo valioso.<\/p>\n<p><img alt=\"Sarah Jessica Parker dijo que\" class=\"global-image\" decoding=\"async\" fetchpriority=\"low\" height=\"1080\" loading=\"lazy\" src=\"https:\/\/www.europesays.com\/es\/wp-content\/uploads\/2025\/08\/MKEGCWTIIJFEZH7OGQWCDZRHZY.jpg\" width=\"1920\"\/>Sarah Jessica Parker dijo que no le molestan las cr\u00edticas hacia Carrie.<br \/>\n(Escena de \u00abSex and the city\u00bb)<\/p>\n<p class=\"paragraph\">\u201cEn \u00faltima instancia, creo que todos esos sentimientos son bastante fant\u00e1sticos. <b>Ese tipo de conexi\u00f3n emocional, tanto positiva como negativa, es maravillosa<\/b>. La gente est\u00e1 cautiva en esos momentos, y me parece perfectamente bien\u201d, dijo.<\/p>\n<p class=\"paragraph\">Para la actriz de 60 a\u00f1os, el problema radica en c\u00f3mo se interpretan los errores seg\u00fan el g\u00e9nero del personaje, pues para ella \u201cla gente inteligente tambi\u00e9n toma malas decisiones a veces, o se equivoca en sus juicios\u201d.<\/p>\n<p class=\"paragraph\">As\u00ed que la famosa consider\u00f3 que Carrie, con sus dudas, vanidades y torpezas, parece ser un blanco f\u00e1cil para las cr\u00edticas que no se aplican a sus contrapartes masculinas.<\/p>\n<p class=\"paragraph\">\u201cCreo que, en el fondo, <b>Carrie es una persona extraordinariamente decente y buena.<\/b> Es una amiga extremadamente leal, generosa con su tiempo y su esp\u00edritu. Aunque, claro, ha cometido errores y no siempre ha sido madura en el amor. Pero eso es parte de ser humano\u201d, dijo.<\/p>\n<p><img alt=\"Sarah Jessica Parker afirm\u00f3 que\" class=\"global-image\" decoding=\"async\" fetchpriority=\"low\" height=\"1080\" loading=\"lazy\" src=\"https:\/\/www.europesays.com\/es\/wp-content\/uploads\/2025\/08\/DF4TISEOOJH2BHID4MAPYRTUA4.jpg\" width=\"1920\"\/>Sarah Jessica Parker afirm\u00f3 que Carrie es una buena persona. (Escena de \u00abSex and the City\u00bb)<\/p>\n<p class=\"paragraph\">Adem\u00e1s de retomar su papel como Carrie, <b>Sarah Jessica Parker<\/b> tambi\u00e9n contin\u00faa desarrollando su carrera como productora ejecutiva de And Just Like That, cuya tercera temporada se transmite actualmente por Max.<\/p>\n","protected":false},"excerpt":{"rendered":"Siempre puede ocurrir algo nuevo e inesperado. La tercera temporada del spin-off de \u00abSexo en la ciudad\u00bb vuelve&hellip;\n","protected":false},"author":2,"featured_media":46567,"comment_status":"","ping_status":"","sticky":false,"template":"","format":"standard","meta":{"footnotes":""},"categories":[171],"tags":[505,146,147,25,24,21460,21461,14017,23,214],"class_list":{"0":"post-46566","1":"post","2":"type-post","3":"status-publish","4":"format-standard","5":"has-post-thumbnail","7":"category-tv","8":"tag-artistas","9":"tag-entertainment","10":"tag-entretenimiento","11":"tag-es","12":"tag-espana","13":"tag-festival-de-cine-americano-de-deauville","14":"tag-francia-2018","15":"tag-retrato","16":"tag-spain","17":"tag-tv"},"share_on_mastodon":{"url":"","error":""},"_links":{"self":[{"href":"https:\/\/www.europesays.com\/es\/wp-json\/wp\/v2\/posts\/46566","targetHints":{"allow":["GET"]}}],"collection":[{"href":"https:\/\/www.europesays.com\/es\/wp-json\/wp\/v2\/posts"}],"about":[{"href":"https:\/\/www.europesays.com\/es\/wp-json\/wp\/v2\/types\/post"}],"author":[{"embeddable":true,"href":"https:\/\/www.europesays.com\/es\/wp-json\/wp\/v2\/users\/2"}],"replies":[{"embeddable":true,"href":"https:\/\/www.europesays.com\/es\/wp-json\/wp\/v2\/comments?post=46566"}],"version-history":[{"count":0,"href":"https:\/\/www.europesays.com\/es\/wp-json\/wp\/v2\/posts\/46566\/revisions"}],"wp:featuredmedia":[{"embeddable":true,"href":"https:\/\/www.europesays.com\/es\/wp-json\/wp\/v2\/media\/46567"}],"wp:attachment":[{"href":"https:\/\/www.europesays.com\/es\/wp-json\/wp\/v2\/media?parent=46566"}],"wp:term":[{"taxonomy":"category","embeddable":true,"href":"https:\/\/www.europesays.com\/es\/wp-json\/wp\/v2\/categories?post=46566"},{"taxonomy":"post_tag","embeddable":true,"href":"https:\/\/www.europesays.com\/es\/wp-json\/wp\/v2\/tags?post=46566"}],"curies":[{"name":"wp","href":"https:\/\/api.w.org\/{rel}","templated":true}]}}