{"id":46578,"date":"2025-08-14T09:34:09","date_gmt":"2025-08-14T09:34:09","guid":{"rendered":"https:\/\/www.europesays.com\/es\/46578\/"},"modified":"2025-08-14T09:34:09","modified_gmt":"2025-08-14T09:34:09","slug":"cientos-de-personas-llenan-el-torcal-de-antequera-para-disfrutar-de-las-perseidas","status":"publish","type":"post","link":"https:\/\/www.europesays.com\/es\/46578\/","title":{"rendered":"Cientos de personas llenan El Torcal de Antequera para disfrutar de las Perseidas"},"content":{"rendered":"<p>El paraje malague\u00f1o, a 1.200 metros y con excursiones guiadas, atrae a aficionados de toda Espa\u00f1a y Europa para seguir la lluvia de estrellas y otros fen\u00f3menos astron\u00f3micos\n<\/p>\n<p><img fetchpriority=\"high\" class=\"voc-img\" src=\"https:\/\/www.europesays.com\/es\/wp-content\/uploads\/2025\/08\/Capturadepantalla2025-08-13200423-RlCxCGoZgWg8w5VwlpKwS2J-1200x840@diario_abc.png\" loading=\"eager\" decoding=\"async\" alt=\"Cielo estrellado durante las Perseidas\" width=\"1200\" height=\"840\"\/><\/p>\n<p>Cielo estrellado durante las Perseidas    EP  <\/p>\n<p><img decoding=\"async\" class=\"voc-author__img\" src=\"https:\/\/www.europesays.com\/es\/wp-content\/uploads\/2025\/07\/autor-7291-foto-6.jpeg\" alt=\"Alejandro Trujillo\"\/><\/p>\n<p class=\"voc-p\" style=\"\">El Torcal de Antequera se reafirma como<strong> balc\u00f3n privilegiado<\/strong> para las Perseidas: a 1.200 metros de altitud, con cielo amplio, log\u00edstica espec\u00edfica y material \u00f3ptico en excursiones guiadas, el Observatorio del Torcal ofrece el entorno ideal para seguir la lluvia y aprender a orientarse bajo las estrellas; tras los picos del 11, 12 y 13 de agosto, la campa\u00f1a contin\u00faa viva y el paraje figura entre los <strong>e<\/strong><strong>nclaves m\u00e1s demandados de Europa<\/strong> para las lluvias de estrellas, con aficionados que llegan de toda Espa\u00f1a y del continente. <strong>Cientos de personas<\/strong> ya han acudido a observar el fen\u00f3meno; otros cientos esperan su turno en la lista de espera. Francisco G\u00e1lvez, responsable del Aula del Cielo, ha contado el caso de un joven que viaj\u00f3 desde <strong>Madrid<\/strong> expresamente para vivir la experiencia en el Torcal, ejemplo del tir\u00f3n del enclave entre los <strong>amantes de la astronom\u00eda<\/strong>.<\/p>\n<p class=\"voc-p\" style=\"\">La lluvia, popularmente <strong>l\u00e1grimas de San Lorenzo<\/strong>, se produce cuando la Tierra atraviesa restos del cometa 109P\/Swift-Tuttle: diminutas part\u00edculas penetran a gran rapidez y, por fricci\u00f3n con el aire, se encienden unos instantes. \u00abLas <strong>estrellas fugaces<\/strong> son part\u00edculas que entran en la atm\u00f3sfera a<strong> velocidades alt\u00edsimas<\/strong> y se desintegran\u00bb, ha explicado G\u00e1lvez. A\u00f1ade que las lluvias de meteoros se asocian a cometas que \u00abvan dejando un tubo meteor\u00edtico\u00bb en su \u00f3rbita; al cruzarlo, vemos el desfile de fugaces. La NASA sit\u00faa el periodo del cometa en unos 133 a\u00f1os; regres\u00f3 en 1992 y volver\u00e1 a acercarse en la d\u00e9cada de 2120.<\/p>\n<p class=\"voc-p\" style=\"\">Aunque los meteoros se disfrutan mejor a simple vista, los<strong> telescopios suman valor<\/strong> a la sesi\u00f3n: permiten alternar la espera con observaciones de la Luna, Saturno y otros objetos brillantes. El Observatorio Astron\u00f3mico del Torcal, junto al Centro de Visitantes Torcal Alto, refuerza estos d\u00edas su programaci\u00f3n con salidas vespertinas que combinan explicaci\u00f3n del cielo, planetario al aire libre y observaci\u00f3n con \u00f3ptica; las actividades comienzan sobre las 21.30 y finalizan en torno a la 1.30, con precios de 12 euros (9 euros para jubilados y menores de 12). La demanda ha sido tan alta que la organizaci\u00f3n ha habilitado <strong>lanzaderas<\/strong> hasta las 3.00 para ordenar accesos.<\/p>\n<p class=\"voc-p\" style=\"\">La semana ha dejado adem\u00e1s un espect\u00e1culo que muchos confundieron con la lluvia: la reentrada y fragmentaci\u00f3n sobre Espa\u00f1a de la cuarta etapa del <strong>cohete chino<\/strong> Jielong-3, lanzado el 8 de agosto. La Red de Investigaci\u00f3n de B\u00f3lidos y Meteoritos registr\u00f3 el paso del objeto, que recorri\u00f3 cientos de kil\u00f3metros sobre el sur y el este peninsular antes de desintegrarse. G\u00e1lvez ha se\u00f1alado que son acontecimientos muy diferentes, y que el aspecto \u00aba tiras\u00bb y la descomposici\u00f3n en m\u00faltiples fragmentos encajan con reentradas de etapas de cohetes. El experto tambi\u00e9n ha advertido de que, con el aumento de lanzamientos, ser\u00e1 <strong>m\u00e1s frecuente ver fen\u00f3menos <\/strong><strong>similares<\/strong>.<\/p>\n<p>\nLas Perseidas en Andaluc\u00eda\n<\/p>\n<p class=\"voc-p\" style=\"\">En todo caso, el verano sigue siendo el gran aliado de las <strong>Perseidas<\/strong>. G\u00e1lvez ha precisado que no son siempre la lluvia m\u00e1s caudalosa, aunque s\u00ed la m\u00e1s popular por coincidir con las vacaciones. En condiciones ideales destacan las <strong>Gem\u00ednidas de diciembre<\/strong>, a menudo las m\u00e1s potentes del a\u00f1o; las<strong> Cuadr\u00e1ntidas de enero<\/strong>, breves pero muy intensas; y las hist\u00f3ricas<strong> Le\u00f3nidas de noviembre<\/strong>, c\u00e9lebres por sus \u00abtormentas\u00bb excepcionales.<\/p>\n<p class=\"voc-p\" style=\"\">Para aprovechar las noches que restan, el Aula del Cielo aconseja abarcar una zona amplia del firmamento,<strong> evitar luces directas<\/strong> y tumbarse con paciencia para que la vista se adapte; <strong>no hace falta equipo<\/strong> para disfrutar de los meteoros y las \u00f3pticas se reservan para complementar la experiencia. Es un fen\u00f3meno global observable desde pr\u00e1cticamente cualquier punto del planeta con cielos despejados, y en M\u00e1laga El Torcal ofrece un plus por su altitud, su organizaci\u00f3n y el material espec\u00edfico de sus excursiones guiadas.<\/p>\n<p>Reportar un error<\/p>\n","protected":false},"excerpt":{"rendered":"El paraje malague\u00f1o, a 1.200 metros y con excursiones guiadas, atrae a aficionados de toda Espa\u00f1a y Europa&hellip;\n","protected":false},"author":2,"featured_media":46579,"comment_status":"","ping_status":"","sticky":false,"template":"","format":"standard","meta":{"footnotes":""},"categories":[81],"tags":[6884,119,123,124,7716,2604,25,24,3855,7385,117,121,122,23,118,120],"class_list":{"0":"post-46578","1":"post","2":"type-post","3":"status-publish","4":"format-standard","5":"has-post-thumbnail","7":"category-ciencia-y-tecnologia","8":"tag-cielo","9":"tag-ciencia","10":"tag-ciencia-y-tecnologia","11":"tag-cienciaytecnologia","12":"tag-cita","13":"tag-disfrutar","14":"tag-es","15":"tag-espana","16":"tag-malaga","17":"tag-perseidas","18":"tag-science","19":"tag-science-and-technology","20":"tag-scienceandtechnology","21":"tag-spain","22":"tag-technology","23":"tag-tecnologia"},"share_on_mastodon":{"url":"","error":""},"_links":{"self":[{"href":"https:\/\/www.europesays.com\/es\/wp-json\/wp\/v2\/posts\/46578","targetHints":{"allow":["GET"]}}],"collection":[{"href":"https:\/\/www.europesays.com\/es\/wp-json\/wp\/v2\/posts"}],"about":[{"href":"https:\/\/www.europesays.com\/es\/wp-json\/wp\/v2\/types\/post"}],"author":[{"embeddable":true,"href":"https:\/\/www.europesays.com\/es\/wp-json\/wp\/v2\/users\/2"}],"replies":[{"embeddable":true,"href":"https:\/\/www.europesays.com\/es\/wp-json\/wp\/v2\/comments?post=46578"}],"version-history":[{"count":0,"href":"https:\/\/www.europesays.com\/es\/wp-json\/wp\/v2\/posts\/46578\/revisions"}],"wp:featuredmedia":[{"embeddable":true,"href":"https:\/\/www.europesays.com\/es\/wp-json\/wp\/v2\/media\/46579"}],"wp:attachment":[{"href":"https:\/\/www.europesays.com\/es\/wp-json\/wp\/v2\/media?parent=46578"}],"wp:term":[{"taxonomy":"category","embeddable":true,"href":"https:\/\/www.europesays.com\/es\/wp-json\/wp\/v2\/categories?post=46578"},{"taxonomy":"post_tag","embeddable":true,"href":"https:\/\/www.europesays.com\/es\/wp-json\/wp\/v2\/tags?post=46578"}],"curies":[{"name":"wp","href":"https:\/\/api.w.org\/{rel}","templated":true}]}}